{"id":15083,"date":"2025-11-14T07:48:38","date_gmt":"2025-11-14T10:48:38","guid":{"rendered":"https:\/\/grandepremio.com\/br\/noticias\/chefe-audi-admite-desejo-ter-max-verstappen-futuro-que-tipo-dirigente-seria\/"},"modified":"2025-11-14T11:28:23","modified_gmt":"2025-11-14T14:28:23","slug":"chefe-audi-admite-desejo-ter-max-verstappen-futuro-que-tipo-dirigente-seria","status":"publish","type":"post","link":"https:\/\/grandepremio.com\/br\/f1\/chefe-audi-admite-desejo-ter-max-verstappen-futuro-que-tipo-dirigente-seria\/","title":{"rendered":"Chefe da Audi admite desejo de ter Verstappen no futuro: &#8220;Que tipo de dirigente seria?&#8221;"},"content":{"rendered":"\n<p class=\"wp-block-paragraph\">A <strong>Audi<\/strong> assume definitivamente a estrutura da <strong>Sauber<\/strong> e ingressa como equipe na <strong>F1<\/strong> a partir da temporada 2026, com <strong>Gabriel Bortoleto<\/strong> e <strong>Nico H\u00fclkenberg<\/strong>. A marca alem\u00e3 nunca escondeu a ambi\u00e7\u00e3o por tr\u00e1s do projeto, que \u00e9 repetir o \u00eaxito em outras categorias e se tornar campe\u00e3. Chefe do time, <strong>Jonathan Wheatley<\/strong> tamb\u00e9m mostrou ambi\u00e7\u00e3o e admitiu que deseja contar com <strong>Max Verstappen<\/strong> no futuro.<\/p>\n\n\n\n<p class=\"wp-block-paragraph\">Wheatley tem uma longa rela\u00e7\u00e3o com Verstappen e todo entorno do piloto, pois esteve na <strong>Red Bull<\/strong> desde a estreia do neerland\u00eas na equipe at\u00e9 o ano passado, quando deixou o posto de diretor-esportivo e aceitou a proposta da Audi para assumir como chefe \u2014 primeiro da Sauber, como tem feito em 2025.<\/p>\n\n\n\n<p class=\"wp-block-paragraph\">No entanto, Wheatley fez quest\u00e3o de frisar que o desejo de contar com Verstappen passa muito mais por algo inerente \u00e0 fun\u00e7\u00e3o de chefe de equipe, indicando que est\u00e1 de olho em ter o melhor material humano poss\u00edvel na Audi, do que ter algum tipo de negocia\u00e7\u00e3o acontecendo nesse momento para colocar o tetracampe\u00e3o mundial no lugar de Bortoleto ou H\u00fclkenberg.<\/p>\n\n\n\n<p class=\"wp-block-paragraph\">\u25b6\ufe0f\u00a0<strong>Inscreva-se nos dois canais do GRANDE PR\u00caMIO no YouTube:\u00a0<a href=\"https:\/\/www.youtube.com\/channel\/UC9OlHEgxoaY6QY6nWPoiqQg?sub_confirmation=1\" target=\"_blank\" rel=\"noreferrer noopener\">GP<\/a>\u00a0|\u00a0<a href=\"https:\/\/www.youtube.com\/channel\/UC9csiS6q_C3C0FYhyr1rnFA?sub_confirmation=1\" target=\"_blank\" rel=\"noreferrer noopener\">GP2<\/a><\/strong><\/p>\n\n\n\n<figure class=\"wp-block-image size-large\"><img decoding=\"async\" src=\"https:\/\/www.grandepremio.com\/br\/wp-content\/uploads\/2025\/10\/2025-Japanese-Grand-Prix-Sunday-1200x800.jpg\" alt=\"\" class=\"wp-image-1022073\"\/><figcaption class=\"wp-element-caption\">Jonathan Wheatley (Foto: Sauber)<\/figcaption><\/figure>\n\n\n\n<p class=\"wp-block-paragraph\">&#8220;Sim, quero Max Verstappen pilotando nosso carro. Que tipo de chefe seria se n\u00e3o quisesse isso?&#8221;, disse o chefe da Audi ao jornal neerland\u00eas De Telegraaf.<\/p>\n\n\n\n<p class=\"wp-block-paragraph\">&#8220;Felizmente, estou em uma posi\u00e7\u00e3o na qual tenho amizade com o Max h\u00e1 muito tempo, assim como com seu pai, Jos, e com seu empres\u00e1rio, Raymond [Vermeulen]. \u00c9 uma rela\u00e7\u00e3o que se desenvolveu porque sempre fomos honestos e nunca tra\u00edmos a confian\u00e7a que constru\u00edmos&#8221;, continuou o dirigente da Audi.<\/p>\n\n\n\n<p class=\"wp-block-paragraph\">&#8220;Mas n\u00e3o acho que haja, neste momento, qualquer possibilidade real de uma rela\u00e7\u00e3o direta que leve Verstappen a um lugar na Audi na F1&#8221;, encerrou Wheatley.<\/p>\n\n\n\n<p class=\"wp-block-paragraph\">Ap\u00f3s a passagem pelo Brasil, a\u00a0<a href=\"https:\/\/www.grandepremio.com\/br\/f1\/\" target=\"_blank\" rel=\"noreferrer noopener\">F\u00f3rmula 1<\/a>\u00a0s\u00f3 retorna no fim do m\u00eas, para mais uma edi\u00e7\u00e3o do\u00a0<strong>GP de Las Vegas<\/strong>. A antepen\u00faltima etapa da temporada 2025 acontece entre os dias\u00a0<strong>21 e 23 de novembro<\/strong>, com cobertura completa do\u00a0<strong>GRANDE PR\u00caMIO<\/strong>. Depois, restar\u00e3o apenas as passagens por\u00a0<strong>Catar\u00a0<\/strong>e\u00a0<strong>Abu Dhabi<\/strong>.<\/p>\n\n\n\n<p class=\"wp-block-paragraph\"><strong>\u25b6\ufe0f<\/strong>\u00a0<strong>Onde assistir F1?\u00a0<a href=\"https:\/\/www.grandepremio.com\/br\/f1\/noticias\/formula-1-vai-passar-tv-hoje-onde-assistir-classificacao-gp-sao-paulo-brasil\/\" target=\"_blank\" rel=\"noreferrer noopener\">Veja aqui todas as informa\u00e7\u00f5es<\/a>.<br>\u25b6\ufe0f\u00a0F1: faltam quantas corridas?\u00a0<a href=\"https:\/\/www.grandepremio.com\/br\/f1\/calendario\/\" target=\"_blank\" rel=\"noreferrer noopener\">Veja o calend\u00e1rio da F1<\/a>.<\/strong><\/p>\n\n\n\n<figure class=\"wp-block-embed is-type-video is-provider-youtube wp-block-embed-youtube wp-embed-aspect-16-9 wp-has-aspect-ratio\"><div class=\"wp-block-embed__wrapper\">\n<iframe loading=\"lazy\" title=\"AUDI APRESENTA PINTURA CONCEITUAL DE 2026 E REFOR\u00c7A: META \u00c9 T\u00cdTULO AT\u00c9 2030 | WGP\" width=\"500\" height=\"281\" src=\"https:\/\/www.youtube.com\/embed\/xPa_uJ_DE6U?feature=oembed\" frameborder=\"0\" allow=\"accelerometer; autoplay; clipboard-write; encrypted-media; gyroscope; picture-in-picture; web-share\" referrerpolicy=\"strict-origin-when-cross-origin\" allowfullscreen><\/iframe>\n<\/div><\/figure>\n\n\n\n<p class=\"wp-block-paragraph\"><\/p>\n","protected":false},"excerpt":{"rendered":"<p>Jonathan Wheatley, chefe de equipe da Sauber \u2014 que se tornar\u00e1 Audi em 2026 \u2014 destacou a amizade com o entorno de Max Verstappen, mas ponderou n\u00e3o ter rela\u00e7\u00e3o direta que leve a uma vaga na montadora alem\u00e3<\/p>\n","protected":false},"author":0,"featured_media":1001032792,"comment_status":"closed","ping_status":"closed","sticky":false,"template":"","format":"standard","meta":{"42wp_featured_image_caption":"","42wp_featured_image_credits":"","42wp_featured_video":"","42wp_featured_image_hidden":false,"42wp_authors_list":[],"footnotes":""},"categories":[2],"tags":[654,970,5660,969,147,3630,29516,642,160,180,3628,350,1224,26680,1397,502,1491,30103,28285,21324,3395,203,1521,1714,1197,3073],"42wp_author":[47155],"class_list":["post-15083","post","type-post","status-publish","format-standard","has-post-thumbnail","hentry","category-f1","tag-alexander-albon","tag-audi","tag-classificacao","tag-corrida","tag-f1","tag-f1-2025","tag-f1-2026","tag-f1-ao-vivo","tag-f1-tv","tag-formula-1","tag-formula-1-2025","tag-gabriel-bortoleto","tag-globo","tag-gp-de-sao-paulo","tag-gp-de-singapura","tag-gp-do-brasil","tag-grande-premio","tag-grande-premio-f1","tag-grandepremio","tag-jonathan-wheatley","tag-marina-bay","tag-max-verstappen","tag-nico-hulkenberg","tag-pintura","tag-sauber","tag-singapura","42wp_author-daniel-balsa"],"_links":{"self":[{"href":"https:\/\/grandepremio.com\/br\/wp-json\/wp\/v2\/posts\/15083","targetHints":{"allow":["GET"]}}],"collection":[{"href":"https:\/\/grandepremio.com\/br\/wp-json\/wp\/v2\/posts"}],"about":[{"href":"https:\/\/grandepremio.com\/br\/wp-json\/wp\/v2\/types\/post"}],"replies":[{"embeddable":true,"href":"https:\/\/grandepremio.com\/br\/wp-json\/wp\/v2\/comments?post=15083"}],"version-history":[{"count":0,"href":"https:\/\/grandepremio.com\/br\/wp-json\/wp\/v2\/posts\/15083\/revisions"}],"wp:featuredmedia":[{"embeddable":true,"href":"https:\/\/grandepremio.com\/br\/wp-json\/wp\/v2\/media\/1001032792"}],"wp:attachment":[{"href":"https:\/\/grandepremio.com\/br\/wp-json\/wp\/v2\/media?parent=15083"}],"wp:term":[{"taxonomy":"category","embeddable":true,"href":"https:\/\/grandepremio.com\/br\/wp-json\/wp\/v2\/categories?post=15083"},{"taxonomy":"post_tag","embeddable":true,"href":"https:\/\/grandepremio.com\/br\/wp-json\/wp\/v2\/tags?post=15083"},{"taxonomy":"42wp_author","embeddable":true,"href":"https:\/\/grandepremio.com\/br\/wp-json\/wp\/v2\/42wp_author?post=15083"}],"curies":[{"name":"wp","href":"https:\/\/api.w.org\/{rel}","templated":true}]}}