{"id":15118,"date":"2025-11-12T18:48:16","date_gmt":"2025-11-12T21:48:16","guid":{"rendered":"https:\/\/grandepremio.com\/br\/noticias\/audi-se-ve-direcao-inovadora-reforca-meta-ousada-f1-lancar-projeto-2026\/"},"modified":"2025-11-12T18:51:13","modified_gmt":"2025-11-12T21:51:13","slug":"audi-se-ve-direcao-inovadora-reforca-meta-ousada-f1-lancar-projeto-2026","status":"publish","type":"post","link":"https:\/\/grandepremio.com\/br\/f1\/audi-se-ve-direcao-inovadora-reforca-meta-ousada-f1-lancar-projeto-2026\/","title":{"rendered":"Audi se v\u00ea em &#8220;dire\u00e7\u00e3o inovadora&#8221; e refor\u00e7a meta ousada na F1 ao lan\u00e7ar projeto de 2026"},"content":{"rendered":"\n<p class=\"wp-block-paragraph\">CEO da <strong>Audi<\/strong>, <strong>Gernot D\u00f6llner<\/strong> deixou clara a ambi\u00e7\u00e3o da montadora na estreia na <strong>F\u00f3rmula 1 <\/strong>em <strong>2026<\/strong>. <a href=\"https:\/\/www.grandepremio.com\/br\/f1\/noticias\/audi-revela-pintura-conceitual-carro-estreia-temporada-2026-f1\/\">Durante a apresenta\u00e7\u00e3o do<\/a> <strong>R26 Concept<\/strong>, nesta quarta-feira (12), em <strong>Munique<\/strong>, o executivo afirmou que o ingresso da marca representa uma virada institucional e tecnol\u00f3gica para a empresa. A f\u00e1brica adquiriu a <strong>Sauber<\/strong> e atravessa neste ano uma fase de transi\u00e7\u00e3o, antes do pr\u00f3ximo campeonato, que vai contar um novo regulamento t\u00e9cnico para a maior categoria do <strong>esporte a motor <\/strong>no mundo.<\/p>\n\n\n\n<p class=\"wp-block-paragraph\">&#8220;Ao entrar no auge do automobilismo, a Audi est\u00e1 fazendo uma declara\u00e7\u00e3o clara e ambiciosa. \u00c9 o pr\u00f3ximo cap\u00edtulo na renova\u00e7\u00e3o da empresa. A <strong>F\u00f3rmula 1<\/strong> ser\u00e1 um catalisador para a mudan\u00e7a em dire\u00e7\u00e3o a uma Audi mais enxuta, mais r\u00e1pida e inovadora&#8221;, destacou o dirigente, refor\u00e7ando o papel do projeto dentro da estrat\u00e9gia global da companhia. D\u00f6llner tamb\u00e9m fez quest\u00e3o de sublinhar que a fabricante entra na categoria com o objetivo de competir em alto n\u00edvel, e n\u00e3o apenas marcar presen\u00e7a.<\/p>\n\n\n\n<p class=\"wp-block-paragraph\">&#8220;N\u00e3o estamos entrando na F1 apenas para estar l\u00e1. Queremos vencer. Ao mesmo tempo, sabemos que n\u00e3o se torna uma equipe de ponta da noite para o dia. \u00c9 preciso tempo, perseveran\u00e7a e questionamento incans\u00e1vel do status quo. At\u00e9 2030, queremos lutar pelo t\u00edtulo do Mundial&#8221;, disparou.<\/p>\n\n\n\n<p class=\"wp-block-paragraph\"><strong>\u25b6\ufe0f Onde assistir F1?\u00a0<a href=\"https:\/\/www.grandepremio.com\/br\/f1\/noticias\/formula-1-vai-passar-tv-hoje-onde-assistir-classificacao-gp-sao-paulo-brasil\/\" target=\"_blank\" rel=\"noreferrer noopener\">Veja aqui todas as informa\u00e7\u00f5es<\/a>.<br>\u25b6\ufe0f F1: faltam quantas corridas?\u00a0<a href=\"https:\/\/www.grandepremio.com\/br\/f1\/calendario\/\" target=\"_blank\" rel=\"noreferrer noopener\">Veja o calend\u00e1rio da F1<\/a><\/strong>.<br>\u25b6\ufe0f\u00a0<strong>Inscreva-se nos dois canais do GRANDE PR\u00caMIO no YouTube:\u00a0<a href=\"https:\/\/www.youtube.com\/channel\/UC9OlHEgxoaY6QY6nWPoiqQg?sub_confirmation=1\" target=\"_blank\" rel=\"noreferrer noopener\">GP<\/a>\u00a0|\u00a0<a href=\"https:\/\/www.youtube.com\/channel\/UC9csiS6q_C3C0FYhyr1rnFA?sub_confirmation=1\" target=\"_blank\" rel=\"noreferrer noopener\">GP2<\/a><\/strong><\/p>\n\n\n\n\n\n\n\n<p class=\"wp-block-paragraph\">A fala do CEO marcou o evento que apresentou o primeiro conceito visual da equipe na <strong>F\u00f3rmula 1<\/strong>. O R26 Concept combina tons de cinza, preto de carbono e vermelho, mantendo a identidade tradicional da Audi no automobilismo. A pintura, no entanto, ainda \u00e9 conceitual e poder\u00e1 sofrer ajustes at\u00e9 o lan\u00e7amento oficial do carro, previsto para janeiro de 2026.<\/p>\n\n\n\n<p class=\"wp-block-paragraph\"> A Audi herdar\u00e1 a estrutura da Sauber, agora totalmente sob o comando da montadora alem\u00e3, e contar\u00e1 com <strong>Nico H\u00fclkenberg<\/strong> e <strong>Gabriel Bortoleto<\/strong> como pilotos titulares. O projeto \u00e9 liderado por <strong>Mattia Binotto<\/strong>, ex-<strong>Ferrari<\/strong>, e <strong>Jonathan Wheatley<\/strong>, ex-<strong>Red Bull<\/strong>, sob a supervis\u00e3o direta de D\u00f6llner.<\/p>\n\n\n\n<p class=\"wp-block-paragraph\">A chegada da Audi coincide com o novo regulamento t\u00e9cnico da F\u00f3rmula 1, que passar\u00e1 a adotar unidades de pot\u00eancia mais sustent\u00e1veis, dividindo a gera\u00e7\u00e3o de energia em partes iguais entre eletricidade e combust\u00edveis sint\u00e9ticos. A estreia oficial da equipe est\u00e1 marcada para o <strong>GP da Austr\u00e1lia<\/strong>, entre 6 e 8 de mar\u00e7o de 2026, dando in\u00edcio \u00e0 nova era da categoria.<\/p>\n\n\n\n<p class=\"wp-block-paragraph\">Ap\u00f3s a passagem pelo Brasil, a\u00a0<a href=\"https:\/\/www.grandepremio.com\/br\/f1\/\" target=\"_blank\" rel=\"noreferrer noopener\">F\u00f3rmula 1<\/a>\u00a0s\u00f3 retorna no fim do m\u00eas, para mais uma edi\u00e7\u00e3o do\u00a0<strong>GP de Las Vegas<\/strong>. A antepen\u00faltima etapa da temporada 2025 acontece entre os dias\u00a0<strong>21 e 23 de novembro<\/strong>, com cobertura completa do\u00a0<strong>GRANDE PR\u00caMIO<\/strong>. Depois, restar\u00e3o apenas as passagens por\u00a0<strong>Catar\u00a0<\/strong>e\u00a0<strong>Abu Dhabi<\/strong>.<\/p>\n\n\n\n<figure class=\"wp-block-embed is-type-video is-provider-youtube wp-block-embed-youtube wp-embed-aspect-16-9 wp-has-aspect-ratio\"><div class=\"wp-block-embed__wrapper\">\n<iframe loading=\"lazy\" title=\"F1: GUERRA EXPLODE NA FERRARI: DIRE\u00c7\u00c3O CONTRA HAMILTON E LECLERC. J\u00c1 ERA? | Paddock Sprint\" width=\"500\" height=\"281\" src=\"https:\/\/www.youtube.com\/embed\/kA3EVXyI1ic?feature=oembed\" frameborder=\"0\" allow=\"accelerometer; autoplay; clipboard-write; encrypted-media; gyroscope; picture-in-picture; web-share\" referrerpolicy=\"strict-origin-when-cross-origin\" allowfullscreen><\/iframe>\n<\/div><\/figure>\n","protected":false},"excerpt":{"rendered":"<p>Montadora alem\u00e3 revelou o Audi R26 Concept, que antecipa a identidade visual do projeto e mira disputar o t\u00edtulo mundial at\u00e9 2030 na F\u00f3rmula 1<\/p>\n","protected":false},"author":0,"featured_media":1001033642,"comment_status":"closed","ping_status":"closed","sticky":false,"template":"","format":"standard","meta":{"42wp_featured_image_caption":"","42wp_featured_image_credits":"","42wp_featured_video":"","42wp_featured_image_hidden":false,"42wp_authors_list":[],"footnotes":""},"categories":[2],"tags":[654,27776,34186,27487,970,29854,39086,41965,2644,5660,8235,41950,969,147,3630,29516,642,11958,160,41966,180,3628,350,1224,1397,1491,30103,28285,21324,3395,1521,1714,1197,3073],"42wp_author":[47169],"class_list":["post-15118","post","type-post","status-publish","format-standard","has-post-thumbnail","hentry","category-f1","tag-alexander-albon","tag-assistir-f1-ao-vivo","tag-assistir-f1-gratis","tag-assistir-f1-online","tag-audi","tag-audi-f1","tag-calendario-f1-2025","tag-calendario-f1-2025-horarios","tag-calor","tag-classificacao","tag-classificacao-da-f1","tag-classificacao-f1-2025","tag-corrida","tag-f1","tag-f1-2025","tag-f1-2026","tag-f1-ao-vivo","tag-f1-live","tag-f1-tv","tag-f1-tv-2025","tag-formula-1","tag-formula-1-2025","tag-gabriel-bortoleto","tag-globo","tag-gp-de-singapura","tag-grande-premio","tag-grande-premio-f1","tag-grandepremio","tag-jonathan-wheatley","tag-marina-bay","tag-nico-hulkenberg","tag-pintura","tag-sauber","tag-singapura","42wp_author-rainne-yuka"],"_links":{"self":[{"href":"https:\/\/grandepremio.com\/br\/wp-json\/wp\/v2\/posts\/15118","targetHints":{"allow":["GET"]}}],"collection":[{"href":"https:\/\/grandepremio.com\/br\/wp-json\/wp\/v2\/posts"}],"about":[{"href":"https:\/\/grandepremio.com\/br\/wp-json\/wp\/v2\/types\/post"}],"replies":[{"embeddable":true,"href":"https:\/\/grandepremio.com\/br\/wp-json\/wp\/v2\/comments?post=15118"}],"version-history":[{"count":0,"href":"https:\/\/grandepremio.com\/br\/wp-json\/wp\/v2\/posts\/15118\/revisions"}],"wp:featuredmedia":[{"embeddable":true,"href":"https:\/\/grandepremio.com\/br\/wp-json\/wp\/v2\/media\/1001033642"}],"wp:attachment":[{"href":"https:\/\/grandepremio.com\/br\/wp-json\/wp\/v2\/media?parent=15118"}],"wp:term":[{"taxonomy":"category","embeddable":true,"href":"https:\/\/grandepremio.com\/br\/wp-json\/wp\/v2\/categories?post=15118"},{"taxonomy":"post_tag","embeddable":true,"href":"https:\/\/grandepremio.com\/br\/wp-json\/wp\/v2\/tags?post=15118"},{"taxonomy":"42wp_author","embeddable":true,"href":"https:\/\/grandepremio.com\/br\/wp-json\/wp\/v2\/42wp_author?post=15118"}],"curies":[{"name":"wp","href":"https:\/\/api.w.org\/{rel}","templated":true}]}}