{"id":15210,"date":"2025-11-10T04:45:00","date_gmt":"2025-11-10T07:45:00","guid":{"rendered":"https:\/\/grandepremio.com\/br\/noticias\/lando-norris-explica-relacao-midia-impulsionou-lideranca-eu-me-importava-muito\/"},"modified":"2025-11-10T12:55:46","modified_gmt":"2025-11-10T15:55:46","slug":"lando-norris-explica-relacao-midia-impulsionou-lideranca-eu-me-importava-muito","status":"publish","type":"post","link":"https:\/\/grandepremio.com\/br\/f1\/lando-norris-explica-relacao-midia-impulsionou-lideranca-eu-me-importava-muito\/","title":{"rendered":"Norris diz que rela\u00e7\u00e3o com m\u00eddia impulsionou lideran\u00e7a: &#8220;Eu me importava muito&#8221;"},"content":{"rendered":"\n<p class=\"wp-block-paragraph\">Com o resultado do <strong>GP de S\u00e3o Paulo<\/strong> <a href=\"https:\/\/www.grandepremio.com\/br\/f1\/noticias\/lando-norris-vence-gp-de-sao-paulo-max-verstappen-podio-gabriel-bortoleto-abandona\/\">do \u00faltimo domingo (9)<\/a>, <strong>Lando Norris<\/strong> comprovou a boa fase que vive na <strong>F\u00f3rmula 1<\/strong>. O brit\u00e2nico desembarcou em <strong>Interlagos<\/strong> na lideran\u00e7a do Mundial, com 1 ponto a mais que <strong>Oscar Piastri<\/strong>, principal rival e companheiro de <strong>McLaren<\/strong>, e deixou o pa\u00eds com uma vantagem de 24 tentos. O dono do <strong>#4<\/strong> explicou como esse crescimento recente tem muito a ver com a maneira como aprendeu a lidar com a imprensa.<\/p>\n\n\n\n<p class=\"wp-block-paragraph\">O piloto detalhou que a boa fase se deve \u2014 pelo menos em parte \u2014 \u00e0 escolha de n\u00e3o dar aten\u00e7\u00e3o \u00e0s falas mal-intencionadas. Al\u00e9m disso, mostrou que a quest\u00e3o \u00e9 algo que tem trabalhado ao longo do ano, destacando a import\u00e2ncia da autoconfian\u00e7a em situa\u00e7\u00f5es de alta exposi\u00e7\u00e3o na categoria.<\/p>\n\n\n\n<p class=\"wp-block-paragraph\">&#8220;Sempre existem pessoas por a\u00ed querendo te deixar um pouco para baixo. Considero isso normal. Mas quando voc\u00ea est\u00e1 em grande exposi\u00e7\u00e3o, muitas pessoas falam coisas, tentam influenciar outras para causar impacto. Voc\u00ea escuta os aplausos e as vaias, n\u00e3o \u00e9 a coisa mais legal&#8221;, disse Norris na coletiva de imprensa ap\u00f3s a etapa brasileira.<\/p>\n\n\n\n<p class=\"wp-block-paragraph\">&#8220;Mas \u00e9 algo com que tenho lidado bem nos \u00faltimos meses. Dou muita import\u00e2ncia \u00e0 perspectiva dos outros, a como sou retratado e a coisas com a m\u00eddia. J\u00e1 me importei demais, provavelmente. At\u00e9 no come\u00e7o deste ano, dava muita import\u00e2ncia a isso e provavelmente n\u00e3o estava me afetando de um jeito bom&#8221;, admitiu.<\/p>\n\n\n\n<figure class=\"wp-block-image size-large\"><img decoding=\"async\" src=\"https:\/\/www.grandepremio.com\/br\/wp-content\/uploads\/2025\/11\/sao-paulo-2025-f1-corrida-mclaren-lando-norris-berton-18-1200x800.jpg\" alt=\"\" class=\"wp-image-1032762\"\/><figcaption class=\"wp-element-caption\">Lando Norris dominou o GP de S\u00e3o Paulo (Foto: Rodrigo Berton\/Ag\u00eancia Warm Up)<\/figcaption><\/figure>\n\n\n\n<p class=\"wp-block-paragraph\">\u25b6\ufe0f <strong>Onde assistir F1?\u00a0<a href=\"https:\/\/www.grandepremio.com\/br\/f1\/noticias\/formula-1-vai-passar-tv-hoje-onde-assistir-classificacao-gp-sao-paulo-brasil\/\" target=\"_blank\" rel=\"noreferrer noopener\">Veja aqui todas as informa\u00e7\u00f5es<\/a><\/strong><br>\u25b6\ufe0f <strong>F1: faltam quantas corridas?\u00a0<a href=\"https:\/\/www.grandepremio.com\/br\/f1\/calendario\/\" target=\"_blank\" rel=\"noreferrer noopener\">Veja o calend\u00e1rio da F1<\/a><\/strong><\/p>\n\n\n\n<p class=\"wp-block-paragraph\">&#8220;Aprendi a lidar melhor com essas coisas. N\u00e3o que n\u00e3o me importe, porque continuo querendo causar boa impress\u00e3o. Nunca quero ser rude ou coisa assim, mas sempre tentarei dar minha opini\u00e3o e dizer o que acredito&#8221;, prosseguiu.<\/p>\n\n\n\n<p class=\"wp-block-paragraph\">&#8220;Uma das coisas que mais aprendi foi: simplesmente seja honesto com voc\u00ea, tenha confian\u00e7a, acredite em voc\u00ea e diga o que est\u00e1 na sua cabe\u00e7a. \u00c9 mais uma quest\u00e3o de se manter concentrado e confiar em mim mesmo&#8221;, finalizou.<\/p>\n\n\n\n<p class=\"wp-block-paragraph\">No topo do <strong>Mundial de Pilotos<\/strong>, Norris j\u00e1 somou 390 pontos na temporada. A <strong>McLaren<\/strong>, que j\u00e1 conquistou o t\u00edtulo no <strong>Mundial de Construtores<\/strong>, chegou aos 756 no GP de S\u00e3o Paulo.<\/p>\n\n\n\n<p class=\"wp-block-paragraph\">Ap\u00f3s a passagem pelo Brasil, a\u00a0<a href=\"https:\/\/www.grandepremio.com\/br\/f1\/\" target=\"_blank\" rel=\"noreferrer noopener\">F\u00f3rmula 1<\/a>\u00a0s\u00f3 retorna no fim do m\u00eas, para mais uma edi\u00e7\u00e3o do\u00a0<strong>GP de Las Vegas<\/strong>. A antepen\u00faltima etapa da temporada 2025 acontece entre os dias\u00a0<strong>21 e 23 de novembro<\/strong>, com cobertura completa do\u00a0<strong>GRANDE PR\u00caMIO<\/strong>. Depois, restar\u00e3o apenas as passagens por\u00a0<strong>Catar\u00a0<\/strong>e\u00a0<strong>Abu Dhabi<\/strong>.<\/p>\n\n\n\n<figure class=\"wp-block-embed is-type-video is-provider-youtube wp-block-embed-youtube wp-embed-aspect-16-9 wp-has-aspect-ratio\"><div class=\"wp-block-embed__wrapper\">\n<iframe loading=\"lazy\" title=\"GP BRASIL: NORRIS VENCE, VERSTAPPEN 3\u00ba: COMO FICOU A CLASSIFICA\u00c7\u00c3O DA F1 | BRIEFING [grande premio]\" width=\"500\" height=\"281\" src=\"https:\/\/www.youtube.com\/embed\/4yLvXWMciUI?feature=oembed\" frameborder=\"0\" allow=\"accelerometer; autoplay; clipboard-write; encrypted-media; gyroscope; picture-in-picture; web-share\" referrerpolicy=\"strict-origin-when-cross-origin\" allowfullscreen><\/iframe>\n<\/div><\/figure>\n\n\n\n<p class=\"wp-block-paragraph\"><\/p>\n","protected":false},"excerpt":{"rendered":"<p>Lando Norris destacou papel que autoconfian\u00e7a teve neste momento de ascens\u00e3o na temporada 2025. O l\u00edder do campeonato disse que &#8220;aprendeu a lidar melhor&#8221; com cr\u00edticas<\/p>\n","protected":false},"author":0,"featured_media":1001032552,"comment_status":"closed","ping_status":"closed","sticky":false,"template":"","format":"standard","meta":{"42wp_featured_image_caption":"","42wp_featured_image_credits":"","42wp_featured_video":"","42wp_featured_image_hidden":false,"42wp_authors_list":[],"footnotes":""},"categories":[2],"tags":[26000,5660,3630,642,45094,36992,16952,26680,547,90,4928,37605,43426,30806,37737],"42wp_author":[47167],"class_list":["post-15210","post","type-post","status-publish","format-standard","has-post-thumbnail","hentry","category-f1","tag-audiencia-da-tv","tag-classificacao","tag-f1-2025","tag-f1-ao-vivo","tag-fim-de-semana-sao-paulo","tag-gp-brasileiro","tag-gp-de-interlagos","tag-gp-de-sao-paulo","tag-lando-norris","tag-mclaren","tag-mclaren-f1","tag-mclaren-formula-1","tag-norris-2025","tag-norris-f1","tag-norris-formula-1","42wp_author-julia-palomares-aro"],"_links":{"self":[{"href":"https:\/\/grandepremio.com\/br\/wp-json\/wp\/v2\/posts\/15210","targetHints":{"allow":["GET"]}}],"collection":[{"href":"https:\/\/grandepremio.com\/br\/wp-json\/wp\/v2\/posts"}],"about":[{"href":"https:\/\/grandepremio.com\/br\/wp-json\/wp\/v2\/types\/post"}],"replies":[{"embeddable":true,"href":"https:\/\/grandepremio.com\/br\/wp-json\/wp\/v2\/comments?post=15210"}],"version-history":[{"count":0,"href":"https:\/\/grandepremio.com\/br\/wp-json\/wp\/v2\/posts\/15210\/revisions"}],"wp:featuredmedia":[{"embeddable":true,"href":"https:\/\/grandepremio.com\/br\/wp-json\/wp\/v2\/media\/1001032552"}],"wp:attachment":[{"href":"https:\/\/grandepremio.com\/br\/wp-json\/wp\/v2\/media?parent=15210"}],"wp:term":[{"taxonomy":"category","embeddable":true,"href":"https:\/\/grandepremio.com\/br\/wp-json\/wp\/v2\/categories?post=15210"},{"taxonomy":"post_tag","embeddable":true,"href":"https:\/\/grandepremio.com\/br\/wp-json\/wp\/v2\/tags?post=15210"},{"taxonomy":"42wp_author","embeddable":true,"href":"https:\/\/grandepremio.com\/br\/wp-json\/wp\/v2\/42wp_author?post=15210"}],"curies":[{"name":"wp","href":"https:\/\/api.w.org\/{rel}","templated":true}]}}