{"id":15261,"date":"2025-11-09T10:49:22","date_gmt":"2025-11-09T13:49:22","guid":{"rendered":"https:\/\/grandepremio.com\/br\/noticias\/max-verstappen-larga-dos-boxes-apos-red-bull-mudar-acertos-motor-gp-sao-paulo\/"},"modified":"2025-11-09T13:04:01","modified_gmt":"2025-11-09T16:04:01","slug":"max-verstappen-larga-dos-boxes-apos-red-bull-mudar-acertos-motor-gp-sao-paulo","status":"publish","type":"post","link":"https:\/\/grandepremio.com\/br\/f1\/max-verstappen-larga-dos-boxes-apos-red-bull-mudar-acertos-motor-gp-sao-paulo\/","title":{"rendered":"Verstappen larga dos boxes ap\u00f3s Red Bull mudar acertos e motor no GP de S\u00e3o Paulo"},"content":{"rendered":"\n<p class=\"wp-block-paragraph\">A <strong>Red Bull<\/strong> quebrou o regime de parque fechado e promoveu uma s\u00e9rie de mudan\u00e7as no carro de <strong>Max Verstappen<\/strong>, que sofreu para conquistar a 16\u00aa posi\u00e7\u00e3o na classifica\u00e7\u00e3o do <strong>GP de S\u00e3o Paulo<\/strong>. Por consequ\u00eancia, o neerland\u00eas levou a puni\u00e7\u00e3o de largar dos boxes na etapa da <strong>F1<\/strong> no <strong>Brasil<\/strong> deste domingo (9). <strong>Esteban Ocon<\/strong> tamb\u00e9m entrou na lista de sancionados por mudan\u00e7a no motor de combust\u00e3o interna.<\/p>\n\n\n\n<p class=\"wp-block-paragraph\">Verstappen terminou a classifica\u00e7\u00e3o muito insatisfeito com o desempenho da Red Bull, reportando falta de ader\u00eancia do carro em <strong>Interlagos.<\/strong> Com o neerland\u00eas pr\u00f3ximo ao fim do grid, a op\u00e7\u00e3o foi revisar os acertos do<strong> RB21<\/strong> para o GP de S\u00e3o Paulo de F1. As mudan\u00e7as tamb\u00e9m foram nos componentes da unidade de pot\u00eancia \u2014 motor de <strong>combust\u00e3o interna<\/strong>, <strong>turbo<\/strong>, <strong>MGU-H<\/strong> e <strong>MGU-K<\/strong>, que excederam o limite regulamentar. Tamb\u00e9m foram trocados o componente de armazenamento de energia, exaustor e central eletr\u00f4nicas, mas essas ainda est\u00e3o dentro do limite imposto pelas regras.<\/p>\n\n\n\n<p class=\"wp-block-paragraph\">Outra mudan\u00e7a no carro de Verstappen foi no ajuste da suspens\u00e3o do carro, o que n\u00e3o \u00e9 permitido em regime de parque fechado. Horas antes do an\u00fancio das puni\u00e7\u00f5es, o <strong>GRANDE PR\u00caMIO<\/strong> apurou que a Red Bull j\u00e1 fazia ajustes no carro, mas mantinha tudo sob mist\u00e9rio. Ouvindo alguns membros da equipe, todos confirmaram mudan\u00e7as no RB21, por\u00e9m, despistaram quais eram as altera\u00e7\u00f5es, escondendo at\u00e9 mesmo a troca da unidade de pot\u00eancia.<\/p>\n\n\n\n<p class=\"wp-block-paragraph\">A Red Bull tamb\u00e9m aproveitou para trocar todo conjunto do motor de Verstappen, que passa a ter uma unidade de pot\u00eancia nova para as \u00faltimas quatro corridas do campeonato. Vale destacar que <strong>Lando Norris<\/strong> e <strong>Oscar Piastri<\/strong>, advers\u00e1rios na disputa pelo t\u00edtulo, est\u00e3o pendurados nesse quesito e utilizam pe\u00e7as bem mais desgastadas que o neerland\u00eas.<\/p>\n\n\n\n<figure class=\"wp-block-image size-large\"><img decoding=\"async\" src=\"https:\/\/www.grandepremio.com\/br\/wp-content\/uploads\/2025\/11\/sao-paulo-2025-f1-classificacao-sprint-red-bull-max-verstappen-berton-08-1200x800.jpg\" alt=\"\" class=\"wp-image-1030942\"\/><figcaption class=\"wp-element-caption\">Max Verstappen (Foto: Rodrigo Berton\/Ag\u00eancia Warm Up)<\/figcaption><\/figure>\n\n\n\n<p class=\"wp-block-paragraph\">As mudan\u00e7as fazem parte de uma tentativa da Red Bull manter Verstappen na briga pelo t\u00edtulo, ap\u00f3s a falta de competitividade na classifica\u00e7\u00e3o. Questionado pelo <strong>GRANDE PR\u00caMIO<\/strong> sobre o que fazer para mudar as coisas, o neerland\u00eas reclamou que a equipe n\u00e3o entendeu os problemas em Interlagos.<\/p>\n\n\n\n<p class=\"wp-block-paragraph\">\u201cPrecisamos entender quais s\u00e3o os nossos problemas, antes de mais nada. N\u00e3o \u00e9 simplesmente uma quest\u00e3o de estar bem. Parece que realmente n\u00e3o entendemos por que as coisas est\u00e3o indo por esse caminho\u201d, lamentou Verstappen.<\/p>\n\n\n\n<p class=\"wp-block-paragraph\">O\u00a0<strong>GRANDE PR\u00caMIO<\/strong>\u00a0acompanha todas as atividades\u00a0<strong><a href=\"https:\/\/www.grandepremio.com\/br\/f1\/ao-vivo\" target=\"_blank\" rel=\"noreferrer noopener\">AO VIVO E EM\u00a0<\/a><a href=\"https:\/\/www.grandepremio.com\/br\/ao-vivo\/\" target=\"_blank\" rel=\"noreferrer noopener\">TEMPO REAL<\/a><\/strong>, al\u00e9m de classifica\u00e7\u00f5es, sprint e corrida em\u00a0<strong><a href=\"https:\/\/www.youtube.com\/@GrandePremio1\/streams\" target=\"_blank\" rel=\"noreferrer noopener\">SEGUNDA TELA no YouTube<\/a><\/strong>, em parceria com a Voz do Esporte. O\u00a0<strong>Briefing<\/strong>\u00a0chega para analisar ap\u00f3s o fim de cada dia de atividades nas redes sociais e na GPTV.<\/p>\n\n\n\n<p class=\"wp-block-paragraph\">Al\u00e9m da cobertura tradicional, o&nbsp;<strong>GRANDE PR\u00caMIO<\/strong>&nbsp;estar\u00e1&nbsp;<strong>IN LOCO<\/strong>&nbsp;em<strong>&nbsp;<a href=\"https:\/\/www.grandepremio.com\/br\/circuito\/interlagos\/\" target=\"_blank\" rel=\"noreferrer noopener\">Interlagos<\/a>&nbsp;<\/strong>para acompanhar todas as emo\u00e7\u00f5es da etapa com os rep\u00f3rteres&nbsp;<strong>Pedro Henrique Marum<\/strong>,<strong>&nbsp;Evelyn Guimar\u00e3es<\/strong>,&nbsp;<strong>Luana Marino<\/strong>&nbsp;e&nbsp;<strong>Daniel Balsa<\/strong>.<\/p>\n\n\n\n<p class=\"wp-block-paragraph\"><strong>GP de&nbsp;<a href=\"https:\/\/www.grandepremio.com\/br\/circuito\/sao-paulo\/\" target=\"_blank\" rel=\"noreferrer noopener\">S\u00e3o Paulo<\/a>&nbsp;de F1: veja os hor\u00e1rios em Brasil, Cabo Verde,&nbsp;<a href=\"https:\/\/grandepremio.pt\/\" target=\"_blank\" rel=\"noreferrer noopener\">Portugal<\/a>, Angola e Mo\u00e7ambique:<\/strong><\/p>\n\n\n\n<figure class=\"wp-block-table\"><table class=\"has-fixed-layout\"><tbody><tr><td><strong>Sess\u00e3o<\/strong><\/td><td><strong>BRA*<\/strong><\/td><td><strong>CBV<\/strong><\/td><td><strong>POR<\/strong><br><strong>ANG<\/strong><\/td><td><strong>MOZ<\/strong><\/td><\/tr><tr><td>Corrida<\/td><td>14:00<\/td><td>16:00<\/td><td>18:00<\/td><td>19:00<\/td><\/tr><\/tbody><\/table><\/figure>\n\n\n\n<p class=\"wp-block-paragraph\"><em>*Hor\u00e1rio de Bras\u00edlia<\/em><\/p>\n\n\n\n<p class=\"wp-block-paragraph\">\u25b6\ufe0f Onde assistir F1?&nbsp;<a href=\"https:\/\/www.grandepremio.com\/br\/f1\/noticias\/formula-1-vai-passar-tv-hoje-onde-assistir-classificacao-gp-sao-paulo-brasil\/\" target=\"_blank\" rel=\"noreferrer noopener\">Veja aqui todas as informa\u00e7\u00f5es<\/a>.<br>\u25b6\ufe0f F1: faltam quantas corridas?&nbsp;<a href=\"https:\/\/www.grandepremio.com\/br\/f1\/calendario\/\" target=\"_blank\" rel=\"noreferrer noopener\">Veja o calend\u00e1rio da F1<\/a>.<\/p>\n\n\n\n<p class=\"wp-block-paragraph\">\u25b6\ufe0f&nbsp;<strong>Inscreva-se nos dois canais do GRANDE PR\u00caMIO no YouTube:&nbsp;<a href=\"https:\/\/www.youtube.com\/channel\/UC9OlHEgxoaY6QY6nWPoiqQg?sub_confirmation=1\" target=\"_blank\" rel=\"noreferrer noopener\">GP<\/a>&nbsp;|&nbsp;<a href=\"https:\/\/www.youtube.com\/channel\/UC9csiS6q_C3C0FYhyr1rnFA?sub_confirmation=1\" target=\"_blank\" rel=\"noreferrer noopener\">GP2<\/a><\/strong><\/p>\n\n\n\n<figure class=\"wp-block-embed is-type-video is-provider-youtube wp-block-embed-youtube wp-embed-aspect-16-9 wp-has-aspect-ratio\"><div class=\"wp-block-embed__wrapper\">\n<iframe loading=\"lazy\" title=\"NORRIS POLE, VERSTAPPEN FRACASSA, BORTOLETO 20\u00ba: GRID de LARGADA da F1 no BRASIL | BRIEFING\" width=\"500\" height=\"281\" src=\"https:\/\/www.youtube.com\/embed\/u4l0TKRWcJs?feature=oembed\" frameborder=\"0\" allow=\"accelerometer; autoplay; clipboard-write; encrypted-media; gyroscope; picture-in-picture; web-share\" referrerpolicy=\"strict-origin-when-cross-origin\" allowfullscreen><\/iframe>\n<\/div><\/figure>\n","protected":false},"excerpt":{"rendered":"<p>Com mudan\u00e7as no motor, Max Verstappen e Esteban Ocon v\u00e3o largar do pit-lane no GP do Brasil em S\u00e3o Paulo deste domingo (9)<\/p>\n","protected":false},"author":0,"featured_media":1001032081,"comment_status":"closed","ping_status":"closed","sticky":false,"template":"","format":"standard","meta":{"42wp_featured_image_caption":"","42wp_featured_image_credits":"","42wp_featured_video":"","42wp_featured_image_hidden":false,"42wp_authors_list":[],"footnotes":""},"categories":[2],"tags":[783,45085,2084,26271,5273,302,147,3630,180,3628,26680,33329,1491,28285,119,30840,124,44101,32942,35129,2477,2380,44100,36865,42001,3758],"42wp_author":[47155,47158],"class_list":["post-15261","post","type-post","status-publish","format-standard","has-post-thumbnail","hentry","category-f1","tag-brasil","tag-brasil-2025","tag-brasil-f1","tag-calendario-f1","tag-classificacao-f1","tag-esteban-ocon","tag-f1","tag-f1-2025","tag-formula-1","tag-formula-1-2025","tag-gp-de-sao-paulo","tag-gp-de-sao-paulo-f1","tag-grande-premio","tag-grandepremio","tag-haas","tag-horarios-f1","tag-interlagos","tag-interlagos-2025","tag-interlagos-f1","tag-onde-assistir-f1","tag-punicao","tag-sao-paulo","tag-sao-paulo-2025","tag-sao-paulo-f1","tag-temporada-2025-f1","tag-troca-de-motor","42wp_author-daniel-balsa","42wp_author-warm-up"],"_links":{"self":[{"href":"https:\/\/grandepremio.com\/br\/wp-json\/wp\/v2\/posts\/15261","targetHints":{"allow":["GET"]}}],"collection":[{"href":"https:\/\/grandepremio.com\/br\/wp-json\/wp\/v2\/posts"}],"about":[{"href":"https:\/\/grandepremio.com\/br\/wp-json\/wp\/v2\/types\/post"}],"replies":[{"embeddable":true,"href":"https:\/\/grandepremio.com\/br\/wp-json\/wp\/v2\/comments?post=15261"}],"version-history":[{"count":0,"href":"https:\/\/grandepremio.com\/br\/wp-json\/wp\/v2\/posts\/15261\/revisions"}],"wp:featuredmedia":[{"embeddable":true,"href":"https:\/\/grandepremio.com\/br\/wp-json\/wp\/v2\/media\/1001032081"}],"wp:attachment":[{"href":"https:\/\/grandepremio.com\/br\/wp-json\/wp\/v2\/media?parent=15261"}],"wp:term":[{"taxonomy":"category","embeddable":true,"href":"https:\/\/grandepremio.com\/br\/wp-json\/wp\/v2\/categories?post=15261"},{"taxonomy":"post_tag","embeddable":true,"href":"https:\/\/grandepremio.com\/br\/wp-json\/wp\/v2\/tags?post=15261"},{"taxonomy":"42wp_author","embeddable":true,"href":"https:\/\/grandepremio.com\/br\/wp-json\/wp\/v2\/42wp_author?post=15261"}],"curies":[{"name":"wp","href":"https:\/\/api.w.org\/{rel}","templated":true}]}}