{"id":15271,"date":"2025-11-09T03:00:00","date_gmt":"2025-11-09T06:00:00","guid":{"rendered":"https:\/\/grandepremio.com\/br\/noticias\/formula-1-vai-passar-tv-hoje-onde-assistir-gp-sao-paulo-brasil\/"},"modified":"2025-11-08T18:27:40","modified_gmt":"2025-11-08T21:27:40","slug":"formula-1-vai-passar-tv-hoje-onde-assistir-gp-sao-paulo-brasil","status":"publish","type":"post","link":"https:\/\/grandepremio.com\/br\/f1\/formula-1-vai-passar-tv-hoje-onde-assistir-gp-sao-paulo-brasil\/","title":{"rendered":"F\u00f3rmula 1 vai passar na TV hoje? Onde assistir ao GP de S\u00e3o Paulo"},"content":{"rendered":"\n<p class=\"wp-block-paragraph\">A<strong>\u00a0<a href=\"https:\/\/www.grandepremio.com\/br\/f1\/\" target=\"_blank\" rel=\"noreferrer noopener\"><\/a>F\u00f3rmula 1<\/strong>\u00a0est\u00e1 em\u00a0<strong><a href=\"https:\/\/www.grandepremio.com\/br\/circuito\/sao-paulo\/\" target=\"_blank\" rel=\"noreferrer noopener\">S\u00e3o Paulo<\/a><\/strong>, no\u00a0<strong>Aut\u00f3dromo de\u00a0<a href=\"https:\/\/www.grandepremio.com\/br\/circuito\/interlagos\/\" target=\"_blank\" rel=\"noreferrer noopener\">Interlagos<\/a><\/strong>, neste fim de semana, e hoje (9) \u00e9 dedicado exclusivamente \u00e0 corrida principal, que acontece no per\u00edodo da tarde. Portanto, confira a seguir a programa\u00e7\u00e3o do dia.<\/p>\n\n\n\n<p class=\"wp-block-paragraph\">Neste fim de semana, a\u00a0F1\u00a0voltou ao formato sprint,\u00a0com apenas um treino livre antes da\u00a0classifica\u00e7\u00e3o sprint\u00a0j\u00e1 na sexta-feira em\u00a0<a href=\"https:\/\/www.grandepremio.com\/br\/circuito\/sao-paulo\/\" target=\"_blank\" rel=\"noreferrer noopener\"><\/a><a href=\"https:\/\/www.grandepremio.com\/br\/circuito\/sao-paulo\/\" target=\"_blank\" rel=\"noreferrer noopener\">S\u00e3o Paulo<\/a>. No s\u00e1bado (8), a corrida sprint abriu o dia, enquanto a classifica\u00e7\u00e3o veio logo depois.<\/p>\n\n\n\n<p class=\"wp-block-paragraph\">A largada do\u00a0<strong>GP de\u00a0<a href=\"https:\/\/www.grandepremio.com\/br\/circuito\/sao-paulo\/\" target=\"_blank\" rel=\"noreferrer noopener\"><\/a><a href=\"https:\/\/www.grandepremio.com\/br\/circuito\/sao-paulo\/\" target=\"_blank\" rel=\"noreferrer noopener\">S\u00e3o Paulo<\/a><\/strong>\u00a0est\u00e1 programada para as 14h deste domingo (9). O torcedor brasileiro pode acompanhar as atividades na Band, na TV aberta, e na plataforma de streaming F1TV.<\/p>\n\n\n\n<figure class=\"wp-block-image size-large\"><img decoding=\"async\" src=\"https:\/\/www.grandepremio.com\/br\/wp-content\/uploads\/2025\/11\/sao-paulo-2025-f1-classificacao-ferrari-charles-leclerc-berton-10-1200x800.jpg\" alt=\"\" class=\"wp-image-1031978\"\/><figcaption class=\"wp-element-caption\">A largada do GP de S\u00e3o Paulo acontece neste domingo (9) (Foto: Rodrigo Berton\/Ag\u00eancia Warm Up)<\/figcaption><\/figure>\n\n\n\n<p class=\"wp-block-paragraph\">O&nbsp;<strong>GRANDE PR\u00caMIO<\/strong>&nbsp;acompanha todas as atividades&nbsp;<strong><a href=\"https:\/\/www.grandepremio.com\/br\/f1\/ao-vivo\" target=\"_blank\" rel=\"noreferrer noopener\">AO VIVO E EM&nbsp;<\/a><a href=\"https:\/\/www.grandepremio.com\/br\/ao-vivo\/\" target=\"_blank\" rel=\"noreferrer noopener\">TEMPO REAL<\/a><\/strong>, al\u00e9m de classifica\u00e7\u00f5es, sprint e corrida em&nbsp;<strong><a href=\"https:\/\/www.youtube.com\/@GrandePremio1\/streams\" target=\"_blank\" rel=\"noreferrer noopener\">SEGUNDA TELA no YouTube<\/a><\/strong>, em parceria com a Voz do Esporte. O&nbsp;<strong>Briefing<\/strong>&nbsp;chega para analisar ap\u00f3s o fim de cada dia de atividades nas redes sociais e na GPTV. Al\u00e9m da cobertura tradicional, o&nbsp;<strong>GRANDE PR\u00caMIO<\/strong>&nbsp;estar\u00e1&nbsp;<strong>IN LOCO<\/strong>&nbsp;em<strong>&nbsp;<a href=\"https:\/\/www.grandepremio.com\/br\/circuito\/interlagos\/\" target=\"_blank\" rel=\"noreferrer noopener\">Interlagos<\/a>&nbsp;<\/strong>para acompanhar todas as emo\u00e7\u00f5es da etapa com os rep\u00f3rteres&nbsp;<strong>Pedro Henrique Marum<\/strong>,<strong>&nbsp;Evelyn Guimar\u00e3es<\/strong>,&nbsp;<strong>Luana Marino<\/strong>&nbsp;e&nbsp;<strong>Daniel Balsa<\/strong>.<\/p>\n\n\n\n<p class=\"wp-block-paragraph\">\u25b6\ufe0f&nbsp;<strong>Inscreva-se nos dois canais do GRANDE PR\u00caMIO no YouTube:&nbsp;<a href=\"https:\/\/www.youtube.com\/channel\/UC9OlHEgxoaY6QY6nWPoiqQg?sub_confirmation=1\" target=\"_blank\" rel=\"noreferrer noopener\">GP<\/a>&nbsp;|&nbsp;<a href=\"https:\/\/www.youtube.com\/channel\/UC9csiS6q_C3C0FYhyr1rnFA?sub_confirmation=1\" target=\"_blank\" rel=\"noreferrer noopener\">GP2<\/a><\/strong><\/p>\n\n\n\n<figure class=\"wp-block-embed is-type-video is-provider-youtube wp-block-embed-youtube wp-embed-aspect-16-9 wp-has-aspect-ratio\"><div class=\"wp-block-embed__wrapper\">\n<iframe loading=\"lazy\" title=\"ASSISTA \u00c0 CLASSIFICA\u00c7\u00c3O SPRINT DO GP DO BRASL EM S\u00c3O PAULO AO VIVO NO GRANDE PR\u00caMIO | SEGUNDA TELA\" width=\"500\" height=\"281\" src=\"https:\/\/www.youtube.com\/embed\/yRhliA2vA9k?feature=oembed\" frameborder=\"0\" allow=\"accelerometer; autoplay; clipboard-write; encrypted-media; gyroscope; picture-in-picture; web-share\" referrerpolicy=\"strict-origin-when-cross-origin\" allowfullscreen><\/iframe>\n<\/div><\/figure>\n","protected":false},"excerpt":{"rendered":"<p>Hoje (9) \u00e9 dia de corrida em Interlagos. Confira a programa\u00e7\u00e3o completa da F\u00f3rmula 1 neste domingo, em S\u00e3o Paulo<\/p>\n","protected":false},"author":0,"featured_media":1001032018,"comment_status":"closed","ping_status":"closed","sticky":false,"template":"","format":"standard","meta":{"42wp_featured_image_caption":"","42wp_featured_image_credits":"","42wp_featured_video":"","42wp_featured_image_hidden":false,"42wp_authors_list":[],"footnotes":""},"categories":[2],"tags":[783,5660,969,147,3630,642,160,180,3628,26680,1491,30103,28285,124,610,32087],"42wp_author":[47162],"class_list":["post-15271","post","type-post","status-publish","format-standard","has-post-thumbnail","hentry","category-f1","tag-brasil","tag-classificacao","tag-corrida","tag-f1","tag-f1-2025","tag-f1-ao-vivo","tag-f1-tv","tag-formula-1","tag-formula-1-2025","tag-gp-de-sao-paulo","tag-grande-premio","tag-grande-premio-f1","tag-grandepremio","tag-interlagos","tag-largada","tag-onde-assistir","42wp_author-giovani-danjo"],"_links":{"self":[{"href":"https:\/\/grandepremio.com\/br\/wp-json\/wp\/v2\/posts\/15271","targetHints":{"allow":["GET"]}}],"collection":[{"href":"https:\/\/grandepremio.com\/br\/wp-json\/wp\/v2\/posts"}],"about":[{"href":"https:\/\/grandepremio.com\/br\/wp-json\/wp\/v2\/types\/post"}],"replies":[{"embeddable":true,"href":"https:\/\/grandepremio.com\/br\/wp-json\/wp\/v2\/comments?post=15271"}],"version-history":[{"count":0,"href":"https:\/\/grandepremio.com\/br\/wp-json\/wp\/v2\/posts\/15271\/revisions"}],"wp:featuredmedia":[{"embeddable":true,"href":"https:\/\/grandepremio.com\/br\/wp-json\/wp\/v2\/media\/1001032018"}],"wp:attachment":[{"href":"https:\/\/grandepremio.com\/br\/wp-json\/wp\/v2\/media?parent=15271"}],"wp:term":[{"taxonomy":"category","embeddable":true,"href":"https:\/\/grandepremio.com\/br\/wp-json\/wp\/v2\/categories?post=15271"},{"taxonomy":"post_tag","embeddable":true,"href":"https:\/\/grandepremio.com\/br\/wp-json\/wp\/v2\/tags?post=15271"},{"taxonomy":"42wp_author","embeddable":true,"href":"https:\/\/grandepremio.com\/br\/wp-json\/wp\/v2\/42wp_author?post=15271"}],"curies":[{"name":"wp","href":"https:\/\/api.w.org\/{rel}","templated":true}]}}