{"id":15326,"date":"2025-11-08T13:14:05","date_gmt":"2025-11-08T16:14:05","guid":{"rendered":"https:\/\/grandepremio.com\/br\/noticias\/mclaren-comemora-lando-norris-aponta-chance-perdida-para-oscar-piastri-sprint-brasil-formula-1\/"},"modified":"2025-11-08T13:33:50","modified_gmt":"2025-11-08T16:33:50","slug":"mclaren-comemora-lando-norris-aponta-chance-perdida-para-oscar-piastri-sprint-brasil-formula-1","status":"publish","type":"post","link":"https:\/\/grandepremio.com\/br\/f1\/mclaren-comemora-lando-norris-aponta-chance-perdida-para-oscar-piastri-sprint-brasil-formula-1\/","title":{"rendered":"McLaren comemora Norris e aponta &#8220;chance perdida&#8221; para Piastri na sprint do Brasil"},"content":{"rendered":"\n<p class=\"wp-block-paragraph\">A <strong>McLaren<\/strong> tem situa\u00e7\u00f5es distintas para lidar ap\u00f3s a <strong><a href=\"https:\/\/www.grandepremio.com\/br\/f1\/noticias\/lando-norris-segura-kimi-antonelli-vence-sprint-gp-de-sao-paulo-oscar-piastri-gabriel-bortoleto-batem\/\">corrida sprint do GP de S\u00e3o Paulo<\/a><\/strong>, em <strong>Interlagos<\/strong>, na manh\u00e3 deste s\u00e1bado (8). <strong>Lando Norris<\/strong> venceu de ponta a ponta, mas <strong>Oscar Piastri <\/strong>bateu ap\u00f3s perder o carro em trecho molhado da pista e abandonou. No geral, o que fica para o time bicampe\u00e3o do Mundial de Construtores \u00e9 que os dois est\u00e3o veloc\u00edssimos.<\/p>\n\n\n\n<p class=\"wp-block-paragraph\"><strong>Andrea Stella<\/strong>, chefe da McLaren, fez uma avalia\u00e7\u00e3o geral logo ap\u00f3s o final da corrida curta. Vibrou com o fato de Norris levar a melhor e ampliar a vantagem em rela\u00e7\u00e3o a <strong>Max Verstappen<\/strong> <strong><a href=\"https:\/\/www.grandepremio.com\/br\/f1\/noticias\/lando-norris-vence-como-ficou-classificacao-f1-2025-gp-brasil-sao-paulo\/\">para 39 pontos<\/a><\/strong>, mas lamentou o acidente com Piastri.<\/p>\n\n\n\n<p class=\"wp-block-paragraph\">&#8220;Sentimentos mistos aqui. Em primeiro lugar, o mais importante \u00e9 que <strong>Gabriel [Bortoleto]<\/strong> est\u00e1 bem depois do <strong><a href=\"https:\/\/www.grandepremio.com\/br\/f1\/noticias\/gabriel-bortoleto-perde-controle-fim-reta-destroi-sauber-corrida-sprint-interlagos-formula-1\/\">acidente nestas condi\u00e7\u00f5es complicadas<\/a><\/strong>. Isso \u00e9 importante&#8221;, iniciou.<\/p>\n\n\n\n<p class=\"wp-block-paragraph\">&#8220;Sobre a corrida, \u00f3timo resultado para Lando, mas temos de ver como encontrar mais ritmo, porque a Mercedes estava bem pr\u00f3xima. <strong>[Andrea Kimi] Antonelli<\/strong> fez uma corrida fort\u00edssima e pegou at\u00e9 o DRS durante algumas voltas no fim da corrida&#8221;, comentou.<\/p>\n\n\n\n\n\n\n\n<p class=\"wp-block-paragraph\">&#8220;Importante que Lando tenha ganhado alguns pontos para Verstappen e uma oportunidade perdida para Oscar. As condi\u00e7\u00f5es est\u00e3o complicadas e, a\u00ed, voc\u00ea coloca o pneu numa zebra e [a situa\u00e7\u00e3o] \u00e9 imperdo\u00e1vel. N\u00e3o h\u00e1 como controlar o carro. Aconteceu com tr\u00eas pilotos na mesma volta, no mesmo ponto&#8221;, lamentou.<\/p>\n\n\n\n<p class=\"wp-block-paragraph\">&#8220;Uma pena, mas o que mais nos tranquiliza at\u00e9 agora \u00e9 que Lando e Oscar est\u00e3o r\u00e1pidos. Queremos continuar assim, capitalizar na classifica\u00e7\u00e3o e ganhar a corrida amanh\u00e3&#8221;, encerrou o chefe da McLaren.<\/p>\n\n\n\n<p class=\"wp-block-paragraph\">O&nbsp;<strong>GRANDE PR\u00caMIO<\/strong>&nbsp;acompanha todas as atividades&nbsp;<strong><a href=\"https:\/\/www.grandepremio.com\/br\/f1\/ao-vivo\" target=\"_blank\" rel=\"noreferrer noopener\">AO VIVO E EM&nbsp;<\/a><a href=\"https:\/\/www.grandepremio.com\/br\/ao-vivo\/\" target=\"_blank\" rel=\"noreferrer noopener\">TEMPO REAL<\/a><\/strong>, al\u00e9m de classifica\u00e7\u00f5es, sprint e corrida em&nbsp;<strong><a href=\"https:\/\/www.youtube.com\/@GrandePremio1\/streams\" target=\"_blank\" rel=\"noreferrer noopener\">SEGUNDA TELA no YouTube<\/a><\/strong>, em parceria com a Voz do Esporte. O&nbsp;<strong>Briefing<\/strong>&nbsp;chega para analisar ap\u00f3s o fim de cada dia de atividades nas redes sociais e na GPTV.<\/p>\n\n\n\n<p class=\"wp-block-paragraph\">Al\u00e9m da cobertura tradicional, o&nbsp;<strong>GRANDE PR\u00caMIO<\/strong>&nbsp;estar\u00e1&nbsp;<strong>IN LOCO<\/strong>&nbsp;em<strong>&nbsp;<a href=\"https:\/\/www.grandepremio.com\/br\/circuito\/interlagos\/\" target=\"_blank\" rel=\"noreferrer noopener\">Interlagos<\/a>&nbsp;<\/strong>para acompanhar todas as emo\u00e7\u00f5es da etapa com os rep\u00f3rteres&nbsp;<strong>Pedro Henrique Marum<\/strong>,<strong>&nbsp;Evelyn Guimar\u00e3es<\/strong>,&nbsp;<strong>Luana Marino<\/strong>&nbsp;e&nbsp;<strong>Daniel Balsa<\/strong>.<\/p>\n\n\n\n<p class=\"wp-block-paragraph\"><strong>GP de&nbsp;<a href=\"https:\/\/www.grandepremio.com\/br\/circuito\/sao-paulo\/\" target=\"_blank\" rel=\"noreferrer noopener\">S\u00e3o Paulo<\/a>&nbsp;de F1: veja os hor\u00e1rios em Brasil, Cabo Verde,&nbsp;<a href=\"https:\/\/grandepremio.pt\/\" target=\"_blank\" rel=\"noreferrer noopener\">Portugal<\/a>, Angola e Mo\u00e7ambique:<\/strong><\/p>\n\n\n\n<figure class=\"wp-block-table\"><table class=\"has-fixed-layout\"><tbody><tr><td><strong>Sess\u00e3o<\/strong><\/td><td><strong>BRA*<\/strong><\/td><td><strong>CBV<\/strong><\/td><td><strong>POR<\/strong><br><strong>ANG<\/strong><\/td><td><strong>MOZ<\/strong><\/td><\/tr><tr><td>Classifica\u00e7\u00e3o<\/td><td>15:00<\/td><td>17:00<\/td><td>19:00<\/td><td>20:00<\/td><\/tr><tr><td>Corrida<\/td><td>14:00<\/td><td>16:00<\/td><td>18:00<\/td><td>19:00<\/td><\/tr><\/tbody><\/table><\/figure>\n\n\n\n<p class=\"wp-block-paragraph\"><em>*Hor\u00e1rio de Bras\u00edlia<\/em><\/p>\n\n\n\n<p class=\"wp-block-paragraph\">Onde assistir F1?&nbsp;<a href=\"https:\/\/www.grandepremio.com\/br\/f1\/noticias\/formula-1-vai-passar-tv-hoje-onde-assistir-classificacao-gp-sao-paulo-brasil\/\" target=\"_blank\" rel=\"noreferrer noopener\">Veja aqui todas as informa\u00e7\u00f5es<\/a>.<br>F1: faltam quantas corridas?&nbsp;<a href=\"https:\/\/www.grandepremio.com\/br\/f1\/calendario\/\" target=\"_blank\" rel=\"noreferrer noopener\">Veja o calend\u00e1rio da F1<\/a>.<\/p>\n\n\n\n<p class=\"wp-block-paragraph\">\u25b6\ufe0f&nbsp;<strong>Inscreva-se nos dois canais do GRANDE PR\u00caMIO no YouTube:&nbsp;<a href=\"https:\/\/www.youtube.com\/channel\/UC9OlHEgxoaY6QY6nWPoiqQg?sub_confirmation=1\" target=\"_blank\" rel=\"noreferrer noopener\">GP<\/a>&nbsp;|&nbsp;<a href=\"https:\/\/www.youtube.com\/channel\/UC9csiS6q_C3C0FYhyr1rnFA?sub_confirmation=1\" target=\"_blank\" rel=\"noreferrer noopener\">GP2<\/a><\/strong><\/p>\n","protected":false},"excerpt":{"rendered":"<p>Andrea Stella terminou a corrida sprint do GP do Brasil em S\u00e3o Paulo animado pela velocidade que os dois pilotos mostram at\u00e9 agora. Mas tamb\u00e9m com lamenta\u00e7\u00f5es pelo acidente de Oscar Piastri<\/p>\n","protected":false},"author":0,"featured_media":1001031396,"comment_status":"closed","ping_status":"closed","sticky":false,"template":"","format":"standard","meta":{"42wp_featured_image_caption":"","42wp_featured_image_credits":"","42wp_featured_video":"","42wp_featured_image_hidden":false,"42wp_authors_list":[],"footnotes":""},"categories":[2],"tags":[7094,26000,5660,3630,642,45094,2359,36992,16952,26680,502,547,90,4928,37605,43426,30806,37737,2916,43371,36778,40367],"42wp_author":[47120],"class_list":["post-15326","post","type-post","status-publish","format-standard","has-post-thumbnail","hentry","category-f1","tag-andrea-stella","tag-audiencia-da-tv","tag-classificacao","tag-f1-2025","tag-f1-ao-vivo","tag-fim-de-semana-sao-paulo","tag-gp-brasil","tag-gp-brasileiro","tag-gp-de-interlagos","tag-gp-de-sao-paulo","tag-gp-do-brasil","tag-lando-norris","tag-mclaren","tag-mclaren-f1","tag-mclaren-formula-1","tag-norris-2025","tag-norris-f1","tag-norris-formula-1","tag-oscar-piastri","tag-piastri-2025","tag-piastri-f1","tag-piastri-formula-1","42wp_author-pedro-henrique-marum"],"_links":{"self":[{"href":"https:\/\/grandepremio.com\/br\/wp-json\/wp\/v2\/posts\/15326","targetHints":{"allow":["GET"]}}],"collection":[{"href":"https:\/\/grandepremio.com\/br\/wp-json\/wp\/v2\/posts"}],"about":[{"href":"https:\/\/grandepremio.com\/br\/wp-json\/wp\/v2\/types\/post"}],"replies":[{"embeddable":true,"href":"https:\/\/grandepremio.com\/br\/wp-json\/wp\/v2\/comments?post=15326"}],"version-history":[{"count":0,"href":"https:\/\/grandepremio.com\/br\/wp-json\/wp\/v2\/posts\/15326\/revisions"}],"wp:featuredmedia":[{"embeddable":true,"href":"https:\/\/grandepremio.com\/br\/wp-json\/wp\/v2\/media\/1001031396"}],"wp:attachment":[{"href":"https:\/\/grandepremio.com\/br\/wp-json\/wp\/v2\/media?parent=15326"}],"wp:term":[{"taxonomy":"category","embeddable":true,"href":"https:\/\/grandepremio.com\/br\/wp-json\/wp\/v2\/categories?post=15326"},{"taxonomy":"post_tag","embeddable":true,"href":"https:\/\/grandepremio.com\/br\/wp-json\/wp\/v2\/tags?post=15326"},{"taxonomy":"42wp_author","embeddable":true,"href":"https:\/\/grandepremio.com\/br\/wp-json\/wp\/v2\/42wp_author?post=15326"}],"curies":[{"name":"wp","href":"https:\/\/api.w.org\/{rel}","templated":true}]}}