{"id":15393,"date":"2025-11-07T14:34:43","date_gmt":"2025-11-07T17:34:43","guid":{"rendered":"https:\/\/grandepremio.com\/br\/noticias\/gabriel-bortoleto-rejeita-austin-como-referencia-para-sprint-sao-paulo-estou-confiante\/"},"modified":"2025-11-09T21:05:23","modified_gmt":"2025-11-10T00:05:23","slug":"gabriel-bortoleto-rejeita-austin-como-referencia-para-sprint-sao-paulo-estou-confiante","status":"publish","type":"post","link":"https:\/\/grandepremio.com\/br\/f1\/gabriel-bortoleto-rejeita-austin-como-referencia-para-sprint-sao-paulo-estou-confiante\/","title":{"rendered":"Bortoleto rejeita Austin como refer\u00eancia para sprint em S\u00e3o Paulo: &#8220;Estou confiante&#8221;"},"content":{"rendered":"\n<p class=\"wp-block-paragraph\">Com a corrida e classifica\u00e7\u00e3o sprint na programa\u00e7\u00e3o, o <strong>GP de S\u00e3o Paulo<\/strong> tem apenas um treino livre \u2014 realizado na manh\u00e3 desta <strong>sexta-feira (7)<\/strong>. Algo id\u00eantico aconteceu no <strong>GP dos Estados Unidos<\/strong>, no m\u00eas passado, quando <strong>Gabriel Bortoleto<\/strong> n\u00e3o encontrou ritmo durante o fim de semana. Em entrevista coletiva acompanhada pelo <strong>GRANDE PR\u00caMIO<\/strong> em <strong>Interlagos<\/strong>, o brasileiro destacou que a situa\u00e7\u00e3o j\u00e1 foi superada e demonstrou confian\u00e7a para o GP do Brasil em S\u00e3o Paulo.<\/p>\n\n\n\n<p class=\"wp-block-paragraph\">No \u00fanico treino livre realizado em Interlagos, a Sauber surpreendeu, com <strong>Nico H\u00fclkenberg<\/strong> cravando o terceiro tempo, com Bortoleto registrando a quinta marca da atividade, com 1min10s616, sendo 0s641 mais lento que <strong>Lando Norris<\/strong>, o mais r\u00e1pido da atividade, com Oscar Piastri logo na sequ\u00eancia.<\/p>\n\n\n\n<p class=\"wp-block-paragraph\">&#8220;Algumas coisas aconteceram l\u00e1 que j\u00e1 foram revisadas e entendidas, o porqu\u00ea do final de semana ter sido daquela maneira, mas eu n\u00e3o levaria Austin como uma refer\u00eancia do ano \u2014 tiveram v\u00e1rios finais de semana de sprint este ano como a B\u00e9lgica por exemplo. J\u00e1 conhecia a pista, mas do mesmo jeito, andar de F\u00f3rmula 1 na B\u00e9lgica \u00e9 totalmente novo&#8221;, disse Bortoleto.<\/p>\n\n\n\n<p class=\"wp-block-paragraph\">&#8220;Estou confiante aqui para o Brasil e tem bastante coisa, obviamente, para a gente ainda analisar, estudar e entender com a equipe para quando sentar no carro, j\u00e1 estar tudo preparado e certinho&#8221;, completou Bortoleto.<\/p>\n\n\n\n<figure class=\"wp-block-image size-large\"><img decoding=\"async\" src=\"https:\/\/www.grandepremio.com\/br\/wp-content\/uploads\/2025\/11\/sao-paulo-2025-f1-treino-livre-sauber-gabriel-bortoleto-afp-02-1200x800.jpg\" alt=\"\" class=\"wp-image-1030369\"\/><figcaption class=\"wp-element-caption\">Bortoleto vai correr pela primeira vez com a F1 em Interlagos (Foto: AFP)<\/figcaption><\/figure>\n\n\n\n<p class=\"wp-block-paragraph\">Apesar de estar na nona e pen\u00faltima posi\u00e7\u00e3o no <strong>Mundial de Construtores<\/strong>, a Sauber segue na briga pela sexta posi\u00e7\u00e3o na temporada 2025. Com 60 pontos, est\u00e1 somente 12 atr\u00e1s da <strong>Racing Bulls<\/strong>, a atual sexta colocada \u2014 com <strong>Aston Martin<\/strong> e <strong>Haas<\/strong> entre elas. Bortoleto ressaltou que a Haas est\u00e1 forte nessa briga, principalmente ap\u00f3s as atualiza\u00e7\u00f5es implementadas nas \u00faltimas etapas, que fez o time pular para a oitava posi\u00e7\u00e3o. No entanto, o brasileiro acredita que ter\u00e1 a oportunidade de andar \u00e0 frente dos advers\u00e1rios norte-americanos em algumas etapas daqui at\u00e9 o fim do certame.<\/p>\n\n\n\n<p class=\"wp-block-paragraph\">&#8220;Os pacotes que eles trouxeram funcionaram, ent\u00e3o a gente sabe que eles est\u00e3o um passo \u00e0 frente do que eles estavam a algumas etapas atr\u00e1s. Ainda somos competitivos \u2014 com esse upgrade que eles trouxeram, n\u00e3o tanto quanto antes. Mas cada pista \u00e9 diferente, t\u00eam algumas nas quais eles v\u00e3o se dar um pouco melhor e outras n\u00e3o t\u00e3o bem. Espero que at\u00e9 o final do ano a gente pegue algumas boas por a\u00ed&#8221;, finalizou Bortoleto.<\/p>\n\n\n\n<p class=\"wp-block-paragraph\">O\u00a0<strong>GRANDE PR\u00caMIO<\/strong>\u00a0acompanha todas as atividades do\u00a0<strong>GP de\u00a0<a href=\"https:\/\/www.grandepremio.com\/br\/circuito\/sao-paulo\/\" target=\"_blank\" rel=\"noreferrer noopener\">S\u00e3o Paulo<\/a><\/strong>, 21\u00aa etapa da temporada 2025 da F\u00f3rmula 1,\u00a0<strong><a href=\"https:\/\/www.grandepremio.com\/br\/f1\/ao-vivo\" target=\"_blank\" rel=\"noreferrer noopener\">AO VIVO E EM\u00a0<\/a><a href=\"https:\/\/www.grandepremio.com\/br\/ao-vivo\/\" target=\"_blank\" rel=\"noreferrer noopener\">TEMPO REAL<\/a><\/strong>, al\u00e9m de classifica\u00e7\u00f5es, sprint e corrida em\u00a0<strong><a href=\"https:\/\/www.youtube.com\/@GrandePremio1\/streams\" target=\"_blank\" rel=\"noreferrer noopener\">SEGUNDA TELA no YouTube<\/a><\/strong>, em parceria com a Voz do Esporte. O\u00a0<strong>Briefing<\/strong>\u00a0chega para analisar ap\u00f3s o fim de cada dia de atividades nas redes sociais e na\u00a0<strong>GPTV<\/strong>.<\/p>\n\n\n\n<p class=\"wp-block-paragraph\">Al\u00e9m da cobertura tradicional, o&nbsp;<strong>GRANDE PR\u00caMIO<\/strong>&nbsp;estar\u00e1&nbsp;<strong>IN LOCO<\/strong>&nbsp;em<strong>&nbsp;<a href=\"https:\/\/www.grandepremio.com\/br\/circuito\/interlagos\/\" target=\"_blank\" rel=\"noreferrer noopener\">Interlagos<\/a>&nbsp;<\/strong>para acompanhar todas as emo\u00e7\u00f5es da etapa com&nbsp;<strong>Pedro Henrique Marum<\/strong>,<strong>&nbsp;Evelyn Guimar\u00e3es<\/strong>,&nbsp;<strong>Luana Marino<\/strong>&nbsp;e&nbsp;<strong>Daniel Balsa<\/strong>.<\/p>\n\n\n\n<p class=\"wp-block-paragraph\">\u25b6\ufe0f\u00a0<strong>Inscreva-se nos dois canais do GRANDE PR\u00caMIO no YouTube:\u00a0<a href=\"https:\/\/www.youtube.com\/channel\/UC9OlHEgxoaY6QY6nWPoiqQg?sub_confirmation=1\" target=\"_blank\" rel=\"noreferrer noopener\">GP<\/a>\u00a0|\u00a0<a href=\"https:\/\/www.youtube.com\/channel\/UC9csiS6q_C3C0FYhyr1rnFA?sub_confirmation=1\" target=\"_blank\" rel=\"noreferrer noopener\">GP2<\/a><\/strong><br>\u25b6\ufe0f\u00a0<strong>LEIA TAMB\u00c9M:<a href=\"https:\/\/www.grandepremio.com\/br\/f1\/noticias\/sonho-foco-maturidade-sob-holofotes-quinta-feira-gabriel-bortoleto-interlagos\/\">\u00a0Sonho, foco e maturidade sob os holofotes: a quinta-feira de Bortoleto em Interlagos<\/a><\/strong><\/p>\n\n\n\n<p class=\"wp-block-paragraph\"><strong>GP de&nbsp;<a href=\"https:\/\/www.grandepremio.com\/br\/circuito\/sao-paulo\/\" target=\"_blank\" rel=\"noreferrer noopener\">S\u00e3o Paulo<\/a>&nbsp;de F1: veja os hor\u00e1rios em Brasil, Cabo Verde,&nbsp;<a href=\"https:\/\/grandepremio.pt\/\" target=\"_blank\" rel=\"noreferrer noopener\">Portugal<\/a>, Angola e Mo\u00e7ambique:<\/strong><\/p>\n\n\n\n<figure class=\"wp-block-table\"><table class=\"has-fixed-layout\"><tbody><tr><td><strong>Sess\u00e3o<\/strong><\/td><td><strong>BRA*<\/strong><\/td><td><strong>CBV<\/strong><\/td><td><strong>POR<\/strong><br><strong>ANG<\/strong><\/td><td><strong>MOZ<\/strong><\/td><\/tr><tr><td>Classifica\u00e7\u00e3o sprint<\/td><td>15:30<\/td><td>17:30<\/td><td>19:30<\/td><td>20:30<\/td><\/tr><tr><td>Corrida sprint<\/td><td>11:00<\/td><td>13:00<\/td><td>15:00<\/td><td>16:00<\/td><\/tr><tr><td>Classifica\u00e7\u00e3o<\/td><td>15:00<\/td><td>17:00<\/td><td>19:00<\/td><td>20:00<\/td><\/tr><tr><td>Corrida<\/td><td>14:00<\/td><td>16:00<\/td><td>18:00<\/td><td>19:00<\/td><\/tr><\/tbody><\/table><\/figure>\n\n\n\n<p class=\"wp-block-paragraph\"><em>*Hor\u00e1rio de Bras\u00edlia<\/em><\/p>\n\n\n\n<figure class=\"wp-block-embed is-type-video is-provider-youtube wp-block-embed-youtube wp-embed-aspect-16-9 wp-has-aspect-ratio\"><div class=\"wp-block-embed__wrapper\">\n<iframe loading=\"lazy\" title=\"McLAREN PREFERE T\u00cdTULO DE VERSTAPPEN A PRIORIZAR NORRIS OU PIASTRI NA F1 | TTGP #204\" width=\"500\" height=\"281\" src=\"https:\/\/www.youtube.com\/embed\/vvZIo6FGF8c?feature=oembed\" frameborder=\"0\" allow=\"accelerometer; autoplay; clipboard-write; encrypted-media; gyroscope; picture-in-picture; web-share\" referrerpolicy=\"strict-origin-when-cross-origin\" allowfullscreen><\/iframe>\n<\/div><\/figure>\n","protected":false},"excerpt":{"rendered":"<p>Gabriel Bortoleto destacou que epis\u00f3dios do GP dos EUA, onde teve uma s\u00e9rie de dificuldades, foram revisados e est\u00e1 confiante para etapa brasileira da F1 2025<\/p>\n","protected":false},"author":0,"featured_media":1001029981,"comment_status":"closed","ping_status":"closed","sticky":false,"template":"","format":"standard","meta":{"42wp_featured_image_caption":"","42wp_featured_image_credits":"","42wp_featured_video":"","42wp_featured_image_hidden":false,"42wp_authors_list":[],"footnotes":""},"categories":[2],"tags":[1982,783,26271,5273,147,3630,180,3628,350,2359,26680,33329,502,1491,28285,119,30840,124,44101,32942,28104,203,29923,35129,2380,44100,36865,42001],"42wp_author":[47155,47158],"class_list":["post-15393","post","type-post","status-publish","format-standard","has-post-thumbnail","hentry","category-f1","tag-austin","tag-brasil","tag-calendario-f1","tag-classificacao-f1","tag-f1","tag-f1-2025","tag-formula-1","tag-formula-1-2025","tag-gabriel-bortoleto","tag-gp-brasil","tag-gp-de-sao-paulo","tag-gp-de-sao-paulo-f1","tag-gp-do-brasil","tag-grande-premio","tag-grandepremio","tag-haas","tag-horarios-f1","tag-interlagos","tag-interlagos-2025","tag-interlagos-f1","tag-isack-hadjar","tag-max-verstappen","tag-oliver-bearman","tag-onde-assistir-f1","tag-sao-paulo","tag-sao-paulo-2025","tag-sao-paulo-f1","tag-temporada-2025-f1","42wp_author-daniel-balsa","42wp_author-warm-up"],"_links":{"self":[{"href":"https:\/\/grandepremio.com\/br\/wp-json\/wp\/v2\/posts\/15393","targetHints":{"allow":["GET"]}}],"collection":[{"href":"https:\/\/grandepremio.com\/br\/wp-json\/wp\/v2\/posts"}],"about":[{"href":"https:\/\/grandepremio.com\/br\/wp-json\/wp\/v2\/types\/post"}],"replies":[{"embeddable":true,"href":"https:\/\/grandepremio.com\/br\/wp-json\/wp\/v2\/comments?post=15393"}],"version-history":[{"count":0,"href":"https:\/\/grandepremio.com\/br\/wp-json\/wp\/v2\/posts\/15393\/revisions"}],"wp:featuredmedia":[{"embeddable":true,"href":"https:\/\/grandepremio.com\/br\/wp-json\/wp\/v2\/media\/1001029981"}],"wp:attachment":[{"href":"https:\/\/grandepremio.com\/br\/wp-json\/wp\/v2\/media?parent=15393"}],"wp:term":[{"taxonomy":"category","embeddable":true,"href":"https:\/\/grandepremio.com\/br\/wp-json\/wp\/v2\/categories?post=15393"},{"taxonomy":"post_tag","embeddable":true,"href":"https:\/\/grandepremio.com\/br\/wp-json\/wp\/v2\/tags?post=15393"},{"taxonomy":"42wp_author","embeddable":true,"href":"https:\/\/grandepremio.com\/br\/wp-json\/wp\/v2\/42wp_author?post=15393"}],"curies":[{"name":"wp","href":"https:\/\/api.w.org\/{rel}","templated":true}]}}