{"id":15459,"date":"2025-11-06T12:28:17","date_gmt":"2025-11-06T15:28:17","guid":{"rendered":"https:\/\/grandepremio.com\/br\/noticias\/gabriel-bortoleto-lembra-luta-vida-inteira-celebra-sonho-maior-correr-interlagos\/"},"modified":"2025-11-06T15:01:26","modified_gmt":"2025-11-06T18:01:26","slug":"gabriel-bortoleto-lembra-luta-vida-inteira-celebra-sonho-maior-correr-interlagos","status":"publish","type":"post","link":"https:\/\/grandepremio.com\/br\/f1\/gabriel-bortoleto-lembra-luta-vida-inteira-celebra-sonho-maior-correr-interlagos\/","title":{"rendered":"Bortoleto lembra &#8220;luta de uma vida inteira&#8221; e celebra &#8220;sonho maior&#8221; de correr em Interlagos"},"content":{"rendered":"\n<p class=\"wp-block-paragraph\">Depois de sete anos de jejum, o p\u00fablico em <strong>Interlagos <\/strong>vai voltar a ver um brasileiro no grid do <strong>GP de S\u00e3o Paulo<\/strong>. <strong>Gabriel Bortoleto<\/strong> se prepar\u00e1 para guiar pela primeira vez com a<strong> F\u00f3rmula 1 <\/strong>no <strong>Brasil <\/strong>e ressaltou que o foco \u00e9 o trabalho, mas n\u00e3o negou que tamb\u00e9m precisa aproveitar a fase da carreira. O paulista da <strong>Sauber<\/strong> lembrou a jornada at\u00e9 o topo do esporte a motor, em um momento em que est\u00e1 prestes a realizar o &#8220;sonho maior&#8221; de correr no mais importante circuito do pa\u00eds.<\/p>\n\n\n\n<p class=\"wp-block-paragraph\">Bortoleto estreou no Mundial no in\u00edcio de 2025, depois de conquistar dois t\u00edtulos consecutivos como novato nas categorias de base, <strong>F\u00f3rmula 3<\/strong> e<strong> F\u00f3rmula 2<\/strong>. Na F\u00f3rmula 1, tem recebido elogios <a href=\"https:\/\/www.grandepremio.com\/br\/f1\/noticias\/fernando-alonso-gabriel-bortoleto-como-melhor-novato-diz-estaria-todos-jornais-fosse-ingles\/\">dentro <\/a>e fora das pistas pela performance com a <strong>Sauber<\/strong>, equipe que \u00e9 pen\u00faltima colocada no <strong>Mundial de Construtores<\/strong>.<\/p>\n\n\n\n<p class=\"wp-block-paragraph\">Ao ser perguntado pelo <strong>GRANDE PR\u00caMIO<\/strong> sobre a experi\u00eancia, Bortoleto comentou como \u00e9 unir o sonho e o trabalho em um final de semana t\u00e3o importante, correndo em casa. \u201cA gente leva isso como um trabalho, obviamente, mas tamb\u00e9m tem de se divertir no final das contas. Lutei minha vida inteira para estar aqui, tenho que aproveitar este momento.&#8221;<\/p>\n\n\n\n<p class=\"wp-block-paragraph\">\u201cAcho que correr em Interlagos \u00e9 o sonho de qualquer piloto brasileiro e correr de F\u00f3rmula 1 em Interlagos \u00e9 ainda um sonho maior. Gra\u00e7as a Deus, estou tendo essa oportunidade e quero aproveitar o m\u00e1ximo. A expectativa sempre vai estar l\u00e1, mas n\u00e3o vai mudar o resultado final, ent\u00e3o o neg\u00f3cio \u00e9 a gente dar o nosso melhor, preparar o final de semana da melhor maneira que der e fazer o nosso trabalho na pista&#8221;, acrescentou.<\/p>\n\n\n\n<figure class=\"wp-block-image size-large\"><img decoding=\"async\" src=\"https:\/\/www.grandepremio.com\/br\/wp-content\/uploads\/2025\/10\/mexico-2025-f1-classificacao-sauber-gabriel-bortoleto-03-1200x800.jpg\" alt=\"\" class=\"wp-image-1026703\"\/><figcaption class=\"wp-element-caption\">Gabriel Bortoleto (Foto: Sauber)<\/figcaption><\/figure>\n\n\n\n<p class=\"wp-block-paragraph\">Gabriel falou ainda sobre as cobran\u00e7as e a press\u00e3o de correr na F1. &#8220;\u00c9 l\u00f3gico que \u00e9 sempre bom receber elogio, mas a gente sabe como as coisas s\u00e3o. Voc\u00ea tem uma corrida boa, est\u00e1 no topo, voc\u00ea tem uma corrida ruim, j\u00e1 come\u00e7am a questionar. Vai ser sempre assim, isso nunca vai mudar, e tudo bem, n\u00e3o vejo um problema nisso. Acho que \u00e9 o trabalho dos jornalistas, analisar nossa performance na pista, assim como eu analiso quando saio do carro, mas eu vou sempre dar o meu melhor&#8221;, defendeu. <\/p>\n\n\n\n<p class=\"wp-block-paragraph\">&#8220;Muitas coisas que acontecem nos finais de semana, sejam bons ou ruins, a m\u00eddia n\u00e3o sabe o que est\u00e1 realmente acontecendo, porque s\u00e3o coisas internas que a gente analisa, que sabe dos problemas ou das coisas positivas&#8221;, prosseguiu.<\/p>\n\n\n\n<p class=\"wp-block-paragraph\">&#8220;S\u00f3 quero ser o mais est\u00e1vel poss\u00edvel, entregar resultados constantes para a equipe, somar pontos. \u00c0s vezes, a gente sai de um final de semana em que n\u00e3o pontua, mas sei que dei meu melhor, que extra\u00ed tudo que tinha do carro e vou sair contente&#8221;, comentou o piloto. <\/p>\n\n\n\n<p class=\"wp-block-paragraph\">Atualmente, Bortoleto ocupa a 19\u00aa posi\u00e7\u00e3o no <strong>Mundial de Pilotos<\/strong>, com 19 pontos somados. A Sauber \u00e9 a nona no Mundial de Construtores, com 60 tentos.<\/p>\n\n\n\n<p class=\"wp-block-paragraph\">Al\u00e9m da cobertura tradicional, o&nbsp;<strong>GRANDE PR\u00caMIO<\/strong>&nbsp;estar\u00e1&nbsp;<strong>IN LOCO<\/strong>&nbsp;em<strong>&nbsp;<a href=\"https:\/\/www.grandepremio.com\/br\/circuito\/interlagos\/\" target=\"_blank\" rel=\"noreferrer noopener\">Interlagos<\/a>&nbsp;<\/strong>para acompanhar todas as emo\u00e7\u00f5es da etapa com os rep\u00f3rteres&nbsp;<strong>Pedro Henrique Marum<\/strong>,<strong>&nbsp;Evelyn Guimar\u00e3es<\/strong>,&nbsp;<strong>Luana Marino<\/strong>&nbsp;e&nbsp;<strong>Daniel Balsa<\/strong>.<\/p>\n\n\n\n<p class=\"wp-block-paragraph\"><strong>GP de&nbsp;<a href=\"https:\/\/www.grandepremio.com\/br\/circuito\/sao-paulo\/\" target=\"_blank\" rel=\"noreferrer noopener\">S\u00e3o Paulo<\/a>&nbsp;de F1: veja os hor\u00e1rios em Brasil, Cabo Verde,&nbsp;<a href=\"https:\/\/grandepremio.pt\/\" target=\"_blank\" rel=\"noreferrer noopener\">Portugal<\/a>, Angola e Mo\u00e7ambique:<\/strong><\/p>\n\n\n\n<figure class=\"wp-block-table\"><table class=\"has-fixed-layout\"><tbody><tr><td><strong>Sess\u00e3o<\/strong><\/td><td><strong>BRA*<\/strong><\/td><td><strong>CBV<\/strong><\/td><td><strong>POR<\/strong><br><strong>ANG<\/strong><\/td><td><strong>MOZ<\/strong><\/td><\/tr><tr><td>Treino livre<\/td><td>11:30<\/td><td>13:30<\/td><td>15:30<\/td><td>16:30<\/td><\/tr><tr><td>Classifica\u00e7\u00e3o sprint<\/td><td>15:30<\/td><td>17:30<\/td><td>19:30<\/td><td>20:30<\/td><\/tr><tr><td>Corrida sprint<\/td><td>11:00<\/td><td>13:00<\/td><td>15:00<\/td><td>16:00<\/td><\/tr><tr><td>Classifica\u00e7\u00e3o<\/td><td>15:00<\/td><td>17:00<\/td><td>19:00<\/td><td>20:00<\/td><\/tr><tr><td>Corrida<\/td><td>14:00<\/td><td>16:00<\/td><td>18:00<\/td><td>19:00<\/td><\/tr><\/tbody><\/table><\/figure>\n\n\n\n<p class=\"wp-block-paragraph\"><em>*Hor\u00e1rio de Bras\u00edlia<\/em><\/p>\n\n\n\n<figure class=\"wp-block-embed is-type-video is-provider-youtube wp-block-embed-youtube wp-embed-aspect-16-9 wp-has-aspect-ratio\"><div class=\"wp-block-embed__wrapper\">\n<iframe loading=\"lazy\" title=\"INTERLAGOS DECIDE F1 DE NOVO? BORTOLETO ESTREIA NO BRASIL | Paddock GP #439\" width=\"500\" height=\"281\" src=\"https:\/\/www.youtube.com\/embed\/WOTapHNdNHI?feature=oembed\" frameborder=\"0\" allow=\"accelerometer; autoplay; clipboard-write; encrypted-media; gyroscope; picture-in-picture; web-share\" referrerpolicy=\"strict-origin-when-cross-origin\" allowfullscreen><\/iframe>\n<\/div><figcaption class=\"wp-element-caption\">INTERLAGOS DECIDE F1 DE NOVO? BORTOLETO ESTREIA NO BRASIL | Paddock GP&nbsp;<a href=\"https:\/\/www.youtube.com\/hashtag\/439\">#439<\/a><br><a href=\"https:\/\/www.youtube.com\/@GrandePremio1\"><\/a><\/figcaption><\/figure>\n\n\n\n<p class=\"wp-block-paragraph\"><\/p>\n","protected":false},"excerpt":{"rendered":"<p>Gabriel Bortoleto, que se prepara para a estreia em Interlagos, falou aos jornalistas sobre as exig\u00eancias da F\u00f3rmula 1, mas tamb\u00e9m deixou claro: quer se divertir e aproveitar o bom momento na temporada<\/p>\n","protected":false},"author":0,"featured_media":1001026706,"comment_status":"closed","ping_status":"closed","sticky":false,"template":"","format":"standard","meta":{"42wp_featured_image_caption":"","42wp_featured_image_credits":"","42wp_featured_video":"","42wp_featured_image_hidden":false,"42wp_authors_list":[],"footnotes":""},"categories":[2],"tags":[26000,5660,3630,642,45094,350,36992,16952,26680,1197,42293,16330,37695],"42wp_author":[47155,47167,47120],"class_list":["post-15459","post","type-post","status-publish","format-standard","has-post-thumbnail","hentry","category-f1","tag-audiencia-da-tv","tag-classificacao","tag-f1-2025","tag-f1-ao-vivo","tag-fim-de-semana-sao-paulo","tag-gabriel-bortoleto","tag-gp-brasileiro","tag-gp-de-interlagos","tag-gp-de-sao-paulo","tag-sauber","tag-sauber-2025","tag-sauber-f1","tag-sauber-formula-1","42wp_author-daniel-balsa","42wp_author-julia-palomares-aro","42wp_author-pedro-henrique-marum"],"_links":{"self":[{"href":"https:\/\/grandepremio.com\/br\/wp-json\/wp\/v2\/posts\/15459","targetHints":{"allow":["GET"]}}],"collection":[{"href":"https:\/\/grandepremio.com\/br\/wp-json\/wp\/v2\/posts"}],"about":[{"href":"https:\/\/grandepremio.com\/br\/wp-json\/wp\/v2\/types\/post"}],"replies":[{"embeddable":true,"href":"https:\/\/grandepremio.com\/br\/wp-json\/wp\/v2\/comments?post=15459"}],"version-history":[{"count":0,"href":"https:\/\/grandepremio.com\/br\/wp-json\/wp\/v2\/posts\/15459\/revisions"}],"wp:featuredmedia":[{"embeddable":true,"href":"https:\/\/grandepremio.com\/br\/wp-json\/wp\/v2\/media\/1001026706"}],"wp:attachment":[{"href":"https:\/\/grandepremio.com\/br\/wp-json\/wp\/v2\/media?parent=15459"}],"wp:term":[{"taxonomy":"category","embeddable":true,"href":"https:\/\/grandepremio.com\/br\/wp-json\/wp\/v2\/categories?post=15459"},{"taxonomy":"post_tag","embeddable":true,"href":"https:\/\/grandepremio.com\/br\/wp-json\/wp\/v2\/tags?post=15459"},{"taxonomy":"42wp_author","embeddable":true,"href":"https:\/\/grandepremio.com\/br\/wp-json\/wp\/v2\/42wp_author?post=15459"}],"curies":[{"name":"wp","href":"https:\/\/api.w.org\/{rel}","templated":true}]}}