{"id":15557,"date":"2025-11-03T08:08:54","date_gmt":"2025-11-03T11:08:54","guid":{"rendered":"https:\/\/grandepremio.com\/br\/noticias\/colton-herta-contato-inicial-carro-formula-2-teste-brasileiro-monza\/"},"modified":"2025-11-05T13:07:58","modified_gmt":"2025-11-05T16:07:58","slug":"colton-herta-contato-inicial-carro-formula-2-teste-brasileiro-monza","status":"publish","type":"post","link":"https:\/\/grandepremio.com\/br\/f2\/colton-herta-contato-inicial-carro-formula-2-teste-brasileiro-monza\/","title":{"rendered":"Herta faz contato inicial com carro da F\u00f3rmula 2 em teste com brasileiro em Monza"},"content":{"rendered":"\n<p class=\"wp-block-paragraph\">Em prepara\u00e7\u00e3o para estrear na <strong>F\u00f3rmula 2<\/strong> em <strong>2026<\/strong>, em busca de uma vaga na <strong>F1 <\/strong>para a sequ\u00eancia da carreira, <strong>Colton Herta<\/strong> testou um carro da categoria sat\u00e9lite em <strong>Monza<\/strong>. No \u00faltimo domingo (2), o americano esteve no m\u00edtico circuito para um teste privado, que reservou o primeiro contato com o monoposto. Os nomes foram escondidos, mas o fot\u00f3grafo italiano <strong>Filippo Perotti<\/strong> conseguiu algumas imagens de Herta na atividade.<\/p>\n\n\n\n<p class=\"wp-block-paragraph\">A bordo do carro <strong>#32<\/strong> da italiana <strong>MM International Motorsport<\/strong>, Herta terminou no topo da tabela de tempos, que n\u00e3o foi divulgada oficialmente, mas passou a rodar a internet no fim de semana. Com <strong>1min50s264<\/strong>, o americano ficou <strong>0s4 <\/strong>acima de qualquer outra volta dada na pista. O brasileiro <strong>Pedro Clerot<\/strong> tamb\u00e9m esteve na atividade, com um carro de <strong>F\u00f3rmula 3<\/strong> da <strong>Rodin<\/strong>, e ficou logo \u00e0 frente do primeiro monoposto concorrente \u2014 o do companheiro <strong>Christian Ho<\/strong>.<\/p>\n\n\n\n<p class=\"wp-block-paragraph\">O teste, que segue para mais um dia nesta segunda-feira, foi organizado pela su\u00ed\u00e7a <strong>Katayama<\/strong>, especializada na log\u00edstica de eventos do tipo. Ainda h\u00e1 uma nova experi\u00eancia com carros de F2 programada pela empresa, no <strong>Red Bull Ring<\/strong>, entre os dias <strong>11 e 12 de novembro<\/strong> \u2014 o que pode sugerir uma nova participa\u00e7\u00e3o do ex-Indy na <strong>\u00c1ustria<\/strong>. O teste seguinte s\u00f3 acontece em <strong>fevereiro de 2026<\/strong>, em <strong>Barcelona<\/strong>.<\/p>\n\n\n\n<p class=\"wp-block-paragraph\">Herta deixou a Indy ap\u00f3s anos na categoria para, aos <strong>25 anos<\/strong>, tentar pela \u00faltima vez o sonho de pilotar na F\u00f3rmula 1. Para isso, vai competir na F\u00f3rmula 2 em 2026, pela <strong>Hitech<\/strong>, e j\u00e1 iniciou os testes para se adaptar \u00e0 categoria. O americano \u00e9 piloto de desenvolvimento da <strong>Cadillac<\/strong>, que estreia ano que vem na F1 com <strong>Valtteri Bottas <\/strong>e <strong>Sergio P\u00e9rez <\/strong>como titulares.<\/p>\n\n\n\n<p class=\"wp-block-paragraph\">Apesar de Herta j\u00e1 estar pensando em 2026, a F\u00f3rmula 2 n\u00e3o acabou em 2025. Com a briga pelo t\u00edtulo ainda aberta e envolvendo os quatro primeiros (<strong>Leonardo Fornaroli<\/strong>, <strong>Jak Crawford<\/strong>, <strong>Luke Browning<\/strong> e <strong>Richard Verschoor<\/strong>), a categoria ainda corre em <strong>Catar <\/strong>e <strong>Abu Dhabi<\/strong> este ano. A pr\u00f3xima etapa, em <strong>Lusail<\/strong>, est\u00e1 programada para acontecer entre os dias <strong>28 e 30 de novembro<\/strong>.<\/p>\n\n\n\n<p class=\"wp-block-paragraph\"><strong>\u25b6\ufe0f<\/strong> <strong>Inscreva-se nos dois canais do GRANDE PR\u00caMIO no YouTube:&nbsp;<a href=\"https:\/\/www.youtube.com\/channel\/UC9OlHEgxoaY6QY6nWPoiqQg?sub_confirmation=1\" target=\"_blank\" rel=\"noreferrer noopener\">GP<\/a>&nbsp;|&nbsp;<a href=\"https:\/\/www.youtube.com\/channel\/UC9csiS6q_C3C0FYhyr1rnFA?sub_confirmation=1\" target=\"_blank\" rel=\"noreferrer noopener\">GP2<\/a><\/strong><\/p>\n\n\n\n<figure class=\"wp-block-image size-large\"><img decoding=\"async\" src=\"https:\/\/www.grandepremio.com\/br\/wp-content\/uploads\/2025\/08\/Colton-Herta-Snap-On-Milwaukee-Mile-250-By_-Joe-Skibinski_Large-Image-Without-Watermark_m141484-1200x800.jpg\" alt=\"\" class=\"wp-image-1004976\"\/><figcaption class=\"wp-element-caption\">Herta est\u00e1 se preparando para estrear na F2 em 2026 (Foto: IndyCar)<\/figcaption><\/figure>\n","protected":false},"excerpt":{"rendered":"<p>Colton Herta foi \u00e0 pista de Monza neste fim de semana para experimentar carro da F\u00f3rmula 2, em atividade que teve at\u00e9 presen\u00e7a de brasileiro na pista<\/p>\n","protected":false},"author":0,"featured_media":1001029077,"comment_status":"closed","ping_status":"closed","sticky":false,"template":"","format":"standard","meta":{"42wp_featured_image_caption":"","42wp_featured_image_credits":"","42wp_featured_video":"","42wp_featured_image_hidden":false,"42wp_authors_list":[],"footnotes":""},"categories":[9],"tags":[729,1579,41547,30245,2208,1491,1737],"42wp_author":[47142],"class_list":["post-15557","post","type-post","status-publish","format-standard","has-post-thumbnail","hentry","category-f2","tag-cadillac","tag-colton-herta","tag-f2-2025","tag-f2-ao-vivo","tag-formula-2","tag-grande-premio","tag-monza","42wp_author-jp-nascimento"],"_links":{"self":[{"href":"https:\/\/grandepremio.com\/br\/wp-json\/wp\/v2\/posts\/15557","targetHints":{"allow":["GET"]}}],"collection":[{"href":"https:\/\/grandepremio.com\/br\/wp-json\/wp\/v2\/posts"}],"about":[{"href":"https:\/\/grandepremio.com\/br\/wp-json\/wp\/v2\/types\/post"}],"replies":[{"embeddable":true,"href":"https:\/\/grandepremio.com\/br\/wp-json\/wp\/v2\/comments?post=15557"}],"version-history":[{"count":0,"href":"https:\/\/grandepremio.com\/br\/wp-json\/wp\/v2\/posts\/15557\/revisions"}],"wp:featuredmedia":[{"embeddable":true,"href":"https:\/\/grandepremio.com\/br\/wp-json\/wp\/v2\/media\/1001029077"}],"wp:attachment":[{"href":"https:\/\/grandepremio.com\/br\/wp-json\/wp\/v2\/media?parent=15557"}],"wp:term":[{"taxonomy":"category","embeddable":true,"href":"https:\/\/grandepremio.com\/br\/wp-json\/wp\/v2\/categories?post=15557"},{"taxonomy":"post_tag","embeddable":true,"href":"https:\/\/grandepremio.com\/br\/wp-json\/wp\/v2\/tags?post=15557"},{"taxonomy":"42wp_author","embeddable":true,"href":"https:\/\/grandepremio.com\/br\/wp-json\/wp\/v2\/42wp_author?post=15557"}],"curies":[{"name":"wp","href":"https:\/\/api.w.org\/{rel}","templated":true}]}}