{"id":15567,"date":"2025-11-03T04:00:00","date_gmt":"2025-11-03T07:00:00","guid":{"rendered":"https:\/\/grandepremio.com\/br\/noticias\/abertura-portoes-programacao-mais-todas-informacoes-gp-de-sao-paulo\/"},"modified":"2025-11-03T07:48:45","modified_gmt":"2025-11-03T10:48:45","slug":"abertura-portoes-programacao-mais-todas-informacoes-gp-de-sao-paulo","status":"publish","type":"post","link":"https:\/\/grandepremio.com\/br\/f1\/abertura-portoes-programacao-mais-todas-informacoes-gp-de-sao-paulo\/","title":{"rendered":"Abertura dos port\u00f5es, programa\u00e7\u00e3o e mais: todas as informa\u00e7\u00f5es do GP de S\u00e3o Paulo"},"content":{"rendered":"\n<p class=\"wp-block-paragraph\">O <strong>GP de S\u00e3o Paulo<\/strong> de <strong>F\u00f3rmula 1<\/strong> acontece neste fim de semana, entre os dias <strong>7 e 9 de novembro<\/strong>, no <strong>Aut\u00f3dromo de Interlagos<\/strong>, e promete uma das maiores edi\u00e7\u00f5es j\u00e1 realizadas do evento. Com ingressos esgotados para as arquibancadas, a expectativa \u00e9 de p\u00fablico recorde e programa\u00e7\u00e3o intensa tanto na pista quanto fora dela \u2014 incluindo shows, ativa\u00e7\u00f5es e atra\u00e7\u00f5es culturais.<\/p>\n\n\n\n<p class=\"wp-block-paragraph\">Os port\u00f5es do aut\u00f3dromo abrem todos os dias \u00e0s 8h e fecham \u00e0s 15h. A organiza\u00e7\u00e3o refor\u00e7a que n\u00e3o haver\u00e1 estacionamento dispon\u00edvel em Interlagos, e recomenda o uso de transporte p\u00fablico. Entre as op\u00e7\u00f5es, o <strong>Trem Expresso GP S\u00e3o Paulo<\/strong> \u00e9 o principal meio de acesso. O servi\u00e7o regular da <strong>Linha 9\u2013Esmeralda<\/strong> continuar\u00e1 sendo atendido normalmente pela <strong>Esta\u00e7\u00e3o Aut\u00f3dromo<\/strong>.<\/p>\n\n\n\n<p class=\"wp-block-paragraph\">Outras op\u00e7\u00f5es incluem \u00f4nibus expressos da <strong>SPTrans<\/strong>, transporte executivo <strong>Shift<\/strong>, al\u00e9m de t\u00e1xi e carros de aplicativo, com bols\u00f5es sinalizados pr\u00f3ximos aos port\u00f5es principais.<\/p>\n\n\n\n<p class=\"wp-block-paragraph\">Todos os setores e a Fanzone montada no <strong>Kart\u00f3dromo Ayrton Senna<\/strong> ter\u00e3o pra\u00e7as de alimenta\u00e7\u00e3o, operando exclusivamente com o sistema de cart\u00e3o <em>cashless<\/em>. O evento tamb\u00e9m volta a adotar copos retorn\u00e1veis, com cau\u00e7\u00e3o de R$ 7, reembolsado na devolu\u00e7\u00e3o. Guarda-chuvas e objetos volumosos n\u00e3o ser\u00e3o permitidos.<\/p>\n\n\n\n<figure class=\"wp-block-image size-large\"><img decoding=\"async\" src=\"https:\/\/www.grandepremio.com\/br\/wp-content\/uploads\/2024\/11\/red-bull-max-verstappen-gp-sp-interlagos-f1-2024-5-1200x800.jpg\" alt=\"\" class=\"wp-image-892349\"\/><figcaption class=\"wp-element-caption\">Max Verstappen venceu GP de S\u00e3o Paulo em 2024 (Foto: Rodrigo Berton\/Warm Up)<\/figcaption><\/figure>\n\n\n\n<p class=\"wp-block-paragraph\">O GP de S\u00e3o Paulo ter\u00e1 formato sprint, com somente um treino livre, seguido de classifica\u00e7\u00e3o sprint, corrida curta, nova classifica\u00e7\u00e3o e a prova principal.<\/p>\n\n\n\n<p class=\"wp-block-paragraph\">A F1 abre os trabalhos de pista na sexta-feira (7) com o <strong>TL1<\/strong>, marcado para 11h30 (hor\u00e1rio de Bras\u00edlia), e a <strong>classifica\u00e7\u00e3o sprint<\/strong>, \u00e0s 15h30. No s\u00e1bado (8), o dia come\u00e7a com a <strong>corrida sprint<\/strong>, \u00e0s 11h, seguida da <strong>classifica\u00e7\u00e3o<\/strong>, \u00e0s 15h. O grande momento do fim de semana ser\u00e1 no domingo (9), com a largada do GP de S\u00e3o Paulo \u00e0s 14h. Antes da prova, o p\u00fablico <a href=\"https:\/\/www.grandepremio.com\/br\/f1\/noticias\/gp-de-sao-paulo-anuncia-thiaguinho-cantor-hino-nacional-antes-largada\/\">vai acompanhar a execu\u00e7\u00e3o do <strong>Hino Nacional Brasileiro<\/strong> por <strong>Thiaguinho<\/strong><\/a>, que tamb\u00e9m encerra o evento com show na Fanzone.<\/p>\n\n\n\n<p class=\"wp-block-paragraph\">Al\u00e9m da F1, o fim de semana tamb\u00e9m contar\u00e1 com etapas de outras tr\u00eas categorias: <strong>F\u00f3rmula 4 Brasil<\/strong>, <strong>Porsche Sprint Challenge<\/strong> e <strong>Porsche Carrera Cup<\/strong>.<\/p>\n\n\n\n<p class=\"wp-block-paragraph\">A <strong>F4 Brasil<\/strong> realiza treino livre e classifica\u00e7\u00e3o na sexta, \u00e0s 9h05 e 17h. No s\u00e1bado, ser\u00e3o duas corridas, \u00e0s 9h25 e 16h35. No domingo, a \u00faltima prova tem largada marcada para 9h20. A etapa da <strong>Porsche Sprint Challenge<\/strong> come\u00e7a com a classifica\u00e7\u00e3o, \u00e0s 13h da sexta. No s\u00e1bado, a corrida 1 come\u00e7a \u00e0s 12h30 e, no domingo, a segunda prova tem largada agendada para 10h10. J\u00e1 a <strong>Porsche Carrera Cup<\/strong> classifica \u00e0s 14h da sexta, com a primeira corrida \u00e0s 13h35 do s\u00e1bado e a \u00faltima prova \u00e0s 11h10 de domingo.<\/p>\n\n\n\n<figure class=\"wp-block-image size-full\"><img decoding=\"async\" src=\"https:\/\/www.grandepremio.com\/br\/wp-content\/uploads\/2025\/10\/imagem_2025-10-30_154335463.png\" alt=\"\" class=\"wp-image-1028427\"\/><figcaption class=\"wp-element-caption\">Thiaguinho vai se apresentar na F\u00f3rmula 1 (Foto: X)<\/figcaption><\/figure>\n\n\n\n<p class=\"wp-block-paragraph\">A Fanzone ser\u00e1 um dos grandes destaques do GP de S\u00e3o Paulo. O espa\u00e7o ter\u00e1 uma programa\u00e7\u00e3o musical que traz <strong>Seu Jorge<\/strong> na sexta-feira (7), \u00e0s 17h30, <strong>Matheus &amp; Kauan<\/strong> no s\u00e1bado (8), \u00e0s 17h, e <strong>Thiaguinho<\/strong> no domingo (9), \u00e0s 16h15.<\/p>\n\n\n\n<p class=\"wp-block-paragraph\">Al\u00e9m dos shows, o p\u00fablico que for \u00e0 Fanzone ter\u00e1 direito a acompanhar o \u2018<strong>Driver\u2019s Engagement<\/strong>\u2019, na sexta e s\u00e1bado, que trar\u00e1 conversas com nomes de todas as equipes, como <strong>Laurent Mekies<\/strong> e <strong>Ayao Komatsu<\/strong>, chefes de <strong>Red Bull<\/strong> e <strong>Haas<\/strong>, respectivamente, al\u00e9m de <strong>Paul Aron<\/strong>, reserva da <strong>Alpine<\/strong>. Os f\u00e3s tamb\u00e9m poder\u00e3o curtir os tradicionais simuladores de&nbsp;F1&nbsp;e outras atra\u00e7\u00f5es, como o \u2018<strong>Pit Stop Challenge<\/strong>\u2019.<\/p>\n\n\n\n<p class=\"wp-block-paragraph\">A novidade para a edi\u00e7\u00e3o de 2025 da Fanzone \u00e9 o \u2018<strong>Papo de Grid<\/strong>\u2018, espa\u00e7o que re\u00fane jornalistas, influenciadores e personalidades do automobilismo em conversas sobre bastidores e curiosidades da F1.<\/p>\n\n\n\n<p class=\"wp-block-paragraph\">O GP de S\u00e3o Paulo tamb\u00e9m contar\u00e1 com apresenta\u00e7\u00f5es art\u00edsticas e homenagens. No s\u00e1bado, antes da corrida sprint, o p\u00fablico vai assistir a uma exibi\u00e7\u00e3o da Sele\u00e7\u00e3o Brasileira de Gin\u00e1stica R\u00edtmica. No domingo, antes da largada, haver\u00e1 uma apresenta\u00e7\u00e3o de um bloco de carnaval \u2014 cujo nome ainda n\u00e3o foi revelado \u2014 e uma homenagem a <strong>Jos\u00e9 Carlos Pace<\/strong>, lend\u00e1rio piloto que d\u00e1 nome ao aut\u00f3dromo, realizada pela <strong>Esquadrilha da Fuma\u00e7a<\/strong>.<\/p>\n\n\n\n<figure class=\"wp-block-image size-large\"><img decoding=\"async\" src=\"https:\/\/www.grandepremio.com\/br\/wp-content\/uploads\/2025\/01\/imagem_2025-01-25_222128120-1200x763.png\" alt=\"\" class=\"wp-image-922129\"\/><figcaption class=\"wp-element-caption\">Jos\u00e9 Carlos Pace receber\u00e1 homenagem antes do GP de S\u00e3o Paulo (Foto: Reprodu\u00e7\u00e3o)<\/figcaption><\/figure>\n\n\n\n<p class=\"wp-block-paragraph\">Os ingressos para acompanhar o fim de semana da F1 em Interlagos j\u00e1 est\u00e3o esgotados. Os f\u00e3s ainda podem adquirir entradas para a Fanzone \u2014 que d\u00e3o direito aos tr\u00eas dias de evento \u2014 at\u00e9 quinta-feira (6), atrav\u00e9s do <a href=\"https:\/\/www.eventim.com.br\/campaign\/f1saopaulo\"><strong>site da Eventim<\/strong><\/a>, na <strong>bilheteria do Aut\u00f3dromo de Interlagos<\/strong> ou no ponto oficial do GP S\u00e3o Paulo no <strong>Shopping Cidade Jardim<\/strong>. O valor da inteira \u00e9 R$ 580, com meia-entrada por R$ 290. Quem comprou ingresso para os setores K, H, N, R, G e Arquibancada Porto tamb\u00e9m ter\u00e3o acesso \u00e0 \u00e1rea.<\/p>\n\n\n\n<h2 class=\"wp-block-heading\" id=\"h-programacao-f1-horarios-do-gp-de-sao-paulo-em-brasil-cabo-verde-portugal-angola-e-mocambique\"><strong>Programa\u00e7\u00e3o F1: hor\u00e1rios do GP de S\u00e3o Paulo em Brasil, Cabo Verde, Portugal, Angola e Mo\u00e7ambique:<\/strong><\/h2>\n\n\n\n<figure class=\"wp-block-table\"><table class=\"has-fixed-layout\"><tbody><tr><td><strong>Sess\u00e3o<\/strong><\/td><td><strong>BRA*<\/strong><\/td><td><strong>CBV<\/strong><\/td><td><strong>POR<\/strong><br><strong>ANG<\/strong><\/td><td><strong>MOZ<\/strong><\/td><\/tr><tr><td>Treino livre 1<\/td><td>11:30<\/td><td>13:30<\/td><td>15:30<\/td><td>16:30<\/td><\/tr><tr><td>Classifica\u00e7\u00e3o sprint<\/td><td>15:30<\/td><td>17:30<\/td><td>19:30<\/td><td>20:30<\/td><\/tr><tr><td>Corrida sprint<\/td><td>11:00<\/td><td>13:00<\/td><td>15:00<\/td><td>16:00<\/td><\/tr><tr><td>Classifica\u00e7\u00e3o<\/td><td>15:00<\/td><td>17:00<\/td><td>19:00<\/td><td>20:00<\/td><\/tr><tr><td>Corrida<\/td><td>14:00<\/td><td>16:00<\/td><td>18:00<\/td><td>19:00<\/td><\/tr><\/tbody><\/table><\/figure>\n\n\n\n<p class=\"wp-block-paragraph\"><em>*Hor\u00e1rio de Bras\u00edlia<\/em><\/p>\n\n\n\n<h2 class=\"wp-block-heading\" id=\"h-programacao-f4-brasil\"><strong>Programa\u00e7\u00e3o F4 Brasil:<\/strong><\/h2>\n\n\n\n<figure class=\"wp-block-table\"><table class=\"has-fixed-layout\"><tbody><tr><td>Treino livre 1<\/td><td>sexta-feira, 09:05<\/td><\/tr><tr><td>Classifica\u00e7\u00e3o<\/td><td>sexta-feira, 17:00<\/td><\/tr><tr><td>Corrida 1<\/td><td>s\u00e1bado, 09:25<\/td><\/tr><tr><td>Corrida 2<\/td><td>s\u00e1bado, 16:35<\/td><\/tr><tr><td>Corrida 3<\/td><td>domingo, 09:20<\/td><\/tr><\/tbody><\/table><\/figure>\n\n\n\n<h2 class=\"wp-block-heading\" id=\"h-programacao-porsche-sprint-challenge\"><strong>Programa\u00e7\u00e3o Porsche Sprint Challenge:<\/strong><\/h2>\n\n\n\n<figure class=\"wp-block-table\"><table class=\"has-fixed-layout\"><tbody><tr><td>Classifica\u00e7\u00e3o<\/td><td>sexta-feira, 13:00<\/td><\/tr><tr><td>Corrida 1<\/td><td>s\u00e1bado, 12:30<\/td><\/tr><tr><td>Corrida 2<\/td><td>domingo, 10:10<\/td><\/tr><\/tbody><\/table><\/figure>\n\n\n\n<h2 class=\"wp-block-heading\" id=\"h-programacao-porsche-carrera-cup\"><strong>Programa\u00e7\u00e3o Porsche Carrera Cup:<\/strong><\/h2>\n\n\n\n<figure class=\"wp-block-table\"><table class=\"has-fixed-layout\"><tbody><tr><td>Classifica\u00e7\u00e3o<\/td><td>sexta-feira, 14:00<\/td><\/tr><tr><td>Corrida 1<\/td><td>s\u00e1bado, 13:35<\/td><\/tr><tr><td>Corrida 2<\/td><td>domingo, 11:10<\/td><\/tr><\/tbody><\/table><\/figure>\n\n\n\n<h2 class=\"wp-block-heading\" id=\"h-programacao-fanzone\"><strong>Programa\u00e7\u00e3o Fanzone:<\/strong><\/h2>\n\n\n\n<figure class=\"wp-block-table\"><table class=\"has-fixed-layout\"><tbody><tr><td>Sexta-feira, 09:20<\/td><td>Driver&#8217;s Engagement (Red Bull, Racing Bulls, Ferrari, McLaren, Williams, Sauber e Aston Martin)<\/td><\/tr><tr><td>Sexta-feira, 10:45<\/td><td>Apresenta\u00e7\u00e3o Sele\u00e7\u00e3o Brasileira de Gin\u00e1stica R\u00edtmica<\/td><\/tr><tr><td>Sexta-feira, 13:40<\/td><td>Driver&#8217;s Engagement (Laurent Mekies)<\/td><\/tr><tr><td>Sexta-feira, 13:50<\/td><td>Driver&#8217;s Engagement (Ayao Komatsu)<\/td><\/tr><tr><td>Sexta-feira, 14:00<\/td><td>Driver&#8217;s Engagement (Paul Aron)<\/td><\/tr><tr><td>Sexta-feira, 18:20<\/td><td>Seu Jorge<\/td><\/tr><tr><td>Sexta-feira, ao longo do dia<\/td><td>DJ&#8217;s + ativa\u00e7\u00f5es + Papo de Grid<\/td><\/tr><tr><td>S\u00e1bado, 08:35<\/td><td>Driver&#8217;s Engagement (Mercedes, Haas e Alpine)<\/td><\/tr><tr><td>S\u00e1bado, 18:20<\/td><td>Matheus &amp; Kauan<\/td><\/tr><tr><td>S\u00e1bado, ao longo do dia<\/td><td>DJ&#8217;s + ativa\u00e7\u00f5es + Papo de Grid<\/td><\/tr><tr><td>Domingo, 16:15<\/td><td>Thiaguinho<\/td><\/tr><tr><td>Domingo, ao longo do dia<\/td><td>DJ&#8217;s + ativa\u00e7\u00f5es + Papo de Grid<\/td><\/tr><\/tbody><\/table><\/figure>\n\n\n\n<p class=\"wp-block-paragraph\"><em>*Toda a programa\u00e7\u00e3o est\u00e1 sujeita a modifica\u00e7\u00f5es sem aviso pr\u00e9vio<\/em><\/p>\n","protected":false},"excerpt":{"rendered":"<p>GP de S\u00e3o Paulo de 2025 ser\u00e1 repleto de atra\u00e7\u00f5es, al\u00e9m das atividades de pista, como shows na Fanzone, homenagem a Jos\u00e9 Carlos Pace pela Esquadrilha da Fuma\u00e7a e apresenta\u00e7\u00f5es da Sele\u00e7\u00e3o Brasileira de Gin\u00e1stica R\u00edtmica e bloco de carnaval<\/p>\n","protected":false},"author":0,"featured_media":1000892131,"comment_status":"closed","ping_status":"closed","sticky":false,"template":"","format":"standard","meta":{"42wp_featured_image_caption":"","42wp_featured_image_credits":"","42wp_featured_video":"","42wp_featured_image_hidden":false,"42wp_authors_list":[],"footnotes":""},"categories":[2],"tags":[783,26271,5273,147,3630,180,3628,26680,33329,1491,28285,30840,124,44101,32942,35129,25771,2380,44100,36865,42001],"42wp_author":[47164],"class_list":["post-15567","post","type-post","status-publish","format-standard","has-post-thumbnail","hentry","category-f1","tag-brasil","tag-calendario-f1","tag-classificacao-f1","tag-f1","tag-f1-2025","tag-formula-1","tag-formula-1-2025","tag-gp-de-sao-paulo","tag-gp-de-sao-paulo-f1","tag-grande-premio","tag-grandepremio","tag-horarios-f1","tag-interlagos","tag-interlagos-2025","tag-interlagos-f1","tag-onde-assistir-f1","tag-programacao","tag-sao-paulo","tag-sao-paulo-2025","tag-sao-paulo-f1","tag-temporada-2025-f1","42wp_author-marcos-gil-ribeiro"],"_links":{"self":[{"href":"https:\/\/grandepremio.com\/br\/wp-json\/wp\/v2\/posts\/15567","targetHints":{"allow":["GET"]}}],"collection":[{"href":"https:\/\/grandepremio.com\/br\/wp-json\/wp\/v2\/posts"}],"about":[{"href":"https:\/\/grandepremio.com\/br\/wp-json\/wp\/v2\/types\/post"}],"replies":[{"embeddable":true,"href":"https:\/\/grandepremio.com\/br\/wp-json\/wp\/v2\/comments?post=15567"}],"version-history":[{"count":0,"href":"https:\/\/grandepremio.com\/br\/wp-json\/wp\/v2\/posts\/15567\/revisions"}],"wp:featuredmedia":[{"embeddable":true,"href":"https:\/\/grandepremio.com\/br\/wp-json\/wp\/v2\/media\/1000892131"}],"wp:attachment":[{"href":"https:\/\/grandepremio.com\/br\/wp-json\/wp\/v2\/media?parent=15567"}],"wp:term":[{"taxonomy":"category","embeddable":true,"href":"https:\/\/grandepremio.com\/br\/wp-json\/wp\/v2\/categories?post=15567"},{"taxonomy":"post_tag","embeddable":true,"href":"https:\/\/grandepremio.com\/br\/wp-json\/wp\/v2\/tags?post=15567"},{"taxonomy":"42wp_author","embeddable":true,"href":"https:\/\/grandepremio.com\/br\/wp-json\/wp\/v2\/42wp_author?post=15567"}],"curies":[{"name":"wp","href":"https:\/\/api.w.org\/{rel}","templated":true}]}}