{"id":15586,"date":"2025-11-02T03:45:00","date_gmt":"2025-11-02T06:45:00","guid":{"rendered":"https:\/\/grandepremio.com\/br\/noticias\/tem-motogp-tv-hoje-saiba-quando-e-proxima-corrida-5\/"},"modified":"2025-11-03T10:49:10","modified_gmt":"2025-11-03T13:49:10","slug":"tem-motogp-tv-hoje-saiba-quando-e-proxima-corrida-5","status":"publish","type":"post","link":"https:\/\/grandepremio.com\/br\/motogp\/tem-motogp-tv-hoje-saiba-quando-e-proxima-corrida-5\/","title":{"rendered":"Tem MotoGP na TV hoje? Saiba quando \u00e9 a pr\u00f3xima corrida"},"content":{"rendered":"\n<p class=\"wp-block-paragraph\">O\u00a0<strong>Mundial de Motovelocidade<\/strong>\u00a0faz uma pausa neste fim de semana, mas segue com o calend\u00e1rio a partir do pr\u00f3ximo,\u00a0<strong>entre os dias 7 a 9 de novembro<\/strong>.<\/p>\n\n\n\n<p class=\"wp-block-paragraph\">Ap\u00f3s realizar o\u00a0<strong>GP da Mal\u00e1sia<\/strong>,\u00a0<strong>Moto3<\/strong>,\u00a0<strong>Moto2<\/strong>\u00a0e\u00a0<strong><a href=\"https:\/\/grandepremio.com\/motovelocidade\/\" target=\"_blank\" rel=\"noreferrer noopener\">MotoGP<\/a>\u00a0<\/strong>partem para o\u00a0<strong>GP de Portugal<\/strong>, direto de <strong>Portim\u00e3o<\/strong>. A etapa tamb\u00e9m marca a defini\u00e7\u00e3o do mundial da <strong>MotoE<\/strong>, que passar\u00e1 por um hiato ap\u00f3s o fim da temporada 2025.<\/p>\n\n\n\n<p class=\"wp-block-paragraph\">Ap\u00f3s os t\u00edtulos confirmados de <strong>Marc M\u00e1rquez<\/strong> na MotoGP e<strong> Jos\u00e9 Antonio Rueda <\/strong>na Moto3, a \u00fanica disputa aberta pelo t\u00edtulo est\u00e1 na Moto2. O brasileiro <strong>Diogo Moreira<\/strong> <a href=\"https:\/\/www.grandepremio.com\/br\/motogp\/noticias\/diogo-moreira-vira-malasia-abre-vantagem-manuel-gonzalez-confira-classificacao-moto2\/\">assumiu a lideran\u00e7a do campeonato ap\u00f3s a etapa em <strong>Sepang<\/strong><\/a> e tenta garantir o t\u00edtulo in\u00e9dito para o Brasil no Mundial de Motovelocidade.<\/p>\n\n\n\n<p class=\"wp-block-paragraph\">No Brasil, a\u00a0<a href=\"https:\/\/formula1aovivo.com\/\" target=\"_blank\" rel=\"noreferrer noopener\"><\/a><a href=\"https:\/\/formula1aovivo.com\/\" target=\"_blank\" rel=\"noreferrer noopener\">transmiss\u00e3o<\/a>\u00a0do campeonato\u00a0\u00e9 feita pela\u00a0<strong>ESPN 4<\/strong>\u00a0e pelo servi\u00e7o de streaming\u00a0<strong>Disney+.<\/strong>\u00a0A narra\u00e7\u00e3o fica por conta de\u00a0<strong>Hamilton Rodrigues<\/strong>, com coment\u00e1rios de\u00a0<strong>Fausto Macieira\u00a0<\/strong>e\u00a0<strong>Juliana Tesser.<\/strong><\/p>\n\n\n\n<figure class=\"wp-block-image size-large\"><img decoding=\"async\" src=\"https:\/\/www.grandepremio.com\/br\/wp-content\/uploads\/2024\/03\/000_34M83WZ-1024x683.jpg\" alt=\"\" class=\"wp-image-795814\"\/><figcaption class=\"wp-element-caption\">MotoGP retorna a Portim\u00e3o no pr\u00f3ximo fim de semana (Foto: AFP)<\/figcaption><\/figure>\n\n\n\n<p class=\"wp-block-paragraph\"><strong>\u25b6\ufe0f\u00a0Inscreva-se nos dois canais do GRANDE PR\u00caMIO no YouTube:\u00a0<a href=\"https:\/\/www.youtube.com\/channel\/UC9OlHEgxoaY6QY6nWPoiqQg?sub_confirmation=1\" target=\"_blank\" rel=\"noreferrer noopener\">GP<\/a>\u00a0|\u00a0<a href=\"https:\/\/www.youtube.com\/channel\/UC9csiS6q_C3C0FYhyr1rnFA?sub_confirmation=1\" target=\"_blank\" rel=\"noreferrer noopener\">GP2<\/a><\/strong><\/p>\n\n\n\n<p class=\"wp-block-paragraph\">Em\u00a0<strong><a href=\"https:\/\/grandepremio.pt\/\" target=\"_blank\" rel=\"noreferrer noopener\"><\/a><a href=\"https:\/\/grandepremio.pt\/\" target=\"_blank\" rel=\"noreferrer noopener\">Portugal<\/a><\/strong>, a\u00a0<strong>Sport TV 4<\/strong>\u00a0vai exibir as atividades do fim de semana. A equipe de\u00a0<a href=\"https:\/\/formula1aovivo.com\/\" target=\"_blank\" rel=\"noreferrer noopener\">transmiss\u00e3o<\/a>\u00a0tem\u00a0<strong>V\u00edtor Martins<\/strong>,\u00a0<strong>Francisco Galr\u00e3o<\/strong>,\u00a0<strong>V\u00edtor Carvalho\u00a0<\/strong>e\u00a0<strong>Rui Matias<\/strong>.<\/p>\n\n\n\n<p class=\"wp-block-paragraph\">A\u00a0<strong><a href=\"https:\/\/grandepremio.com\/motovelocidade\/\" target=\"_blank\" rel=\"noreferrer noopener\">Moto3<\/a>\u00a0<\/strong>volta a acelerar entre os dias 7 e 9 de novembro com o\u00a0<strong>GP de\u00a0<a href=\"https:\/\/grandepremio.pt\/\" target=\"_blank\" rel=\"noreferrer noopener\">Portugal<\/a><\/strong>, direto de\u00a0<strong>Portim\u00e3o<\/strong>, para a 21\u00aa etapa da temporada 2025. O\u00a0<strong>GRANDE PR\u00caMIO\u00a0<\/strong>faz a cobertura completa do evento, assim como das outras classes do\u00a0<strong>Mundial de\u00a0<a href=\"https:\/\/www.grandepremio.com\/motovelocidade\/\">Motovelocidade<\/a><\/strong><a href=\"https:\/\/www.grandepremio.com\/motovelocidade\/\">\u00a0<\/a>durante todo o ano.<\/p>\n\n\n\n<p class=\"wp-block-paragraph\"><strong>\u25b6\ufe0f\u00a0Inscreva-se nos dois canais do GRANDE PR\u00caMIO no YouTube:\u00a0<a href=\"https:\/\/www.youtube.com\/channel\/UC9OlHEgxoaY6QY6nWPoiqQg?sub_confirmation=1\" target=\"_blank\" rel=\"noreferrer noopener\">GP<\/a>\u00a0|\u00a0<a href=\"https:\/\/www.youtube.com\/channel\/UC9csiS6q_C3C0FYhyr1rnFA?sub_confirmation=1\" target=\"_blank\" rel=\"noreferrer noopener\">GP2<\/a><\/strong><\/p>\n\n\n\n<figure class=\"wp-block-embed is-type-video is-provider-youtube wp-block-embed-youtube wp-embed-aspect-16-9 wp-has-aspect-ratio\"><div class=\"wp-block-embed__wrapper\">\n<iframe loading=\"lazy\" title=\"MOREIRA TOMA LIDERAN\u00c7A DA MOTO2 NA MAL\u00c1SIA. E MOTO3 ASSUSTA | Paddock Sprint Moto\" width=\"500\" height=\"281\" src=\"https:\/\/www.youtube.com\/embed\/m4kMx_7txd4?feature=oembed\" frameborder=\"0\" allow=\"accelerometer; autoplay; clipboard-write; encrypted-media; gyroscope; picture-in-picture; web-share\" referrerpolicy=\"strict-origin-when-cross-origin\" allowfullscreen><\/iframe>\n<\/div><\/figure>\n","protected":false},"excerpt":{"rendered":"<p>Ap\u00f3s realizar o retorno do GP da Mal\u00e1sia, em Sepang, a MotoGP parte para o GP de Portugal, direto de Portim\u00e3o, no pr\u00f3ximo fim de semana<\/p>\n","protected":false},"author":0,"featured_media":1001026915,"comment_status":"closed","ping_status":"closed","sticky":false,"template":"","format":"standard","meta":{"42wp_featured_image_caption":"","42wp_featured_image_credits":"","42wp_featured_video":"","42wp_featured_image_hidden":false,"42wp_authors_list":[],"footnotes":""},"categories":[8],"tags":[24853,5214,8261,1491,28285,5455,78,39739,847,34187,13160,41828],"42wp_author":[47161],"class_list":["post-15586","post","type-post","status-publish","format-standard","has-post-thumbnail","hentry","category-motogp","tag-calendario-motogp","tag-classificacao-motogp","tag-gp-de-portugal","tag-grande-premio","tag-grandepremio","tag-horarios-motogp","tag-motogp","tag-motogp-2025","tag-mundial-de-motovelocidade","tag-onde-assistir-motogp","tag-portimao","tag-temporada-2025-da-motogp","42wp_author-kaio-esteves"],"_links":{"self":[{"href":"https:\/\/grandepremio.com\/br\/wp-json\/wp\/v2\/posts\/15586","targetHints":{"allow":["GET"]}}],"collection":[{"href":"https:\/\/grandepremio.com\/br\/wp-json\/wp\/v2\/posts"}],"about":[{"href":"https:\/\/grandepremio.com\/br\/wp-json\/wp\/v2\/types\/post"}],"replies":[{"embeddable":true,"href":"https:\/\/grandepremio.com\/br\/wp-json\/wp\/v2\/comments?post=15586"}],"version-history":[{"count":0,"href":"https:\/\/grandepremio.com\/br\/wp-json\/wp\/v2\/posts\/15586\/revisions"}],"wp:featuredmedia":[{"embeddable":true,"href":"https:\/\/grandepremio.com\/br\/wp-json\/wp\/v2\/media\/1001026915"}],"wp:attachment":[{"href":"https:\/\/grandepremio.com\/br\/wp-json\/wp\/v2\/media?parent=15586"}],"wp:term":[{"taxonomy":"category","embeddable":true,"href":"https:\/\/grandepremio.com\/br\/wp-json\/wp\/v2\/categories?post=15586"},{"taxonomy":"post_tag","embeddable":true,"href":"https:\/\/grandepremio.com\/br\/wp-json\/wp\/v2\/tags?post=15586"},{"taxonomy":"42wp_author","embeddable":true,"href":"https:\/\/grandepremio.com\/br\/wp-json\/wp\/v2\/42wp_author?post=15586"}],"curies":[{"name":"wp","href":"https:\/\/api.w.org\/{rel}","templated":true}]}}