{"id":15632,"date":"2025-10-30T12:50:36","date_gmt":"2025-10-30T15:50:36","guid":{"rendered":"https:\/\/grandepremio.com\/br\/noticias\/liam-lawson-culpa-carlos-sainz-toque-largada-mexico-precisa-ter-mais-consciencia\/"},"modified":"2025-10-30T13:02:09","modified_gmt":"2025-10-30T16:02:09","slug":"liam-lawson-culpa-carlos-sainz-toque-largada-mexico-precisa-ter-mais-consciencia","status":"publish","type":"post","link":"https:\/\/grandepremio.com\/br\/f1\/liam-lawson-culpa-carlos-sainz-toque-largada-mexico-precisa-ter-mais-consciencia\/","title":{"rendered":"Lawson culpa Sainz por toque na largada no M\u00e9xico: &#8220;Precisa ter mais consci\u00eancia&#8221;"},"content":{"rendered":"\n<p class=\"wp-block-paragraph\">A largada do <strong>GP da Cidade do M\u00e9xico<\/strong> de <strong>F\u00f3rmula 1 <\/strong>sempre promete muito caos chegando na curva 1, e n\u00e3o foi diferente na edi\u00e7\u00e3o 2025 da prova, <a href=\"https:\/\/www.grandepremio.com\/br\/f1\/noticias\/lando-norris-passeia-mexico-ve-oscar-piastri-5o-assume-lideranca-f1-2025-gabriel-bortoleto-10o\/\">realizada no \u00faltimo domingo (26)<\/a>. Depois dos primeiros metros da corrida, <strong>Liam Lawson<\/strong> acabou tocado por <strong>Carlos Sainz<\/strong>, que tentava fugir da bagun\u00e7a e cortar a chicane. O contato acabou danificando o assoalho da <strong>Racing Bulls<\/strong> e comprometendo o desempenho do neozeland\u00eas.<\/p>\n\n\n\n<p class=\"wp-block-paragraph\">Ap\u00f3s a corrida, que terminou com abandono do<strong> #30<\/strong>, Lawson lamentou o acidente com o piloto da <strong>Williams <\/strong>e apontou o dedo para Sainz, dizendo que o advers\u00e1rio &#8220;n\u00e3o olhou para a esquerda&#8221; na hora de desviar do caos e tentar cortar a chicane. Al\u00e9m disso, ainda disse que o espanhol &#8220;precisa ter mais consci\u00eancia&#8221;.<\/p>\n\n\n\n<p class=\"wp-block-paragraph\">Apesar da bronca dada ao advers\u00e1rio, Lawson reconhece que n\u00e3o foi uma batida proposital, mas refor\u00e7a que \u00e9 preciso estar mais &#8220;atento ao que est\u00e1 acontecendo&#8221; ao redor. No final, por conta do contato, o assoalho do carro da Racing Bulls ficou danificado, o que custou cerca de 3s por volta no decorrer da corrida.<\/p>\n\n\n\n<p class=\"wp-block-paragraph\">\u201cMuitos pilotos estavam escorregando na curva 1, mas deixei bastante espa\u00e7o ao lado de Carlos, e acho que ele decidiu cortar a chicane, s\u00f3 que n\u00e3o olhou para a esquerda, e eu estava bem ali. Ele acabou batendo em mim. \u00c9 algo muito frustrante. Acho que \u00e9 preciso ter mais consci\u00eancia, sinceramente. Ele destruiu o lado do meu carro, e tive de abandonar\u201d, descreveu Lawson no <strong>M\u00e9xico<\/strong>. <\/p>\n\n\n\n<figure class=\"wp-block-image size-large\"><img decoding=\"async\" src=\"https:\/\/www.grandepremio.com\/br\/wp-content\/uploads\/2025\/10\/mexico-2025-f1-corrida-racing-bulls-liam-lawson-03-1200x800.jpg\" alt=\"\" class=\"wp-image-1027257\"\/><figcaption class=\"wp-element-caption\">Liam Lawson ficou na bronca com Carlos Sainz (Foto: Red Bull Content Pool)<\/figcaption><\/figure>\n\n\n\n<p class=\"wp-block-paragraph\">\u201cN\u00e3o h\u00e1 muito o que dizer. N\u00e3o estou dizendo que fez isso de prop\u00f3sito. Tenho certeza de que n\u00e3o bateu em mim intencionalmente, mas \u00e9 uma daquelas situa\u00e7\u00f5es que acontecem\u201d, seguiu. <\/p>\n\n\n\n<p class=\"wp-block-paragraph\">\u201cEntendo que \u00e9 a curva 1, na primeira volta, \u00e9 ca\u00f3tico, mas tentamos estar atentos ao que est\u00e1 acontecendo. E n\u00e3o pode simplesmente decidir cortar a chicane sem olhar para a esquerda, porque ele me acertou com tanta for\u00e7a que destruiu toda a lateral do assoalho, quebrou a asa dianteira e acabou com a nossa corrida. Depois disso, est\u00e1vamos 3s por volta mais lentos\u201d, relatou Lawson. <\/p>\n\n\n\n<p class=\"wp-block-paragraph\">Ap\u00f3s o toque com Sainz, Lawson tamb\u00e9m foi for\u00e7ado a cortar a curva 1 e acabou deixando detritos pela pista, for\u00e7ando a entrada de fiscais para fazer a limpeza do trecho. O piloto da Racing Bulls, por sua vez, foi para os boxes fazer reparos, mas acabou se encontrando com os fiscais na sa\u00edda do pit-lane, quando passou pela curva 1 novamente. <\/p>\n\n\n\n<p class=\"wp-block-paragraph\">Liam chegou a se assustar com os fiscais ao passar pelo local. \u201cCara, que merda! Meus Deus, voc\u00eas est\u00e3o de brincadeira? Voc\u00ea viu isso?\u201d, indagou ao engenheiro de corrida,&nbsp;<strong>Ernesto Desiderio<\/strong>, que respondeu: \u201cSim, eu vi. Parab\u00e9ns por evitar isso\u201d.<\/p>\n\n\n\n<figure class=\"wp-block-image size-large\"><img decoding=\"async\" src=\"https:\/\/www.grandepremio.com\/br\/wp-content\/uploads\/2025\/10\/mexico-2025-f1-classificacao-williams-carlos-sainz-04-1200x800.jpg\" alt=\"\" class=\"wp-image-1026648\"\/><figcaption class=\"wp-element-caption\">Carlos Sainz se enroscou com Liam Lawson na largada do M\u00e9xico (Foto: Williams) <\/figcaption><\/figure>\n\n\n\n<p class=\"wp-block-paragraph\">No entanto, a <strong>OMDAI<\/strong>, entidade representante da&nbsp;<strong>FIA&nbsp;<\/strong>(<strong>Federa\u00e7\u00e3o Internacional de Automobilismo<\/strong>) na Am\u00e9rica do Norte e no Caribe, explicou que Lawson deveria ter desacelerado ao se aproximar da curva 1 por conta da presen\u00e7a de bandeira amarela dupla no setor e <a href=\"https:\/\/www.grandepremio.com\/br\/f1\/noticias\/entenda-por-que-federacao-mexico-culpou-liam-lawson-incidente-fiscais\/\">culpou o piloto pelo incidente<\/a>. <\/p>\n\n\n\n<p class=\"wp-block-paragraph\">A FIA&nbsp;<a href=\"https:\/\/www.grandepremio.com\/br\/f1\/noticias\/fia-promete-investigar-quase-acidente-liam-lawson-fiscais-pista-mexico\/\">declarou que abriu uma investiga\u00e7\u00e3o sobre o caso ap\u00f3s a corrida<\/a>, mas at\u00e9 o momento nenhuma decis\u00e3o foi divulgada.<\/p>\n\n\n\n<p class=\"wp-block-paragraph\">A&nbsp;<strong><a href=\"https:\/\/www.grandepremio.com\/br\/f1\/\" target=\"_blank\" rel=\"noreferrer noopener\"><\/a><a href=\"https:\/\/www.grandepremio.com\/br\/f1\/\" target=\"_blank\" rel=\"noreferrer noopener\">F\u00f3rmula 1<\/a><\/strong>&nbsp;volta de 7 a 9 de novembro direto do aut\u00f3dromo de Interlagos, no&nbsp;<strong>GP de&nbsp;<a href=\"https:\/\/www.grandepremio.com\/br\/circuito\/sao-paulo\/\" target=\"_blank\" rel=\"noreferrer noopener\"><\/a><a href=\"https:\/\/www.grandepremio.com\/br\/circuito\/sao-paulo\/\" target=\"_blank\" rel=\"noreferrer noopener\"><\/a><a href=\"https:\/\/www.grandepremio.com\/br\/circuito\/sao-paulo\/\" target=\"_blank\" rel=\"noreferrer noopener\"><\/a><a href=\"https:\/\/www.grandepremio.com\/br\/circuito\/sao-paulo\/\" target=\"_blank\" rel=\"noreferrer noopener\"><\/a><a href=\"https:\/\/www.grandepremio.com\/br\/circuito\/sao-paulo\/\" target=\"_blank\" rel=\"noreferrer noopener\"><\/a><a href=\"https:\/\/www.grandepremio.com\/br\/circuito\/sao-paulo\/\" target=\"_blank\" rel=\"noreferrer noopener\">S\u00e3o Paulo<\/a><\/strong>, que recebe a 21\u00aa etapa da temporada 2025. O&nbsp;<strong>GRANDE PR\u00caMIO<\/strong>&nbsp;acompanha todas as atividades&nbsp;<strong>IN LOCO<\/strong>.<\/p>\n\n\n\n<p class=\"wp-block-paragraph\">\u25b6\ufe0f&nbsp;<strong>Inscreva-se nos dois canais do GRANDE PR\u00caMIO no YouTube:&nbsp;<a href=\"https:\/\/www.youtube.com\/channel\/UC9OlHEgxoaY6QY6nWPoiqQg?sub_confirmation=1\" target=\"_blank\" rel=\"noreferrer noopener\">GP<\/a>&nbsp;|&nbsp;<a href=\"https:\/\/www.youtube.com\/channel\/UC9csiS6q_C3C0FYhyr1rnFA?sub_confirmation=1\" target=\"_blank\" rel=\"noreferrer noopener\">GP2<\/a><\/strong><\/p>\n\n\n\n<figure class=\"wp-block-embed is-type-video is-provider-youtube wp-block-embed-youtube wp-embed-aspect-16-9 wp-has-aspect-ratio\"><div class=\"wp-block-embed__wrapper\">\n<iframe loading=\"lazy\" title=\"FIA X MASSA, DRUGOVICH NA PISTA E C\u00c2MARA NA F2: ESPECIAL DOS BRASILEIROS | TTGP #203\" width=\"500\" height=\"281\" src=\"https:\/\/www.youtube.com\/embed\/gA6d_Z22dfs?feature=oembed\" frameborder=\"0\" allow=\"accelerometer; autoplay; clipboard-write; encrypted-media; gyroscope; picture-in-picture; web-share\" referrerpolicy=\"strict-origin-when-cross-origin\" allowfullscreen><\/iframe>\n<\/div><\/figure>\n","protected":false},"excerpt":{"rendered":"<p>Liam Lawson ficou na bronca com Carlos Sainz pelo toque que recebeu logo na largada do GP da Cidade do M\u00e9xico. O incidente danificou o assoalho da Racing Bulls #30 e &#8220;acabou com a corrida&#8221; do neozeland\u00eas<\/p>\n","protected":false},"author":0,"featured_media":1001027043,"comment_status":"closed","ping_status":"closed","sticky":false,"template":"","format":"standard","meta":{"42wp_featured_image_caption":"","42wp_featured_image_credits":"","42wp_featured_video":"","42wp_featured_image_hidden":false,"42wp_authors_list":[],"footnotes":""},"categories":[2],"tags":[487,546,5660,969,147,3630,642,160,103,180,3628,29827,1491,30103,28285,610,595,17551,38179,215],"42wp_author":[47162],"class_list":["post-15632","post","type-post","status-publish","format-standard","has-post-thumbnail","hentry","category-f1","tag-acidente","tag-carlos-sainz","tag-classificacao","tag-corrida","tag-f1","tag-f1-2025","tag-f1-ao-vivo","tag-f1-tv","tag-fia","tag-formula-1","tag-formula-1-2025","tag-gp-da-cidade-do-mexico","tag-grande-premio","tag-grande-premio-f1","tag-grandepremio","tag-largada","tag-liam-lawson","tag-mexico","tag-racing-bulls","tag-williams","42wp_author-giovani-danjo"],"_links":{"self":[{"href":"https:\/\/grandepremio.com\/br\/wp-json\/wp\/v2\/posts\/15632","targetHints":{"allow":["GET"]}}],"collection":[{"href":"https:\/\/grandepremio.com\/br\/wp-json\/wp\/v2\/posts"}],"about":[{"href":"https:\/\/grandepremio.com\/br\/wp-json\/wp\/v2\/types\/post"}],"replies":[{"embeddable":true,"href":"https:\/\/grandepremio.com\/br\/wp-json\/wp\/v2\/comments?post=15632"}],"version-history":[{"count":0,"href":"https:\/\/grandepremio.com\/br\/wp-json\/wp\/v2\/posts\/15632\/revisions"}],"wp:featuredmedia":[{"embeddable":true,"href":"https:\/\/grandepremio.com\/br\/wp-json\/wp\/v2\/media\/1001027043"}],"wp:attachment":[{"href":"https:\/\/grandepremio.com\/br\/wp-json\/wp\/v2\/media?parent=15632"}],"wp:term":[{"taxonomy":"category","embeddable":true,"href":"https:\/\/grandepremio.com\/br\/wp-json\/wp\/v2\/categories?post=15632"},{"taxonomy":"post_tag","embeddable":true,"href":"https:\/\/grandepremio.com\/br\/wp-json\/wp\/v2\/tags?post=15632"},{"taxonomy":"42wp_author","embeddable":true,"href":"https:\/\/grandepremio.com\/br\/wp-json\/wp\/v2\/42wp_author?post=15632"}],"curies":[{"name":"wp","href":"https:\/\/api.w.org\/{rel}","templated":true}]}}