{"id":15646,"date":"2025-10-30T04:45:00","date_gmt":"2025-10-30T07:45:00","guid":{"rendered":"https:\/\/grandepremio.com\/br\/noticias\/cla-andretti-encerra-sequencia-47-anos-indy-500-aposentadoria-marco-andretti\/"},"modified":"2025-10-29T18:37:26","modified_gmt":"2025-10-29T21:37:26","slug":"cla-andretti-encerra-sequencia-47-anos-indy-500-aposentadoria-marco-andretti","status":"publish","type":"post","link":"https:\/\/grandepremio.com\/br\/indy\/cla-andretti-encerra-sequencia-47-anos-indy-500-aposentadoria-marco-andretti\/","title":{"rendered":"Cl\u00e3 Andretti encerra sequ\u00eancia de 47 anos na Indy 500 com aposentadoria de Marco"},"content":{"rendered":"\n<p class=\"wp-block-paragraph\">O sobrenome <strong>Andretti <\/strong>\u00e9 reconhecido por todo o mundo do automobilismo, principalmente pelos feitos de <strong>Mario<\/strong>, campe\u00e3o da <strong>F1<\/strong> em 1978, tetra da <strong>Indy<\/strong> e vencedor das <strong>500 Milhas de Indian\u00e1polis de 1969<\/strong>. Apesar de uma outra por\u00e7\u00e3o de familiares terem sucesso nas pistas, os triunfos se resumiram aos <strong>Estados Unidos<\/strong>. Por\u00e9m, ap\u00f3s destaques sob os holofotes, a fam\u00edlia de origem italiana entra em um &#8220;buraco&#8221; quando o assunto \u00e9 <strong>Indy 500<\/strong>. Com <a href=\"https:\/\/www.grandepremio.com\/br\/indy\/noticias\/marco-andretti-anuncia-aposentadoria-pistas-38-anos-totalmente-em-paz\/\">a aposentadoria de<\/a> <strong>Marco<\/strong>, anunciada nesta <strong>quarta-feira (29)<\/strong>, a tend\u00eancia \u00e9 que nenhum piloto com o tradicional sobrenome dispute a tradicional prova em 2026, algo que n\u00e3o acontecia desde 1979, o que nos faz perguntar: qual ser\u00e1 o futuro dos Andretti?<\/p>\n\n\n\n<p class=\"wp-block-paragraph\">A hist\u00f3ria dos Andretti \u00e9 riqu\u00edssima nos <strong>Estados Unidos<\/strong>. Mario e o irm\u00e3o g\u00eameo, <strong>Aldo<\/strong>, sa\u00edram da <strong>It\u00e1lia<\/strong> ap\u00f3s viverem em um campo de refugiados ap\u00f3s a <strong>Segunda Guerra Mundial<\/strong> e desbravar o automobilismo norte-americano, ap\u00f3s se radicarem em <strong>Nazareth<\/strong>, na <strong>Pensilv\u00e2nia<\/strong>. O primeiro, como j\u00e1 mencionado, teve uma carreira muito mais chamativa do que o irm\u00e3o, que teve uma carreira curta na Indy \u2014 sob organiza\u00e7\u00e3o da USAC \u2014, que parou de correr em 1969, ap\u00f3s um grave acidente em <strong>Des Moines<\/strong>.<\/p>\n\n\n\n<p class=\"wp-block-paragraph\">A paix\u00e3o pelas corridas passou para os filhos. De Mario, nasceram <strong>Michael<\/strong>, campe\u00e3o da Indy em 1991 e com passagem pela F1, e Jeff, que se aposentou precocemente, assim como o tio, ap\u00f3s um acidente em 1992. <strong>John<\/strong>, vencedor das <strong>24H de Daytona<\/strong> e de duas corridas da Nascar, e <strong>Adam<\/strong>, piloto ainda ativo de carros de turismo, s\u00e3o os filhos de Aldo.<\/p>\n\n\n\n<p class=\"wp-block-paragraph\">Com a aposentadoria de Marco, o tradicional sobrenome deve demorar a aparecer na Indy ou na Nascar, as principais categorias do automobilismo norte-americano. Al\u00e9m de Adam, que ocasionalmente corre pela <strong>Trans-Am<\/strong>, <strong>Jarett<\/strong>, filho de John, \u00e9 o outro piloto em atividade que carrega o sobrenome Andretti, competindo no <strong>IMSA SportsCar<\/strong> e nos sprint cars.<\/p>\n\n\n\n<figure class=\"wp-block-image size-large\"><img decoding=\"async\" src=\"https:\/\/www.grandepremio.com\/br\/wp-content\/uploads\/2020\/12\/GPF1-3-1024x746.jpg\" alt=\"\" class=\"wp-image-444574\"\/><figcaption class=\"wp-element-caption\">Aldo, John e Mario (Foto: Mario Andretti\/Reprodu\u00e7\u00e3o)<\/figcaption><\/figure>\n\n\n\n<p class=\"wp-block-paragraph\">O sobrenome Andretti sempre pareceu onipresente quando o assunto \u00e9 automobilismo, mas o futuro, agora, passa a ser bastante incerto \u2014 pelo menos quando o tema \u00e9 ter sucesso nas principais categorias mundiais. Por mais que o pr\u00f3prio Marco n\u00e3o teve a carreira que se esperava, com apenas duas vit\u00f3rias na Indy, \u00e9 ineg\u00e1vel que manteve o sobrenome pulsante, sempre alimentando expectativas quando o assunto era 500 Milhas de Indian\u00e1polis, onde conquistou um expressivo segundo lugar em 2006.<\/p>\n\n\n\n<p class=\"wp-block-paragraph\">Em 2026, parece ser quase certo que n\u00e3o teremos um Andretti dentro da pista, algo que n\u00e3o acontece desde 1979. Na ocasi\u00e3o, Mario n\u00e3o competiu pelo fato de \u2014 vejam s\u00f3 \u2014 a prova coincidir com o <strong>GP de M\u00f4naco de F1<\/strong>, categoria na qual o norte-americano era o campe\u00e3o vigente.<\/p>\n\n\n\n<p class=\"wp-block-paragraph\">Mas seria poss\u00edvel um sobrenome t\u00e3o reconhecido se tornar apagado dentro do automobilismo? A resposta \u00e9 sim e n\u00e3o. Um exemplo \u00e9 a fam\u00edlia <strong>Unser<\/strong>, que teve tanto sucesso quanto a Andretti nos Estados Unidos, mas que parece estar muito distante de emplacar um piloto nas principais categorias do pa\u00eds. O n\u00e3o \u00e9 que, usando os pr\u00f3prios Unser como exemplo, os feitos j\u00e1 imortalizaram a fam\u00edlia no automobilismo e o legado transcende os <\/p>\n\n\n\n<p class=\"wp-block-paragraph\">Sem falar que os tent\u00e1culos dos Andretti dentro do automobilismo parecem bem fundamentados. A modalidade se tornou um neg\u00f3cio. Ok, Michael vendeu sua participa\u00e7\u00e3o na equipe da Indy, <strong>F\u00f3rmula E<\/strong> e outras categorias, mas, al\u00e9m de parecer estar atento ao mercado para voltar a ter uma opera\u00e7\u00e3o, possui uma rede de kart indoor, a <strong>Andretti Karting<\/strong> em cinco estados dos Estados Unidos \u2014 <strong>Fl\u00f3rida<\/strong>, <strong>Ge\u00f3rgia<\/strong>, <strong>Texas<\/strong>, <strong>Arizona<\/strong> e <strong>Oklahoma<\/strong>.<\/p>\n\n\n\n<figure class=\"wp-block-image size-large\"><img decoding=\"async\" src=\"https:\/\/www.grandepremio.com\/br\/wp-content\/uploads\/2020\/10\/1-Mario-e-Michael-Andretti-1024x684.jpg\" alt=\"\" class=\"wp-image-428372\"\/><figcaption class=\"wp-element-caption\">Mario Andretti, \u00e0 direita, e o filho Michael, \u00e0 esquerda (Foto: Indycar)<\/figcaption><\/figure>\n\n\n\n<p class=\"wp-block-paragraph\">A fam\u00edlia, de alguma forma, vai continuar respirando automobilismo, mas qual ser\u00e1 o futuro dos Andretti? No curto prazo, Adam e Jarett ser\u00e3o os respons\u00e1veis por manter o sobrenome ativo, mesmo que em categorias menores. Pensando em Indy, Nascar ou at\u00e9 mesmo a sequ\u00eancia na pista, os olhares est\u00e3o sobre os g\u00eameos de Michael, <strong>Mario<\/strong> e <strong>Miati<\/strong>, de apenas 11 anos, filhos do terceiro casamento do ex-piloto, que est\u00e3o em idade para serem introduzidos no kart. No entanto, pouco tem sido divulgado sobre os passos das crian\u00e7as no automobilismo. Depois deles, a fila \u00e9 puxada por <strong>Miura<\/strong>, filha de Marco e bisneta de Mario Andretti, mas que rec\u00e9m completou um ano.<\/p>\n\n\n\n<p class=\"wp-block-paragraph\">montado na cidade localizada na Fl\u00f3rida.<\/p>\n\n\n\n<p class=\"wp-block-paragraph\">\u25b6\ufe0f\u00a0<strong>Inscreva-se nos dois canais do GRANDE PR\u00caMIO no YouTube:\u00a0<a href=\"https:\/\/www.youtube.com\/channel\/UC9OlHEgxoaY6QY6nWPoiqQg?sub_confirmation=1\" target=\"_blank\" rel=\"noreferrer noopener\">GP<\/a>\u00a0|\u00a0<a href=\"https:\/\/www.youtube.com\/channel\/UC9csiS6q_C3C0FYhyr1rnFA?sub_confirmation=1\" target=\"_blank\" rel=\"noreferrer noopener\">GP2<\/a><\/strong><br><strong>LEIA MAIS:<\/strong>\u00a0<a href=\"https:\/\/www.grandepremio.com\/br\/indy\/noticias\/marco-andretti-anuncia-aposentadoria-pistas-38-anos-totalmente-em-paz\/\">Marco Andretti anuncia aposentadoria das pistas aos 38 anos: \u201cTotalmente em paz\u201d<\/a><\/p>\n\n\n\n<p class=\"wp-block-paragraph\"><\/p>\n","protected":false},"excerpt":{"rendered":"<p>O sobrenome Andretti n\u00e3o deve aparecer nas pistas da Indy 500 por um bom tempo. Qual ser\u00e1 o futuro da tradicional fam\u00edlia no automobilismo?<\/p>\n","protected":false},"author":0,"featured_media":1000408157,"comment_status":"closed","ping_status":"closed","sticky":false,"template":"","format":"standard","meta":{"42wp_featured_image_caption":"","42wp_featured_image_credits":"","42wp_featured_video":"","42wp_featured_image_hidden":false,"42wp_authors_list":[],"footnotes":""},"categories":[3],"tags":[417,28552,6133,1579,41085,1491,28285,35361,93,39054,232,32908,2422,531,1181,29784,265,41036,3133],"42wp_author":[47155],"class_list":["post-15646","post","type-post","status-publish","format-standard","has-post-thumbnail","hentry","category-indy","tag-andretti","tag-calendario-indy","tag-classificacao-indy","tag-colton-herta","tag-dan-towriss","tag-grande-premio","tag-grandepremio","tag-horarios-indy","tag-indy","tag-indy-2025","tag-indy-500","tag-indy-nxt","tag-marco-andretti","tag-mario-andretti","tag-michael-andretti","tag-onde-assistir-indy","tag-penske","tag-temporada-2025-da-indy","tag-will-power","42wp_author-daniel-balsa"],"_links":{"self":[{"href":"https:\/\/grandepremio.com\/br\/wp-json\/wp\/v2\/posts\/15646","targetHints":{"allow":["GET"]}}],"collection":[{"href":"https:\/\/grandepremio.com\/br\/wp-json\/wp\/v2\/posts"}],"about":[{"href":"https:\/\/grandepremio.com\/br\/wp-json\/wp\/v2\/types\/post"}],"replies":[{"embeddable":true,"href":"https:\/\/grandepremio.com\/br\/wp-json\/wp\/v2\/comments?post=15646"}],"version-history":[{"count":0,"href":"https:\/\/grandepremio.com\/br\/wp-json\/wp\/v2\/posts\/15646\/revisions"}],"wp:featuredmedia":[{"embeddable":true,"href":"https:\/\/grandepremio.com\/br\/wp-json\/wp\/v2\/media\/1000408157"}],"wp:attachment":[{"href":"https:\/\/grandepremio.com\/br\/wp-json\/wp\/v2\/media?parent=15646"}],"wp:term":[{"taxonomy":"category","embeddable":true,"href":"https:\/\/grandepremio.com\/br\/wp-json\/wp\/v2\/categories?post=15646"},{"taxonomy":"post_tag","embeddable":true,"href":"https:\/\/grandepremio.com\/br\/wp-json\/wp\/v2\/tags?post=15646"},{"taxonomy":"42wp_author","embeddable":true,"href":"https:\/\/grandepremio.com\/br\/wp-json\/wp\/v2\/42wp_author?post=15646"}],"curies":[{"name":"wp","href":"https:\/\/api.w.org\/{rel}","templated":true}]}}