{"id":15688,"date":"2025-10-28T14:35:52","date_gmt":"2025-10-28T17:35:52","guid":{"rendered":"https:\/\/grandepremio.com\/br\/noticias\/com-dois-brasileiros-confira-como-esta-grid-temporada-2026-formula-2\/"},"modified":"2025-10-28T14:40:17","modified_gmt":"2025-10-28T17:40:17","slug":"com-dois-brasileiros-confira-como-esta-grid-temporada-2026-formula-2","status":"publish","type":"post","link":"https:\/\/grandepremio.com\/br\/f2\/com-dois-brasileiros-confira-como-esta-grid-temporada-2026-formula-2\/","title":{"rendered":"Com dois brasileiros, confira como est\u00e1 grid da temporada 2026 da F\u00f3rmula 2"},"content":{"rendered":"\n<p class=\"wp-block-paragraph\">O <a href=\"https:\/\/www.grandepremio.com\/br\/f2\/noticias\/rafael-camara-segue-passos-gabriel-bortoleto-fecha-invicta-disputa-f2-2026\/\">an\u00fancio de <strong>Rafael C\u00e2mara<\/strong> feito pela <strong>Invicta<\/strong><\/a> nesta ter\u00e7a-feira (28) foi mais um movimento importante na defini\u00e7\u00e3o do grid da temporada 2026 da <strong>F\u00f3rmula 2<\/strong>. Das 22 vagas dispon\u00edveis para o pr\u00f3ximo ano, apenas dez est\u00e3o ocupadas at\u00e9 o momento, incluindo dois brasileiros, j\u00e1 que, al\u00e9m do atual campe\u00e3o da <strong>F\u00f3rmula 3<\/strong>, <strong>Emerson Fittipaldi Jr<\/strong>. garantiu um lugar na <strong>AIX<\/strong>.<\/p>\n\n\n\n<p class=\"wp-block-paragraph\">O mercado de pilotos da principal categoria de acesso tem estado em constante agita\u00e7\u00e3o desde que <strong>Colton Herta<\/strong>, estrela da <strong>Indy<\/strong> e contratado pela <strong>Cadillac<\/strong> <a href=\"https:\/\/www.grandepremio.com\/br\/f1\/noticias\/cadillac-anuncia-colton-herta-piloto-testes-entrada-formula-1-2026\/\">como respons\u00e1vel pelos testes<\/a>, informou que <a href=\"https:\/\/www.grandepremio.com\/br\/f2\/noticias\/colton-herta-consolida-salto-formula-2-assina-hitech-temporada-2026\/\">vai competir pela <strong>Hitech<\/strong><\/a> nessa mudan\u00e7a de rumo na carreira. O companheiro de equipe do norte-americano ainda n\u00e3o foi anunciado.<\/p>\n\n\n\n<p class=\"wp-block-paragraph\">Na verdade, al\u00e9m da Invicta, que j\u00e1 havia <a href=\"https:\/\/www.grandepremio.com\/br\/f2\/noticias\/invicta-dams-van-amersfoort-confirmam-contratacoes-f2-2026\/\">comunicado a parceria com <strong>Joshua D\u00fcrksen<\/strong><\/a>, apenas dois times confirmaram a escala\u00e7\u00e3o completa: AIX e <strong>Campos<\/strong>. Enquanto a primeira apostou em <strong>Cian Shields<\/strong> ao lado de Fittipaldi Jr., a segunda garantiu <strong>Nikola Tsolov<\/strong> e <strong>Noel Le\u00f3n<\/strong>.<\/p>\n\n\n\n<p class=\"wp-block-paragraph\">A <strong><strong>Van Amersfoort<\/strong><\/strong>, por sua vez, anunciou somente o argentino <strong>Nicol\u00e1s Varrone<\/strong> at\u00e9 este momento, enquanto a <strong>DAMS<\/strong> recebeu o sueco <strong>Dino Beganovic<\/strong> de bra\u00e7os abertos. Por fim, o noruegu\u00eas <strong>Martinius Stenshorne<\/strong> foi o \u00fanico escalado pela <strong>Rodin<\/strong>.<\/p>\n\n\n\n<figure class=\"wp-block-image size-large\"><img decoding=\"async\" src=\"https:\/\/www.grandepremio.com\/br\/wp-content\/uploads\/2025\/07\/Imagem-do-WhatsApp-de-2025-07-09-as-13.06.58_0f0fd4e9-1200x861.jpg\" alt=\"\" class=\"wp-image-990350\"\/><figcaption class=\"wp-element-caption\">Al\u00e9m de Rafael C\u00e2mara, Emerson Fittipaldi Jr. tamb\u00e9m est\u00e1 no grid da F\u00f3rmula 2 2026 (Foto: AIX Racing)<\/figcaption><\/figure>\n\n\n\n<p class=\"wp-block-paragraph\">\u25b6\ufe0f <strong>Inscreva-se nos dois canais do GRANDE PR\u00caMIO no YouTube:\u00a0<a href=\"https:\/\/www.youtube.com\/channel\/UC9OlHEgxoaY6QY6nWPoiqQg?sub_confirmation=1\" target=\"_blank\" rel=\"noreferrer noopener\">GP<\/a>\u00a0|\u00a0<a href=\"https:\/\/www.youtube.com\/channel\/UC9csiS6q_C3C0FYhyr1rnFA?sub_confirmation=1\" target=\"_blank\" rel=\"noreferrer noopener\">GP2<\/a><\/strong><br>\u25b6\ufe0f <strong>LEIA TAMB\u00c9M:\u00a0<a href=\"https:\/\/www.grandepremio.com\/br\/f1\/noticias\/fia-divulga-relatorio-final-equipes-conformidade-teto-gastos-f1-2024\/\">FIA divulga relat\u00f3rio final com equipes em conformidade com teto de gastos da F1 2024<\/a><\/strong><\/p>\n\n\n\n<p class=\"wp-block-paragraph\">A\u00a0<strong><a href=\"https:\/\/www.grandepremio.com\/br\/f2\/\" target=\"_blank\" rel=\"noreferrer noopener\"><\/a><a href=\"https:\/\/www.grandepremio.com\/br\/f2\/\" target=\"_blank\" rel=\"noreferrer noopener\">F\u00f3rmula 2<\/a>\u00a0<\/strong>retorna no final de novembro, de 28 a 30, com a\u00a0<strong>rodada do Catar<\/strong>, a pen\u00faltima da temporada 2025. O campeonato de 2026, por sua vez, tem in\u00edcio no dia 7 de mar\u00e7o em\u00a0<a href=\"https:\/\/www.grandepremio.com\/br\/circuito\/melbourne\/\" target=\"_blank\" rel=\"noreferrer noopener\"><strong>Melbourne<\/strong><\/a>, na <strong>Austr\u00e1lia<\/strong>.<\/p>\n\n\n\n<p class=\"wp-block-paragraph\" style=\"font-size:30px\"><strong>Confira como est\u00e1 o grid da F\u00f3rmula 2:<\/strong><\/p>\n\n\n\n<figure class=\"wp-block-table\"><table class=\"has-fixed-layout\"><tbody><tr><td><strong>Equipe<\/strong><\/td><td><strong>Carro 1<\/strong><\/td><td><strong>Carro 2<\/strong><\/td><\/tr><tr><td>Invicta<\/td><td>Rafael C\u00e2mara<\/td><td>Joshua D\u00fcrksen<\/td><\/tr><tr><td>Hitech<\/td><td>Colton Herta<\/td><td><em>A definir<\/em><\/td><\/tr><tr><td>Campos<\/td><td>Nikola Tsolov<\/td><td>Noel L\u00e9on<\/td><\/tr><tr><td>DAMS<\/td><td>Dino Beganovic<\/td><td><em>A definir<\/em><\/td><\/tr><tr><td>MP Motorsport<\/td><td><em>A definir<\/em><\/td><td><em>A definir<\/em><\/td><\/tr><tr><td>Rodin<\/td><td>Martinius Stenshorne<\/td><td><em>A definir<\/em><\/td><\/tr><tr><td>Prema<\/td><td><em>A definir<\/em><\/td><td><em>A definir<\/em><\/td><\/tr><tr><td>ART<\/td><td><em>A definir<\/em><\/td><td><em>A definir<\/em><\/td><\/tr><tr><td>AIX<\/td><td>Cian Shields<\/td><td>Emerson Fittipaldi Jr.<\/td><\/tr><tr><td>VAR<\/td><td>Nicol\u00e1s Varrone<\/td><td><em>A definir<\/em><\/td><\/tr><tr><td>Trident<\/td><td><em>A definir<\/em><\/td><td><em>A definir<\/em><\/td><\/tr><\/tbody><\/table><\/figure>\n\n\n\n<figure class=\"wp-block-embed is-type-video is-provider-youtube wp-block-embed-youtube wp-embed-aspect-16-9 wp-has-aspect-ratio\"><div class=\"wp-block-embed__wrapper\">\n<iframe loading=\"lazy\" title=\"NORRIS ENGATA RUMO AO T\u00cdTULO DA F1 CONTRA VERSTAPPEN E PIASTRI? | Paddock GP #438 [grande premio]\" width=\"500\" height=\"281\" src=\"https:\/\/www.youtube.com\/embed\/zbydt6NPEnA?feature=oembed\" frameborder=\"0\" allow=\"accelerometer; autoplay; clipboard-write; encrypted-media; gyroscope; picture-in-picture; web-share\" referrerpolicy=\"strict-origin-when-cross-origin\" allowfullscreen><\/iframe>\n<\/div><\/figure>\n","protected":false},"excerpt":{"rendered":"<p>Rafael C\u00e2mara e Emerson Fittipaldi Jr. foram anunciados como representantes do Brasil na F\u00f3rmula 2 em 2026, pela Invicta e AIX, respectivamente<\/p>\n","protected":false},"author":0,"featured_media":1000999711,"comment_status":"closed","ping_status":"closed","sticky":false,"template":"","format":"standard","meta":{"42wp_featured_image_caption":"","42wp_featured_image_credits":"","42wp_featured_video":"","42wp_featured_image_hidden":false,"42wp_authors_list":[],"footnotes":""},"categories":[9],"tags":[6086,29654,3158,30246,111,41547,43856,2208,41881,43857,1491,28285,114,35029,35937,35030,349,27860,33638,41882],"42wp_author":[47160],"class_list":["post-15688","post","type-post","status-publish","format-standard","has-post-thumbnail","hentry","category-f2","tag-art","tag-calendario-f2","tag-campos","tag-classificacao-f2","tag-f2","tag-f2-2025","tag-f2-2026","tag-formula-2","tag-formula-2-2025","tag-formula-2-2026","tag-grande-premio","tag-grandepremio","tag-hitech","tag-horarios-f2","tag-invicta","tag-onde-assistir-f2","tag-prema","tag-rafael-camara","tag-rodin","tag-temporada-2025-f2","42wp_author-vicente-soella"],"_links":{"self":[{"href":"https:\/\/grandepremio.com\/br\/wp-json\/wp\/v2\/posts\/15688","targetHints":{"allow":["GET"]}}],"collection":[{"href":"https:\/\/grandepremio.com\/br\/wp-json\/wp\/v2\/posts"}],"about":[{"href":"https:\/\/grandepremio.com\/br\/wp-json\/wp\/v2\/types\/post"}],"replies":[{"embeddable":true,"href":"https:\/\/grandepremio.com\/br\/wp-json\/wp\/v2\/comments?post=15688"}],"version-history":[{"count":0,"href":"https:\/\/grandepremio.com\/br\/wp-json\/wp\/v2\/posts\/15688\/revisions"}],"wp:featuredmedia":[{"embeddable":true,"href":"https:\/\/grandepremio.com\/br\/wp-json\/wp\/v2\/media\/1000999711"}],"wp:attachment":[{"href":"https:\/\/grandepremio.com\/br\/wp-json\/wp\/v2\/media?parent=15688"}],"wp:term":[{"taxonomy":"category","embeddable":true,"href":"https:\/\/grandepremio.com\/br\/wp-json\/wp\/v2\/categories?post=15688"},{"taxonomy":"post_tag","embeddable":true,"href":"https:\/\/grandepremio.com\/br\/wp-json\/wp\/v2\/tags?post=15688"},{"taxonomy":"42wp_author","embeddable":true,"href":"https:\/\/grandepremio.com\/br\/wp-json\/wp\/v2\/42wp_author?post=15688"}],"curies":[{"name":"wp","href":"https:\/\/api.w.org\/{rel}","templated":true}]}}