{"id":15690,"date":"2025-10-28T14:10:13","date_gmt":"2025-10-28T17:10:13","guid":{"rendered":"https:\/\/grandepremio.com\/br\/noticias\/gabriel-bortoleto-confirma-participacao-edicao-2025-500-milhas-kart-granja-viana\/"},"modified":"2025-10-28T14:59:55","modified_gmt":"2025-10-28T17:59:55","slug":"gabriel-bortoleto-confirma-participacao-edicao-2025-500-milhas-kart-granja-viana","status":"publish","type":"post","link":"https:\/\/grandepremio.com\/br\/kart\/gabriel-bortoleto-confirma-participacao-edicao-2025-500-milhas-kart-granja-viana\/","title":{"rendered":"Bortoleto confirma participa\u00e7\u00e3o na edi\u00e7\u00e3o 2025 das 500 Milhas de Kart da Granja Viana"},"content":{"rendered":"\n<p class=\"wp-block-paragraph\"><strong>Gabriel Bortoleto<\/strong> estar\u00e1 presente mais uma vez nas <strong>500 Milhas de Kart<\/strong>, marcadas para o dia 20 de dezembro no <strong>Kart\u00f3dromo Granja Viana<\/strong>, em <strong>Cotia <\/strong>(SP). O an\u00fancio foi feito nesta ter\u00e7a-feira (28), confirmando a participa\u00e7\u00e3o do atual campe\u00e3o da prova na 27\u00aa edi\u00e7\u00e3o da corrida, considerada uma das mais tradicionais do kartismo brasileiro, pela equipe <strong>CAR<\/strong>. <\/p>\n\n\n\n<p class=\"wp-block-paragraph\">O atual titular da <strong>Sauber <\/strong>na <strong>F\u00f3rmula 1 <\/strong>j\u00e1 tem hist\u00f3ria na prova, <a href=\"https:\/\/www.grandepremio.com\/br\/kart\/noticias\/time-gabriel-bortoleto-felipe-drugovich-toma-ponta-hora-final-leva-500-milhas-kart\/\">tendo vencido a \u00faltima.<\/a> Na ocasi\u00e3o, triunfou ao dividir o carro com o irm\u00e3o, <strong>Enzo Bortoleto<\/strong>, <strong>Felipe Drugovich<\/strong>, <strong>Caio Collet<\/strong>, <strong>S\u00e9rgio Sette C\u00e2mara<\/strong> e <strong>Clement Novalak<\/strong>. A equipe CAR, por sua vez, j\u00e1 tem cinco conquistas, incluindo as \u00faltimas quatro de forma consecutiva. <\/p>\n\n\n\n<p class=\"wp-block-paragraph\">&#8220;Estou muito feliz em voltar a competir nas 500 Milhas da Granja&#8221;, disse Bortoleto. &#8220;Desde os meus tempos das provas de kart oficiais, sempre montamos times vencedores junto com a CAR. \u00c9 sempre o \u00faltimo evento em pista do ano e, de forma profissional, n\u00e3o deixa de ser um grande momento de reencontrar os amigos e uma confraterniza\u00e7\u00e3o do jeito que mais gostamos&#8221;, seguiu. <\/p>\n\n\n\n<figure class=\"wp-block-image size-large\"><img decoding=\"async\" src=\"https:\/\/www.grandepremio.com\/br\/wp-content\/uploads\/2025\/10\/mexico-2025-f1-quinta-feira-sauber-gabriel-bortoleto-02-1200x800.jpg\" alt=\"\" class=\"wp-image-1025483\"\/><figcaption class=\"wp-element-caption\">Gabriel Bortoleto disputa as 500 Milhas de Kart mais uma vez (Foto: Sauber)<\/figcaption><\/figure>\n\n\n\n<p class=\"wp-block-paragraph\">&#8220;Junto com meu irm\u00e3o, no kart #85, e todo o time da CAR, vamos focados em busca de mais uma conquista&#8221;, encerrou. <\/p>\n\n\n\n<p class=\"wp-block-paragraph\">Bortoleto faz parte de uma seleta lista de brasileiros com passagens na F\u00f3rmula 1 e que venceram as 500 Milhas da Granja. A lista tamb\u00e9m inclui <strong>Rubens Barrichello<\/strong>, <strong>Christian Fittipaldi<\/strong>, <strong>Felipe Massa<\/strong>, <strong>Lucas Di Grassi<\/strong> e <strong>Luciano Burti<\/strong>.<\/p>\n\n\n\n<p class=\"wp-block-paragraph\">Outros nomes de destaque tamb\u00e9m j\u00e1 triunfaram na prova, como <strong>Tony Kanaan<\/strong>, <strong>Felipe Giaffone<\/strong> e <strong>Vitor Meira<\/strong>, nomes com passagem pela Indy, e <strong>Alex Barros<\/strong>, a mais importante figura do motociclismo brasileiro. <\/p>\n\n\n\n<p class=\"wp-block-paragraph\">\u25b6\ufe0f\u00a0<strong>Inscreva-se nos dois canais do GRANDE PR\u00caMIO no YouTube:\u00a0<a href=\"https:\/\/www.youtube.com\/channel\/UC9OlHEgxoaY6QY6nWPoiqQg?sub_confirmation=1\" target=\"_blank\" rel=\"noreferrer noopener\">GP<\/a>\u00a0|\u00a0<a href=\"https:\/\/www.youtube.com\/channel\/UC9csiS6q_C3C0FYhyr1rnFA?sub_confirmation=1\" target=\"_blank\" rel=\"noreferrer noopener\">GP2<\/a><\/strong><\/p>\n\n\n\n<figure class=\"wp-block-embed is-type-video is-provider-youtube wp-block-embed-youtube wp-embed-aspect-16-9 wp-has-aspect-ratio\"><div class=\"wp-block-embed__wrapper\">\n<iframe loading=\"lazy\" title=\"NORRIS ENGATA RUMO AO T\u00cdTULO DA F1 CONTRA VERSTAPPEN E PIASTRI? | Paddock GP #438 [grande premio]\" width=\"500\" height=\"281\" src=\"https:\/\/www.youtube.com\/embed\/zbydt6NPEnA?feature=oembed\" frameborder=\"0\" allow=\"accelerometer; autoplay; clipboard-write; encrypted-media; gyroscope; picture-in-picture; web-share\" referrerpolicy=\"strict-origin-when-cross-origin\" allowfullscreen><\/iframe>\n<\/div><\/figure>\n\n\n\n<p class=\"wp-block-paragraph\"><a href=\"https:\/\/www.grandepremio.com\/br\/chefao\/\" target=\"_blank\" rel=\"noreferrer noopener\"><\/a><\/p>\n","protected":false},"excerpt":{"rendered":"<p>Mais uma vez, Gabriel Bortoleto estar\u00e1 presente na disputa das 500 Milhas de Kart, na Granja Viana. O brasileiro titular da Sauber na F1 \u00e9 o atual campe\u00e3o da prova<\/p>\n","protected":false},"author":0,"featured_media":1001027917,"comment_status":"closed","ping_status":"closed","sticky":false,"template":"","format":"standard","meta":{"42wp_featured_image_caption":"","42wp_featured_image_credits":"","42wp_featured_video":"","42wp_featured_image_hidden":false,"42wp_authors_list":[],"footnotes":""},"categories":[6],"tags":[1415,5660,969,147,3630,642,160,180,3628,350,1491,30103,28285,1416,1461],"42wp_author":[47162],"class_list":["post-15690","post","type-post","status-publish","format-standard","has-post-thumbnail","hentry","category-kart","tag-500-milhas-kart","tag-classificacao","tag-corrida","tag-f1","tag-f1-2025","tag-f1-ao-vivo","tag-f1-tv","tag-formula-1","tag-formula-1-2025","tag-gabriel-bortoleto","tag-grande-premio","tag-grande-premio-f1","tag-grandepremio","tag-granja-viana","tag-kart","42wp_author-giovani-danjo"],"_links":{"self":[{"href":"https:\/\/grandepremio.com\/br\/wp-json\/wp\/v2\/posts\/15690","targetHints":{"allow":["GET"]}}],"collection":[{"href":"https:\/\/grandepremio.com\/br\/wp-json\/wp\/v2\/posts"}],"about":[{"href":"https:\/\/grandepremio.com\/br\/wp-json\/wp\/v2\/types\/post"}],"replies":[{"embeddable":true,"href":"https:\/\/grandepremio.com\/br\/wp-json\/wp\/v2\/comments?post=15690"}],"version-history":[{"count":0,"href":"https:\/\/grandepremio.com\/br\/wp-json\/wp\/v2\/posts\/15690\/revisions"}],"wp:featuredmedia":[{"embeddable":true,"href":"https:\/\/grandepremio.com\/br\/wp-json\/wp\/v2\/media\/1001027917"}],"wp:attachment":[{"href":"https:\/\/grandepremio.com\/br\/wp-json\/wp\/v2\/media?parent=15690"}],"wp:term":[{"taxonomy":"category","embeddable":true,"href":"https:\/\/grandepremio.com\/br\/wp-json\/wp\/v2\/categories?post=15690"},{"taxonomy":"post_tag","embeddable":true,"href":"https:\/\/grandepremio.com\/br\/wp-json\/wp\/v2\/tags?post=15690"},{"taxonomy":"42wp_author","embeddable":true,"href":"https:\/\/grandepremio.com\/br\/wp-json\/wp\/v2\/42wp_author?post=15690"}],"curies":[{"name":"wp","href":"https:\/\/api.w.org\/{rel}","templated":true}]}}