{"id":15691,"date":"2025-10-28T13:29:00","date_gmt":"2025-10-28T16:29:00","guid":{"rendered":"https:\/\/grandepremio.com\/br\/noticias\/dan-ticktum-lidera-tarde-2o-dia-testes-formula-e-valencia-felipe-drugovich-16o\/"},"modified":"2025-10-28T13:43:24","modified_gmt":"2025-10-28T16:43:24","slug":"dan-ticktum-lidera-tarde-2o-dia-testes-formula-e-valencia-felipe-drugovich-16o","status":"publish","type":"post","link":"https:\/\/grandepremio.com\/br\/formula-e\/dan-ticktum-lidera-tarde-2o-dia-testes-formula-e-valencia-felipe-drugovich-16o\/","title":{"rendered":"Ticktum lidera tarde do 2\u00ba dia de testes da F\u00f3rmula E em Val\u00eancia. Drugovich \u00e9 16\u00ba"},"content":{"rendered":"\n<p class=\"wp-block-paragraph\">Ap\u00f3s a <a href=\"https:\/\/www.grandepremio.com\/br\/formula-e\/noticias\/nico-muller-punicao-edoardo-mortara-corrida-simulada-formula-e-felipe-drugovich-9o\/\" target=\"_blank\" rel=\"noreferrer noopener\">corrida simulada que abriu a tarde<\/a> do segundo dia de pr\u00e9-temporada da <strong>F\u00f3rmula E<\/strong>, nesta ter\u00e7a-feira (28), a categoria realizou uma nova sess\u00e3o cronometrada em Val\u00eancia e fechou com lideran\u00e7a de <strong>Dan Ticktum<\/strong>. Com o carro da <strong>Cupra Kiro<\/strong>, o brit\u00e2nico anotou <strong>1min21s746 <\/strong>no giro mais r\u00e1pido e superou a <strong>Porsche <\/strong>de <strong>Nico M\u00fcller<\/strong>, vencedor da prova anterior, por <strong>0s181<\/strong>. <strong>Taylor Barnard<\/strong> completou o top-3 pela <strong>DS Penske<\/strong>.<\/p>\n\n\n\n<p class=\"wp-block-paragraph\">Quarto colocado, <strong>Mitch Evans<\/strong> comandou um quarteto que se acostumou a brigar pelo t\u00edtulo nas \u00faltimas temporadas, composto tamb\u00e9m por <strong>Pascal Wehrlein<\/strong>, <strong>Nick Cassidy<\/strong> e <strong>Jake Dennis<\/strong>. <strong>Maximilian G\u00fcnther<\/strong> foi o oitavo, seguido por <strong>Jean-\u00c9ric Vergne<\/strong>, enquanto <strong>Pepe Mart\u00ed<\/strong> completou o grupo dos dez primeiros. Entre os brasileiros, <strong>Lucas Di Grassi<\/strong> foi o <strong>14\u00ba <\/strong>e <strong>Felipe Drugovich<\/strong> terminou em <strong>16\u00ba<\/strong>.<\/p>\n\n\n\n<p class=\"wp-block-paragraph\">O primeiro carro s\u00f3 foi \u00e0 pista com <strong>15 minutos<\/strong> no rel\u00f3gio, comandado por G\u00fcnther. O alem\u00e3o logo recebeu a companhia do companheiro Barnard, enquanto <strong>Norman Nato<\/strong> iniciou a atividade com a <strong>Nissan<\/strong>. Taylor logo marcou o tempo mais r\u00e1pido da atividade, com <strong>1min22s553<\/strong>, mas acabou superado em seguida por Evans \u2014 que fez <strong>1min21s980<\/strong>.<\/p>\n\n\n\n<p class=\"wp-block-paragraph\">A partir da\u00ed, todos os pilotos come\u00e7aram a dar voltas, o que fez a lideran\u00e7a mudar bastante. <strong>Nick Cassidy<\/strong> se aproximou de Evans com a <strong>Citro\u00ebn<\/strong>, <strong>Nico M\u00fcller<\/strong> assumiu o primeiro lugar, mas logo o perdeu para Ticktum \u2014 que seguiu no topo at\u00e9 o fim. Nos \u00faltimos minutos, a pista esvaziou novamente e a tabela n\u00e3o mudou mais.<\/p>\n\n\n\n<figure class=\"wp-block-image size-large\"><img decoding=\"async\" src=\"https:\/\/www.grandepremio.com\/br\/wp-content\/uploads\/2025\/10\/DSC_5157_SXSUQwWN_20251027041405-2048x2048-2-1200x800.jpg\" alt=\"\" class=\"wp-image-1027769\"\/><figcaption class=\"wp-element-caption\">A volta de Mortara na parte matutina seguiu como a mais r\u00e1pida do dia, com 1min21s493 (Foto: F\u00f3rmula E)<\/figcaption><\/figure>\n\n\n\n<p class=\"wp-block-paragraph\">Chamou aten\u00e7\u00e3o o desempenho da Nissan, campe\u00e3 do <strong>Mundial de Pilotos<\/strong> na \u00faltima temporada com <strong>Oliver Rowland<\/strong>. Ap\u00f3s sofrer com uma pane na primeira atividade do dia, a equipe japonesa retirou os carros durante a corrida simulada e ficou quase <strong>5s <\/strong>abaixo do tempo mais r\u00e1pido na \u00faltima sess\u00e3o. Com os dois carros nas \u00faltimas posi\u00e7\u00f5es, a montadora pareceu adotar um planejamento bem diferente dos outros times.<\/p>\n\n\n\n<p class=\"wp-block-paragraph\">A pr\u00e9-temporada da F\u00f3rmula E segue nesta quarta-feira, com mais uma atividade no <strong>Circuito Ricardo Tormo<\/strong>. Na quinta, a categoria realiza os dois treinos finais para os titulares. Na sexta, come\u00e7a o <strong>Teste de Pilotas<\/strong>, que tamb\u00e9m ser\u00e1 dividido entre manh\u00e3 e tarde. O <strong>GRANDE PR\u00caMIO <\/strong>faz a cobertura completa do per\u00edodo de testes em Val\u00eancia.<\/p>\n\n\n\n<p class=\"wp-block-paragraph\">\u25b6\ufe0f&nbsp;<strong>Inscreva-se nos dois canais do GRANDE PR\u00caMIO no YouTube:&nbsp;<a href=\"https:\/\/www.youtube.com\/channel\/UC9OlHEgxoaY6QY6nWPoiqQg?sub_confirmation=1\" target=\"_blank\" rel=\"noreferrer noopener\">GP<\/a>&nbsp;|&nbsp;<a href=\"https:\/\/www.youtube.com\/channel\/UC9csiS6q_C3C0FYhyr1rnFA?sub_confirmation=1\" target=\"_blank\" rel=\"noreferrer noopener\">GP2<\/a><\/strong><\/p>\n\n\n\n<h2 class=\"wp-block-heading\" id=\"h-formula-e-2025-26-pre-temporada-2\u00ba-dia-tarde\">F\u00f3rmula E 2025\/26, Pr\u00e9-Temporada, 2\u00ba Dia, Tarde:<\/h2>\n\n\n\n<figure class=\"wp-block-table\"><table class=\"has-fixed-layout\"><tbody><tr><td><strong>1<\/strong><\/td><td>D TICKTUM<\/td><td>Cupra Kiro<\/td><td>1:21.746<\/td><td>&nbsp;<\/td><td>50<\/td><\/tr><tr><td><strong>2<\/strong><\/td><td>N M\u00dcLLER<\/td><td>Porsche<\/td><td>1:21.927<\/td><td>+0.181<\/td><td>49<\/td><\/tr><tr><td><strong>3<\/strong><\/td><td>T BARNARD<\/td><td>DS Penske<\/td><td>1:21.959<\/td><td>+0.213<\/td><td>50<\/td><\/tr><tr><td><strong>4<\/strong><\/td><td>M EVANS<\/td><td>Jaguar<\/td><td>1:21.980<\/td><td>+0.234<\/td><td>54<\/td><\/tr><tr><td><strong>5<\/strong><\/td><td>P WEHRLEIN<\/td><td>Porsche<\/td><td>1:21.998<\/td><td>+0.252<\/td><td>42<\/td><\/tr><tr><td><strong>6<\/strong><\/td><td>N CASSIDY<\/td><td>Citro\u00ebn<\/td><td>1:22.042<\/td><td>+0.296<\/td><td>48<\/td><\/tr><tr><td><strong>7<\/strong><\/td><td>J DENNIS<\/td><td>Andretti<\/td><td>1:22.064<\/td><td>+0.318<\/td><td>50<\/td><\/tr><tr><td><strong>8<\/strong><\/td><td>M G\u00dcNTHER<\/td><td>DS Penske<\/td><td>1:22.088<\/td><td>+0.342<\/td><td>48<\/td><\/tr><tr><td><strong>9<\/strong><\/td><td>J.E VERGNE<\/td><td>Citro\u00ebn<\/td><td>1:22.111<\/td><td>+0.365<\/td><td>51<\/td><\/tr><tr><td><strong>10<\/strong><\/td><td>P MART\u00cd<\/td><td>Cupra Kiro<\/td><td>1:22.128<\/td><td>+0.382<\/td><td>49<\/td><\/tr><tr><td><strong>11<\/strong><\/td><td>Z MALONEY<\/td><td>Lola Yamaha ABT<\/td><td>1:22.247<\/td><td>+0.501<\/td><td>53<\/td><\/tr><tr><td><strong>12<\/strong><\/td><td>E MORTARA<\/td><td>Mahindra<\/td><td>1:22.627<\/td><td>+0.881<\/td><td>55<\/td><\/tr><tr><td><strong>13<\/strong><\/td><td>A.F DA COSTA<\/td><td>Jaguar<\/td><td>1:22.895<\/td><td>+1.149<\/td><td>31<\/td><\/tr><tr><td><strong>14<\/strong><\/td><td>L DI GRASSI<\/td><td>Lola Yamaha ABT<\/td><td>1:23.344<\/td><td>+1.598<\/td><td>48<\/td><\/tr><tr><td><strong>15<\/strong><\/td><td>N DE VRIES<\/td><td>Mahindra<\/td><td>1:23.451<\/td><td>+1.705<\/td><td>54<\/td><\/tr><tr><td><strong>16<\/strong><\/td><td>F DRUGOVICH<\/td><td>Andretti<\/td><td>1:23.616<\/td><td>+1.870<\/td><td>49<\/td><\/tr><tr><td><strong>17<\/strong><\/td><td>S BUEMI<\/td><td>Envision<\/td><td>1:24.594<\/td><td>+2.848<\/td><td>53<\/td><\/tr><tr><td><strong>18<\/strong><\/td><td>J ERIKSSON<\/td><td>Envision<\/td><td>1:25.627<\/td><td>+3.881<\/td><td>53<\/td><\/tr><tr><td><strong>19<\/strong><\/td><td>N NATO<\/td><td>Nissan<\/td><td>1:26.740<\/td><td>+4.994<\/td><td>47<\/td><\/tr><tr><td><strong>20<\/strong><\/td><td>O ROWLAND<\/td><td>Nissan<\/td><td>1:27.147<\/td><td>+5.401<\/td><td>48<\/td><\/tr><\/tbody><\/table><\/figure>\n","protected":false},"excerpt":{"rendered":"<p>Na \u00faltima sess\u00e3o de pista deste primeiro dia de pr\u00e9-temporada, em Val\u00eancia, Dan Ticktum fechou com o melhor tempo. Mais uma vez, Nissan chamou aten\u00e7\u00e3o por falta de ritmo em compara\u00e7\u00e3o \u00e0 concorr\u00eancia<\/p>\n","protected":false},"author":0,"featured_media":1001027666,"comment_status":"closed","ping_status":"closed","sticky":false,"template":"","format":"standard","meta":{"42wp_featured_image_caption":"","42wp_featured_image_credits":"","42wp_featured_video":"","42wp_featured_image_hidden":false,"42wp_authors_list":[],"footnotes":""},"categories":[19],"tags":[28679,6853,41812,985,379,41537,1024,840,38802,1601,1491,30103,28285,37238,35442,36219,36831,2221],"42wp_author":[47142],"class_list":["post-15691","post","type-post","status-publish","format-standard","has-post-thumbnail","hentry","category-formula-e","tag-calendario-formula-e","tag-classificacao-formula-e","tag-cupra-kiro","tag-dan-ticktum","tag-fe","tag-fe-2025","tag-felipe-drugovich","tag-formula-e","tag-formula-e-2025","tag-gen3","tag-grande-premio","tag-grande-premio-f1","tag-grandepremio","tag-horarios-fe","tag-horarios-formula-e","tag-onde-assistir-formula-e","tag-pre-temporada-formula-e","tag-ricardo-tormo","42wp_author-jp-nascimento"],"_links":{"self":[{"href":"https:\/\/grandepremio.com\/br\/wp-json\/wp\/v2\/posts\/15691","targetHints":{"allow":["GET"]}}],"collection":[{"href":"https:\/\/grandepremio.com\/br\/wp-json\/wp\/v2\/posts"}],"about":[{"href":"https:\/\/grandepremio.com\/br\/wp-json\/wp\/v2\/types\/post"}],"replies":[{"embeddable":true,"href":"https:\/\/grandepremio.com\/br\/wp-json\/wp\/v2\/comments?post=15691"}],"version-history":[{"count":0,"href":"https:\/\/grandepremio.com\/br\/wp-json\/wp\/v2\/posts\/15691\/revisions"}],"wp:featuredmedia":[{"embeddable":true,"href":"https:\/\/grandepremio.com\/br\/wp-json\/wp\/v2\/media\/1001027666"}],"wp:attachment":[{"href":"https:\/\/grandepremio.com\/br\/wp-json\/wp\/v2\/media?parent=15691"}],"wp:term":[{"taxonomy":"category","embeddable":true,"href":"https:\/\/grandepremio.com\/br\/wp-json\/wp\/v2\/categories?post=15691"},{"taxonomy":"post_tag","embeddable":true,"href":"https:\/\/grandepremio.com\/br\/wp-json\/wp\/v2\/tags?post=15691"},{"taxonomy":"42wp_author","embeddable":true,"href":"https:\/\/grandepremio.com\/br\/wp-json\/wp\/v2\/42wp_author?post=15691"}],"curies":[{"name":"wp","href":"https:\/\/api.w.org\/{rel}","templated":true}]}}