{"id":15699,"date":"2025-10-28T11:23:40","date_gmt":"2025-10-28T14:23:40","guid":{"rendered":"https:\/\/grandepremio.com\/br\/noticias\/nico-muller-punicao-edoardo-mortara-corrida-simulada-formula-e-felipe-drugovich-9o\/"},"modified":"2025-10-28T13:43:14","modified_gmt":"2025-10-28T16:43:14","slug":"nico-muller-punicao-edoardo-mortara-corrida-simulada-formula-e-felipe-drugovich-9o","status":"publish","type":"post","link":"https:\/\/grandepremio.com\/br\/formula-e\/nico-muller-punicao-edoardo-mortara-corrida-simulada-formula-e-felipe-drugovich-9o\/","title":{"rendered":"M\u00fcller aproveita puni\u00e7\u00e3o a Mortara e vence corrida simulada da F\u00f3rmula E. Drugovich \u00e9 9\u00ba"},"content":{"rendered":"\n<p class=\"wp-block-paragraph\">Dando sequ\u00eancia ao segundo dia de pr\u00e9-temporada da <strong><a href=\"https:\/\/www.grandepremio.com\/br\/formula-e\/\" target=\"_blank\" rel=\"noreferrer noopener\">F\u00f3rmula E<\/a><\/strong>, em <strong>Val\u00eancia<\/strong>, <strong>Nico M\u00fcller<\/strong> venceu a corrida simulada da categoria, realizada no <strong>Circuito Ricardo Tormo <\/strong>como parte do per\u00edodo de testes. A atividade envolveu uma s\u00e9rie de experimentos por parte de pilotos, equipes e dire\u00e7\u00e3o de prova, como acionamentos de safety-car, bandeiras vermelhas e ativa\u00e7\u00f5es de <strong>Pit Boost <\/strong>e <strong>Modo Ataque<\/strong>. No fim, <strong>Edoardo Mortara <\/strong>cruzou a linha de chegada com folga em primeiro, mas foi punido por n\u00e3o pagar um drive-through e despencou para <strong>12\u00ba<\/strong>. A vit\u00f3ria ficou com o su\u00ed\u00e7o da <strong>Porsche<\/strong>.<\/p>\n\n\n\n<p class=\"wp-block-paragraph\">A atividade, obviamente, n\u00e3o teve a vit\u00f3ria como objetivo principal. Pilotos e equipes aproveitaram a oportunidade para afinar sistemas e a opera\u00e7\u00e3o geral, como comunica\u00e7\u00e3o e at\u00e9 pagamento de puni\u00e7\u00f5es. Para a dire\u00e7\u00e3o de prova, serviu para testar protocolos que ser\u00e3o adotados durante o campeonato e para observar o comportamento dos pilotos na pista, al\u00e9m de prever poss\u00edveis problemas.<\/p>\n\n\n\n<p class=\"wp-block-paragraph\">Ainda assim, a corrida trouxe v\u00e1rias trocas na lideran\u00e7a. <strong>Nyck de Vries<\/strong> completou na segunda coloca\u00e7\u00e3o, enquanto <strong>Jake Dennis<\/strong> foi o terceiro. O top-10 ainda teve <strong>Jean-\u00c9ric Vergne<\/strong>, <strong>Mitch Evans<\/strong>, <strong>Joel Eriksson<\/strong>, <strong>S\u00e9bastien Buemi<\/strong>, <strong>Pascal Wehrlein<\/strong>, <strong>Felipe<\/strong> <strong>Drugovich <\/strong>e <strong>Zane Maloney<\/strong>. <strong>Lucas<\/strong> <strong>Di Grassi<\/strong>, completando a lista de brasileiros na pista, foi o <strong>14\u00ba<\/strong>.<\/p>\n\n\n\n<p class=\"wp-block-paragraph\">A pr\u00e9-temporada da F\u00f3rmula E segue nesta ter\u00e7a-feira, com mais uma sess\u00e3o de <strong>1h30min <\/strong>de pista no Circuito Ricardo Tormo. Na quarta, a a\u00e7\u00e3o continua com apenas uma atividade; por fim, na quinta, a categoria realiza os dois treinos finais para os titulares. Na sexta, come\u00e7a o Teste de Pilotas, que tamb\u00e9m ser\u00e1 dividido entre manh\u00e3 e tarde. O <strong>GRANDE PR\u00caMIO<\/strong> faz a cobertura completa do per\u00edodo de testes.<\/p>\n\n\n\n<figure class=\"wp-block-image size-large\"><img decoding=\"async\" src=\"https:\/\/www.grandepremio.com\/br\/wp-content\/uploads\/2025\/10\/BDH09569_FAbfw7FX_202510270148411-2048x2048-1-1200x800.jpg\" alt=\"\" class=\"wp-image-1027770\"\/><figcaption class=\"wp-element-caption\">Drugovich foi ao d\u00e9cimo lugar na corrida simulada da F\u00f3rmula E em Val\u00eancia (Foto: F\u00f3rmula E)<\/figcaption><\/figure>\n\n\n\n<h2 class=\"wp-block-heading\" id=\"h-como-foi-a-corrida-simulada-da-formula-e-em-valencia\">Como foi a corrida simulada da F\u00f3rmula E em Val\u00eancia<\/h2>\n\n\n\n<p class=\"wp-block-paragraph\">A largada foi feita de acordo com as filas, com os pilotos iniciando a prova em duplas. Uma volta depois, o safety-car entrou em cena, como programado, e juntou o pelot\u00e3o \u2014 que fez uma largada em movimento ap\u00f3s quatro giros atr\u00e1s do carro de seguran\u00e7a. <strong>Mitch Evans<\/strong> abriu na lideran\u00e7a, os dois carros da <strong>Nissan <\/strong>imediatamente ficaram muito para tr\u00e1s e o pelot\u00e3o se juntou em Val\u00eancia.<\/p>\n\n\n\n<p class=\"wp-block-paragraph\">O primeiro problema veio com <strong>Pepe Mart\u00ed<\/strong>, que triscou o muro na \u00faltima chicane e danificou a asa dianteira. O novato precisou ir aos boxes trocar o bico, o que o fez perder uma volta em rela\u00e7\u00e3o aos demais competidores. L\u00e1 na frente, <strong>Nyck de Vries<\/strong> tomou a lideran\u00e7a de Evans, mas logo perdeu para <strong>Ant\u00f3nio F\u00e9lix da Costa<\/strong>. Em novo teste de procedimentos, a full-course yellow foi ativada a seguir.<\/p>\n\n\n\n<p class=\"wp-block-paragraph\">Quando a luz verde apareceu, <strong>Nico M\u00fcller<\/strong> tomou o primeiro lugar e as simula\u00e7\u00f5es aumentaram. V\u00e1rios pilotos se dirigiram ao pit-lane para testar os procedimentos de <strong>Pit Boost<\/strong>, enquanto outros treinaram o pagamento de puni\u00e7\u00f5es. A dire\u00e7\u00e3o de prova tamb\u00e9m seguiu fazendo testes e ativou a bandeira vermelha pela primeira vez, mantendo todos os carros no pit-lane. A essa altura, os l\u00edderes tinham <strong>16 voltas<\/strong> completadas.<\/p>\n\n\n\n<p class=\"wp-block-paragraph\">A paralisa\u00e7\u00e3o foi retirada alguns minutos depois, e os pilotos voltaram \u00e0 pista atr\u00e1s do safety-car. Ap\u00f3s nova largada em movimento, <strong>Pascal Wehrlein<\/strong> assumiu a lideran\u00e7a, mas partiu para a ativa\u00e7\u00e3o do Pit Boost. Mortara, ent\u00e3o, tomou o primeiro lugar, \u00e0 frente de <strong>Joel Eriksson<\/strong> e M\u00fcller. Pr\u00f3ximo ao fim, um novo safety-car foi acionado pela dire\u00e7\u00e3o de prova. Em s\u00e9timo, Drugovich tinha a volta mais r\u00e1pida, com <strong>1min23s616<\/strong>.<\/p>\n\n\n\n<p class=\"wp-block-paragraph\">O carro de seguran\u00e7a deixou a pista na abertura da 25\u00aa volta das 27 previstas. A dire\u00e7\u00e3o de prova, entretanto, decidiu estender o teste para <strong>29 giros<\/strong>. Mortara manteve a dianteira na relargada, seguido por Evans e Buemi, e praticamente todos os pilotos acionaram o <strong>Modo Ataque<\/strong> na passagem pela curva 8. Dali at\u00e9 o fim, &#8216;Edo&#8217; controlou o pelot\u00e3o, abriu dist\u00e2ncia em rela\u00e7\u00e3o a M\u00fcller \u2014 que reassumiu o segundo posto \u2014 e cruzou a linha de chegada com tranquilidade. Mais atr\u00e1s, Drugovich se segurou no \u00faltimo lugar do top-10. Com a puni\u00e7\u00e3o ao piloto da Mahindra, Nico ficou com o simb\u00f3lico triunfo.<\/p>\n\n\n\n<p class=\"wp-block-paragraph\">\u25b6\ufe0f&nbsp;<strong>Inscreva-se nos dois canais do GRANDE PR\u00caMIO no YouTube:&nbsp;<a href=\"https:\/\/www.youtube.com\/channel\/UC9OlHEgxoaY6QY6nWPoiqQg?sub_confirmation=1\" target=\"_blank\" rel=\"noreferrer noopener\">GP<\/a>&nbsp;|&nbsp;<a href=\"https:\/\/www.youtube.com\/channel\/UC9csiS6q_C3C0FYhyr1rnFA?sub_confirmation=1\" target=\"_blank\" rel=\"noreferrer noopener\">GP2<\/a><\/strong><\/p>\n\n\n\n<h2 class=\"wp-block-heading\" id=\"h-formula-e-2025-26-pre-temporada-valencia-corrida-simulada\">F\u00f3rmula E 2025\/26, Pr\u00e9-Temporada, Val\u00eancia, Corrida Simulada:<\/h2>\n\n\n\n<figure class=\"wp-block-table\"><table class=\"has-fixed-layout\"><tbody><tr><td><strong>1<\/strong><\/td><td>N M\u00dcLLER<\/td><td>Porsche<\/td><td colspan=\"2\">29 voltas<\/td><\/tr><tr><td><strong>2<\/strong><\/td><td>N DE VRIES<\/td><td>Mahindra<\/td><td colspan=\"2\">+5.250<\/td><\/tr><tr><td><strong>3<\/strong><\/td><td>J DENNIS<\/td><td>Andretti<\/td><td colspan=\"2\">+5.940<\/td><\/tr><tr><td><strong>4<\/strong><\/td><td>J.E VERGNE<\/td><td>Citro\u00ebn<\/td><td>+8.703<\/td><\/tr><tr><td><strong>5<\/strong><\/td><td>M EVANS<\/td><td>Jaguar<\/td><td>+10.802<\/td><\/tr><tr><td><strong>6<\/strong><\/td><td>J ERIKSSON<\/td><td>Envision<\/td><td>+11.789<\/td><\/tr><tr><td><strong>7<\/strong><\/td><td>S BUEMI<\/td><td>Envision<\/td><td>+12.649<\/td><\/tr><tr><td><strong>8<\/strong><\/td><td>P WEHRLEIN<\/td><td>Porsche<\/td><td>+14.657<\/td><\/tr><tr><td><strong>9<\/strong><\/td><td>F DRUGOVICH<\/td><td>Andretti<\/td><td>+17.416<\/td><\/tr><tr><td><strong>10<\/strong><\/td><td>Z MALONEY<\/td><td>Lola Yamaha ABT<\/td><td>+18.102<\/td><\/tr><tr><td><strong>11<\/strong><\/td><td>D TICKTUM<\/td><td>Cupra Kiro<\/td><td>+34.413<\/td><\/tr><tr><td><strong>12<\/strong><\/td><td>E MORTARA<\/td><td>Mahindra<\/td><td>+1:00.824<\/td><\/tr><tr><td><strong>13<\/strong><\/td><td>N CASSIDY<\/td><td>Citro\u00ebn<\/td><td>+1 volta<\/td><\/tr><tr><td><strong>14<\/strong><\/td><td>L DI GRASSI<\/td><td>Lola Yamaha ABT<\/td><td>+1 volta<\/td><\/tr><tr><td><strong>15<\/strong><\/td><td>P MART\u00cd<\/td><td>Cupra Kiro<\/td><td>+1 volta<\/td><\/tr><tr><td><strong>16<\/strong><\/td><td>T BARNARD<\/td><td>DS Penske<\/td><td>NC<\/td><\/tr><tr><td><strong>17<\/strong><\/td><td>M G\u00dcNTHER<\/td><td>DS Penske<\/td><td>NC<\/td><\/tr><tr><td><strong>18<\/strong><\/td><td>O ROWLAND<\/td><td>Nissan<\/td><td>NC<\/td><\/tr><tr><td><strong>19<\/strong><\/td><td>N NATO<\/td><td>Nissan<\/td><td>NC<\/td><\/tr><tr><td><strong>20<\/strong><\/td><td>A.F DA COSTA<\/td><td>Jaguar<\/td><td colspan=\"2\">NC<\/td><\/tr><\/tbody><\/table><\/figure>\n","protected":false},"excerpt":{"rendered":"<p>L\u00edder da atividade matutina, Edoardo Mortara comandou tamb\u00e9m a corrida simulada da F\u00f3rmula E na pr\u00e9-temporada de Val\u00eancia. Mas foi punido ap\u00f3s cruzar a linha de chegada em primeiro, o que deu a vit\u00f3ria a Nico M\u00fcller. Em meio a muitos testes, Felipe Drugovich chegou a ter a volta mais r\u00e1pida e se colocou no top-10<\/p>\n","protected":false},"author":0,"featured_media":1001027676,"comment_status":"closed","ping_status":"closed","sticky":false,"template":"","format":"standard","meta":{"42wp_featured_image_caption":"","42wp_featured_image_credits":"","42wp_featured_video":"","42wp_featured_image_hidden":false,"42wp_authors_list":[],"footnotes":""},"categories":[19],"tags":[33214,28679,6853,379,41537,1024,840,38802,36888,1601,1491,30103,28285,37238,35442,2349,36219,736,36831,2221],"42wp_author":[47142],"class_list":["post-15699","post","type-post","status-publish","format-standard","has-post-thumbnail","hentry","category-formula-e","tag-calendario-fe","tag-calendario-formula-e","tag-classificacao-formula-e","tag-fe","tag-fe-2025","tag-felipe-drugovich","tag-formula-e","tag-formula-e-2025","tag-formula-e-valencia","tag-gen3","tag-grande-premio","tag-grande-premio-f1","tag-grandepremio","tag-horarios-fe","tag-horarios-formula-e","tag-nico-muller","tag-onde-assistir-formula-e","tag-porsche","tag-pre-temporada-formula-e","tag-ricardo-tormo","42wp_author-jp-nascimento"],"_links":{"self":[{"href":"https:\/\/grandepremio.com\/br\/wp-json\/wp\/v2\/posts\/15699","targetHints":{"allow":["GET"]}}],"collection":[{"href":"https:\/\/grandepremio.com\/br\/wp-json\/wp\/v2\/posts"}],"about":[{"href":"https:\/\/grandepremio.com\/br\/wp-json\/wp\/v2\/types\/post"}],"replies":[{"embeddable":true,"href":"https:\/\/grandepremio.com\/br\/wp-json\/wp\/v2\/comments?post=15699"}],"version-history":[{"count":0,"href":"https:\/\/grandepremio.com\/br\/wp-json\/wp\/v2\/posts\/15699\/revisions"}],"wp:featuredmedia":[{"embeddable":true,"href":"https:\/\/grandepremio.com\/br\/wp-json\/wp\/v2\/media\/1001027676"}],"wp:attachment":[{"href":"https:\/\/grandepremio.com\/br\/wp-json\/wp\/v2\/media?parent=15699"}],"wp:term":[{"taxonomy":"category","embeddable":true,"href":"https:\/\/grandepremio.com\/br\/wp-json\/wp\/v2\/categories?post=15699"},{"taxonomy":"post_tag","embeddable":true,"href":"https:\/\/grandepremio.com\/br\/wp-json\/wp\/v2\/tags?post=15699"},{"taxonomy":"42wp_author","embeddable":true,"href":"https:\/\/grandepremio.com\/br\/wp-json\/wp\/v2\/42wp_author?post=15699"}],"curies":[{"name":"wp","href":"https:\/\/api.w.org\/{rel}","templated":true}]}}