{"id":15763,"date":"2025-10-27T01:50:05","date_gmt":"2025-10-27T04:50:05","guid":{"rendered":"https:\/\/grandepremio.com\/br\/noticias\/freddie-slater-fecha-freca-2025-chave-ouro-vence-corrida-2-monza-pedro-clerot-7o\/"},"modified":"2025-10-27T02:00:20","modified_gmt":"2025-10-27T05:00:20","slug":"freddie-slater-fecha-freca-2025-chave-ouro-vence-corrida-2-monza-pedro-clerot-7o","status":"publish","type":"post","link":"https:\/\/grandepremio.com\/br\/frec\/freddie-slater-fecha-freca-2025-chave-ouro-vence-corrida-2-monza-pedro-clerot-7o\/","title":{"rendered":"Slater fecha FRECA 2025 com chave de ouro e vence corrida 2 em Monza. Clerot \u00e9 7\u00ba"},"content":{"rendered":"\n<p class=\"wp-block-paragraph\"><strong>Freddie Slater<\/strong> terminou a corrida final da temporada 2025 da <strong>FRECA <\/strong>da melhor maneira poss\u00edvel. Neste domingo (26), o piloto da <strong>Prema<\/strong> largou da pole em <strong>Monza <\/strong>e terminou em primeiro, fechando o campeonato com chave de ouro, j\u00e1 que havia garantido o t\u00edtulo de maneira antecipada ao <a href=\"https:\/\/www.grandepremio.com\/br\/freca\/noticias\/freddie-slater-vence-corrida-1-monza-garante-titulo-antecipado-freca-2025\/\">subir no degrau mais alto do p\u00f3dio na primeira prova<\/a> do fim de semana.<\/p>\n\n\n\n<p class=\"wp-block-paragraph\">Apesar de ter administrado do in\u00edcio ao fim de maneira eficiente para conseguir o resultado ideal, a vit\u00f3ria n\u00e3o veio sem algum esfor\u00e7o. O brit\u00e2nico teve de se defender dos avan\u00e7os de <strong>Matteo de Palo<\/strong> ao longo da corrida. O vice-campe\u00e3o da temporada, no entanto, terminou a prova da mesma forma que come\u00e7ou, em segundo.<\/p>\n\n\n\n<p class=\"wp-block-paragraph\"><strong>Evan Giltaire<\/strong>, que largou em terceiro, tamb\u00e9m manteve a posi\u00e7\u00e3o at\u00e9 o final. <strong>Taito Kato<\/strong>, por outro lado, fez uma jornada diferente: saiu da d\u00e9cima coloca\u00e7\u00e3o, efetuou algumas ultrapassagens e recebeu a bandeira quadriculada em quarto, embora tamb\u00e9m tenha contado com os abandonos de alguns rivais \u00e0 frente. <\/p>\n\n\n\n<p class=\"wp-block-paragraph\">Enquanto o jovem da <strong>ART<\/strong> brigava por posi\u00e7\u00f5es com <strong>Nikita Bedrin<\/strong> e <strong>Jan Przyrowski<\/strong>, uma reviravolta aconteceu. Bedrin, que come\u00e7ou em quarto, foi para a brita e precisou abandonar, for\u00e7ando a entrada do safety-car na 11\u00aa volta da disputa. Przyrowski, que largou em quinto, terminou na mesma posi\u00e7\u00e3o.<\/p>\n\n\n\n<figure class=\"wp-block-image size-large\"><img decoding=\"async\" src=\"https:\/\/www.grandepremio.com\/br\/cdn-cgi\/image\/width=1200,height=675,fit=contain,gravity=0.5x0.5,quality=75,format=webp\/wp-content\/uploads\/2025\/10\/27_SLATER_600-1200x800.jpg\" alt=\"\" class=\"wp-image-1027337\"\/><figcaption class=\"wp-element-caption\">Freddie Slater\/FRECA Monza (Divulga\u00e7\u00e3o FRECA)<\/figcaption><\/figure>\n\n\n\n<p class=\"wp-block-paragraph\">Na volta 14, outro acidente interrompeu a disputa. <strong>Dion Gowda<\/strong>, que largou em s\u00e9timo, atingiu o parceiro de equipe <strong>Hiyu Yamakoshi<\/strong>, que come\u00e7ou a prova em 13\u00ba. Neste cen\u00e1rio, ambos abandonaram a corrida final da temporada. <strong>Enzo Deligny <\/strong>tamb\u00e9m foi prejudicado pelo acidente e acabou concluindo a prova com duas voltas de atraso em rela\u00e7\u00e3o ao restante do grid.<\/p>\n\n\n\n<p class=\"wp-block-paragraph\">A etapa terminou em safety-car, j\u00e1 que os carros n\u00e3o foram retirados da pista a tempo da bandeira verde ser agitada. <strong>Pedro Clerot<\/strong>, piloto brasileiro do grid, terminou a prova com alguns avan\u00e7os. Depois de largar em nono, terminou em s\u00e9timo, encerrando a temporada na zona de pontua\u00e7\u00e3o.<\/p>\n\n\n\n<p class=\"wp-block-paragraph\">\u25b6&nbsp;<strong>Inscreva-se nos dois canais do GRANDE PR\u00caMIO no YouTube:&nbsp;<a href=\"https:\/\/www.youtube.com\/channel\/UC9OlHEgxoaY6QY6nWPoiqQg?sub_confirmation=1\" target=\"_blank\" rel=\"noreferrer noopener\">GP<\/a>&nbsp;|&nbsp;<a href=\"https:\/\/www.youtube.com\/channel\/UC9csiS6q_C3C0FYhyr1rnFA?sub_confirmation=1\" target=\"_blank\" rel=\"noreferrer noopener\">GP2<\/a><\/strong><\/p>\n\n\n\n<figure class=\"wp-block-embed is-type-video is-provider-youtube wp-block-embed-youtube wp-embed-aspect-16-9 wp-has-aspect-ratio\"><div class=\"wp-block-embed__wrapper\">\n<iframe loading=\"lazy\" title=\"NORRIS VENCE E \u00c9 L\u00cdDER, VERSTAPPEN 3\u00ba: a CLASSIFICA\u00c7\u00c2O da F1 no M\u00c9XICO | BRIEFING [grande premio]\" width=\"500\" height=\"281\" src=\"https:\/\/www.youtube.com\/embed\/FfgttvvVHkw?feature=oembed\" frameborder=\"0\" allow=\"accelerometer; autoplay; clipboard-write; encrypted-media; gyroscope; picture-in-picture; web-share\" referrerpolicy=\"strict-origin-when-cross-origin\" allowfullscreen><\/iframe>\n<\/div><figcaption class=\"wp-element-caption\">\ud83d\udd34NORRIS VENCE E \u00c9 L\u00cdDER, VERSTAPPEN 3\u00ba: a CLASSIFICA\u00c7\u00c2O da F1 no M\u00c9XICO | BRIEFING [grande premio]<\/figcaption><\/figure>\n","protected":false},"excerpt":{"rendered":"<p>Campe\u00e3o antecipado no s\u00e1bado (25), Freddie Slater voltou ao lugar mais alto do p\u00f3dio na corrida 2 da etapa da FRECA na It\u00e1lia<\/p>\n","protected":false},"author":0,"featured_media":1001027352,"comment_status":"closed","ping_status":"closed","sticky":false,"template":"","format":"standard","meta":{"42wp_featured_image_caption":"","42wp_featured_image_credits":"","42wp_featured_video":"","42wp_featured_image_hidden":false,"42wp_authors_list":[],"footnotes":""},"categories":[49],"tags":[36766,36764,36763,28105,37110,1491,28285,36765,34715,1737,31546],"42wp_author":[47167],"class_list":["post-15763","post","type-post","status-publish","format-standard","has-post-thumbnail","hentry","category-frec","tag-calendario-frec","tag-classificacao-frec","tag-formula-regional-europeia-da-alpine","tag-freca","tag-freddie-slater","tag-grande-premio","tag-grandepremio","tag-horarios-freca","tag-matteo-de-palo","tag-monza","tag-pedro-clerot","42wp_author-julia-palomares-aro"],"_links":{"self":[{"href":"https:\/\/grandepremio.com\/br\/wp-json\/wp\/v2\/posts\/15763","targetHints":{"allow":["GET"]}}],"collection":[{"href":"https:\/\/grandepremio.com\/br\/wp-json\/wp\/v2\/posts"}],"about":[{"href":"https:\/\/grandepremio.com\/br\/wp-json\/wp\/v2\/types\/post"}],"replies":[{"embeddable":true,"href":"https:\/\/grandepremio.com\/br\/wp-json\/wp\/v2\/comments?post=15763"}],"version-history":[{"count":0,"href":"https:\/\/grandepremio.com\/br\/wp-json\/wp\/v2\/posts\/15763\/revisions"}],"wp:featuredmedia":[{"embeddable":true,"href":"https:\/\/grandepremio.com\/br\/wp-json\/wp\/v2\/media\/1001027352"}],"wp:attachment":[{"href":"https:\/\/grandepremio.com\/br\/wp-json\/wp\/v2\/media?parent=15763"}],"wp:term":[{"taxonomy":"category","embeddable":true,"href":"https:\/\/grandepremio.com\/br\/wp-json\/wp\/v2\/categories?post=15763"},{"taxonomy":"post_tag","embeddable":true,"href":"https:\/\/grandepremio.com\/br\/wp-json\/wp\/v2\/tags?post=15763"},{"taxonomy":"42wp_author","embeddable":true,"href":"https:\/\/grandepremio.com\/br\/wp-json\/wp\/v2\/42wp_author?post=15763"}],"curies":[{"name":"wp","href":"https:\/\/api.w.org\/{rel}","templated":true}]}}