{"id":15818,"date":"2025-10-26T00:09:05","date_gmt":"2025-10-26T03:09:05","guid":{"rendered":"https:\/\/grandepremio.com\/br\/noticias\/marc-marquez-exalta-parceria-celebra-vice-irmao-sofremos-vencemos-juntos\/"},"modified":"2025-10-26T00:10:20","modified_gmt":"2025-10-26T03:10:20","slug":"marc-marquez-exalta-parceria-celebra-vice-irmao-sofremos-vencemos-juntos","status":"publish","type":"post","link":"https:\/\/grandepremio.com\/br\/motogp\/marc-marquez-exalta-parceria-celebra-vice-irmao-sofremos-vencemos-juntos\/","title":{"rendered":"Marc M\u00e1rquez exalta parceria e celebra vice do irm\u00e3o: &#8220;Sofremos e vencemos juntos&#8221;"},"content":{"rendered":"\n<p class=\"wp-block-paragraph\">Campe\u00e3o incontest\u00e1vel da temporada 2025 da <a href=\"https:\/\/www.grandepremio.com\/br\/motogp\/\"><strong>MotoGP<\/strong><\/a> e fora do resto do ano ap\u00f3s fraturar a clav\u00edcula direita durante o <strong>GP da Indon\u00e9sia<\/strong>, <strong>Marc M\u00e1rquez<\/strong> assistiu de casa a corrida sprint do<strong> GP da Mal\u00e1sia <\/strong>e celebrou a confirma\u00e7\u00e3o do vice-campeonato do irm\u00e3o, <strong>\u00c1lex M\u00e1rquez<\/strong>.<\/p>\n\n\n\n<p class=\"wp-block-paragraph\">Na prova curta, o piloto da\u00a0<strong>Gresini\u00a0<\/strong>chegou atr\u00e1s\u00a0<a href=\"https:\/\/www.grandepremio.com\/br\/motogp\/noticias\/francesco-bagnaia-vence-sprint-motogp-malasia-alex-marquez-2o-garante-vice\">apenas do vencedor\u00a0<\/a><strong><a href=\"https:\/\/www.grandepremio.com\/br\/piloto\/francesco-bagnaia\/\" target=\"_blank\" rel=\"noreferrer noopener\">Francesco Bagnaia<\/a><\/strong>\u00a0e, assim, somou os pontos que precisava para garantir o vice. \u00c1lex chegou a 388 tentos, 102 a mais que Bagnaia (286), que voltou ao terceiro lugar no <strong>Mundial de Pilotos<\/strong> ap\u00f3s a vit\u00f3ria em <strong>Sepang<\/strong>.<\/p>\n\n\n\n<p class=\"wp-block-paragraph\">&#8220;Crescemos juntos, nos divertimos juntos, trabalhamos juntos, sofremos juntos e este ano vencemos juntos. Te amo, irm\u00e3ozinho&#8221;, escreveu Marc M\u00e1rquez nas redes sociais. &#8220;Te amo&#8221;, respondeu \u00c1lex no coment\u00e1rios da publica\u00e7\u00e3o.<\/p>\n\n\n\n<p class=\"wp-block-paragraph\">&#8220;Estava muito tenso, n\u00e3o estava pilotando bem, s\u00f3 pensava em garantir o segundo lugar. Finalmente chegamos. Agora temos tr\u00eas corridas pela frente para aproveitar, tentar coisas novas para o ano que vem, mas, acima de tudo, para comemorar este \u00f3timo resultado&#8221;, afirmou \u00c1lex ap\u00f3s a prova.<\/p>\n\n\n\n<figure class=\"wp-block-image size-large\"><img decoding=\"async\" src=\"https:\/\/www.grandepremio.com\/br\/wp-content\/uploads\/2025\/10\/SI202510240088-1200x800.jpg\" alt=\"\" class=\"wp-image-1025773\"\/><figcaption class=\"wp-element-caption\">\u00c1lex M\u00e1rquez (Foto: Gold &#038; Goose\/Red Bull Content Pool)<\/figcaption><\/figure>\n\n\n\n<p class=\"wp-block-paragraph\"><strong>\u25b6\ufe0f\u00a0Inscreva-se nos dois canais do GRANDE PR\u00caMIO no YouTube:\u00a0<a href=\"https:\/\/www.youtube.com\/channel\/UC9OlHEgxoaY6QY6nWPoiqQg?sub_confirmation=1\" target=\"_blank\" rel=\"noreferrer noopener\">GP<\/a>\u00a0|\u00a0<a href=\"https:\/\/www.youtube.com\/channel\/UC9csiS6q_C3C0FYhyr1rnFA?sub_confirmation=1\" target=\"_blank\" rel=\"noreferrer noopener\">GP2<\/a><\/strong><\/p>\n\n\n\n<p class=\"wp-block-paragraph\">O espanhol da Gresini coroou com o vice-campeonato e a melhor temporada da carreira na MotoGP. Como pr\u00eamio pelo ano forte liderando a equipe de <strong>Nadia Padovani<\/strong>, o <strong>#73<\/strong> foi premiado pela <strong>Ducati<\/strong> e correr\u00e1 com a moto atualizada em 2026.<\/p>\n\n\n\n<p class=\"wp-block-paragraph\">A&nbsp;<strong><a href=\"https:\/\/grandepremio.com\/motovelocidade\/\" target=\"_blank\" rel=\"noreferrer noopener\">MotoGP<\/a>&nbsp;<\/strong>volta a acelerar entre os dias 24 a 26 de outubro com o&nbsp;<strong>GP da Mal\u00e1sia<\/strong>, direto de&nbsp;<strong><a href=\"https:\/\/www.grandepremio.com\/br\/circuito\/sepang\/\" target=\"_blank\" rel=\"noreferrer noopener\">Sepang<\/a><\/strong>, 20\u00aa etapa da temporada 2025. O&nbsp;<strong>GRANDE PR\u00caMIO&nbsp;<\/strong>faz a cobertura completa do evento, assim como das outras classes do&nbsp;<strong>Mundial de&nbsp;<a href=\"https:\/\/www.grandepremio.com\/motovelocidade\/\">Motovelocidade<\/a><\/strong><a href=\"https:\/\/www.grandepremio.com\/motovelocidade\/\">&nbsp;<\/a>durante todo o ano.<\/p>\n\n\n\n<p class=\"wp-block-paragraph\"><strong>\u25b6\ufe0f&nbsp;Inscreva-se nos dois canais do GRANDE PR\u00caMIO no YouTube:&nbsp;<a href=\"https:\/\/www.youtube.com\/channel\/UC9OlHEgxoaY6QY6nWPoiqQg?sub_confirmation=1\" target=\"_blank\" rel=\"noreferrer noopener\">GP<\/a>&nbsp;|&nbsp;<a href=\"https:\/\/www.youtube.com\/channel\/UC9csiS6q_C3C0FYhyr1rnFA?sub_confirmation=1\" target=\"_blank\" rel=\"noreferrer noopener\">GP2<\/a><\/strong><\/p>\n\n\n\n<h2 class=\"wp-block-heading\" id=\"h-motogp-2025-gp-da-malasia-sepang-horarios-do-fim-de-semana\"><strong>MotoGP 2025, GP da Mal\u00e1sia, Sepang, hor\u00e1rios do fim de semana:<\/strong><\/h2>\n\n\n\n<figure class=\"wp-block-table\"><table class=\"has-fixed-layout\"><tbody><tr><td><strong>DIA<\/strong><\/td><td><strong>CATEGORIA<\/strong><\/td><td><strong>SESS\u00c3O<\/strong><\/td><td><strong>BRA*<\/strong><\/td><td><strong>POR<\/strong><\/td><\/tr><tr><td><strong>S\u00e1bado<\/strong>\/<strong>Domingo<\/strong><\/td><td>MotoGP<\/td><td>Warm-Up<\/td><td>23:40<\/td><td>03:40<\/td><\/tr><tr><td><strong>Domingo<\/strong><\/td><td>Moto3<\/td><td>GP \u2013 15 voltas<\/td><td>01:00<\/td><td>05:00<\/td><\/tr><tr><td><strong>Domingo<\/strong><\/td><td>Moto2<\/td><td>GP \u2013 17 voltas<\/td><td>02:15<\/td><td>06:15<\/td><\/tr><tr><td><strong>Domingo<\/strong><\/td><td>MotoGP<\/td><td>GP \u2013 20 voltas<\/td><td>04:00<\/td><td>08:00<\/td><\/tr><\/tbody><\/table><\/figure>\n\n\n\n<p class=\"wp-block-paragraph\"><em>*Hor\u00e1rios de Bras\u00edlia<\/em><\/p>\n\n\n\n<figure class=\"wp-block-embed is-type-video is-provider-youtube wp-block-embed-youtube wp-embed-aspect-16-9 wp-has-aspect-ratio\"><div class=\"wp-block-embed__wrapper\">\n<iframe loading=\"lazy\" title=\"DIOGO MOREIRA NA MOTOGP! TUDO SOBRE A ESTREIA DO BRASILEIRO NA HONDA | Briefing [grande premio]\" width=\"500\" height=\"281\" src=\"https:\/\/www.youtube.com\/embed\/8nXzZYjZD00?feature=oembed\" frameborder=\"0\" allow=\"accelerometer; autoplay; clipboard-write; encrypted-media; gyroscope; picture-in-picture; web-share\" referrerpolicy=\"strict-origin-when-cross-origin\" allowfullscreen><\/iframe>\n<\/div><\/figure>\n","protected":false},"excerpt":{"rendered":"<p>Fora da temporada ap\u00f3s les\u00e3o sofrida na Indon\u00e9sia, Marc M\u00e1rquez comemorou vice-campeonato de \u00c1lex M\u00e1rquez confirmado ap\u00f3s a corrida sprint do GP da Mal\u00e1sia, em Sepang<\/p>\n","protected":false},"author":0,"featured_media":1001012791,"comment_status":"closed","ping_status":"closed","sticky":false,"template":"","format":"standard","meta":{"42wp_featured_image_caption":"","42wp_featured_image_credits":"","42wp_featured_video":"","42wp_featured_image_hidden":false,"42wp_authors_list":[],"footnotes":""},"categories":[8],"tags":[2090,24853,5214,131,26411,1491,28285,3504,5455,24947,1300,78,39739,847,27901,34187,370,41828],"42wp_author":[47161],"class_list":["post-15818","post","type-post","status-publish","format-standard","has-post-thumbnail","hentry","category-motogp","tag-alex-marquez","tag-calendario-motogp","tag-classificacao-motogp","tag-ducati","tag-gp-da-malasia","tag-grande-premio","tag-grandepremio","tag-gresini","tag-horarios-motogp","tag-malasia","tag-marc-marquez","tag-motogp","tag-motogp-2025","tag-mundial-de-motovelocidade","tag-nadia-padovani","tag-onde-assistir-motogp","tag-sepang","tag-temporada-2025-da-motogp","42wp_author-kaio-esteves"],"_links":{"self":[{"href":"https:\/\/grandepremio.com\/br\/wp-json\/wp\/v2\/posts\/15818","targetHints":{"allow":["GET"]}}],"collection":[{"href":"https:\/\/grandepremio.com\/br\/wp-json\/wp\/v2\/posts"}],"about":[{"href":"https:\/\/grandepremio.com\/br\/wp-json\/wp\/v2\/types\/post"}],"replies":[{"embeddable":true,"href":"https:\/\/grandepremio.com\/br\/wp-json\/wp\/v2\/comments?post=15818"}],"version-history":[{"count":0,"href":"https:\/\/grandepremio.com\/br\/wp-json\/wp\/v2\/posts\/15818\/revisions"}],"wp:featuredmedia":[{"embeddable":true,"href":"https:\/\/grandepremio.com\/br\/wp-json\/wp\/v2\/media\/1001012791"}],"wp:attachment":[{"href":"https:\/\/grandepremio.com\/br\/wp-json\/wp\/v2\/media?parent=15818"}],"wp:term":[{"taxonomy":"category","embeddable":true,"href":"https:\/\/grandepremio.com\/br\/wp-json\/wp\/v2\/categories?post=15818"},{"taxonomy":"post_tag","embeddable":true,"href":"https:\/\/grandepremio.com\/br\/wp-json\/wp\/v2\/tags?post=15818"},{"taxonomy":"42wp_author","embeddable":true,"href":"https:\/\/grandepremio.com\/br\/wp-json\/wp\/v2\/42wp_author?post=15818"}],"curies":[{"name":"wp","href":"https:\/\/api.w.org\/{rel}","templated":true}]}}