{"id":15918,"date":"2025-10-24T05:00:00","date_gmt":"2025-10-24T08:00:00","guid":{"rendered":"https:\/\/grandepremio.com\/br\/noticias\/lucas-moraes-admite-nao-esperava-titulo-2o-ano-w2rc-mas-sabia-que-podia-brigar\/"},"modified":"2025-10-24T11:51:07","modified_gmt":"2025-10-24T14:51:07","slug":"lucas-moraes-admite-nao-esperava-titulo-2o-ano-w2rc-mas-sabia-que-podia-brigar","status":"publish","type":"post","link":"https:\/\/grandepremio.com\/br\/rally\/lucas-moraes-admite-nao-esperava-titulo-2o-ano-w2rc-mas-sabia-que-podia-brigar\/","title":{"rendered":"Moraes admite que &#8220;n\u00e3o esperava t\u00edtulo no 2\u00ba ano&#8221; de W2RC. Mas &#8220;sabia que podia brigar&#8221;"},"content":{"rendered":"\n<p class=\"wp-block-paragraph\"><a href=\"https:\/\/www.grandepremio.com\/br\/rally\/noticias\/lucas-moraes-conquista-titulo-w2rc-punicao-nasser-al-attiyah-rali-marrocos-sebastien-loeb-vence\/\">Campe\u00e3o mundial do <strong>Mundial de Rali-Raid (W2RC)<\/strong><\/a> em apenas sua segunda temporada completa na categoria, <strong>Lucas Moraes<\/strong> ainda digere o feito que o colocou entre os grandes nomes do off-road mundial. O brasileiro, que superou <strong>Nasser Al-Attiyah<\/strong> na luta pelo t\u00edtulo, reconheceu que a conquista foi r\u00e1pida, mas ressaltou que o sucesso foi resultado de um longo caminho at\u00e9 chegar ao topo.<\/p>\n\n\n\n<p class=\"wp-block-paragraph\">Moraes \u00e9 o primeiro brasileiro campe\u00e3o de uma categoria chancelada pela&nbsp;<strong>Federa\u00e7\u00e3o Internacional de Automobilismo (FIA)<\/strong>&nbsp;no rali. A conquista veio com o segundo lugar no Rali do Marrocos, que teve vit\u00f3ria de <strong>S\u00e9bastien Loeb<\/strong>. O resultado, combinado com uma puni\u00e7\u00e3o do catari, foi suficiente para garantir o t\u00edtulo.<\/p>\n\n\n\n<p class=\"wp-block-paragraph\">Em entrevista exclusiva para o <strong>GRANDE PR\u00caMIO<\/strong>, Lucas admitiu que n\u00e3o esperava conquistar o Mundial logo em seu segundo ano. Por\u00e9m, destacou que a const\u00e2ncia e o aprendizado acumulado em competi\u00e7\u00f5es nacionais foram fundamentais para encarar o desafio.<\/p>\n\n\n\n<p class=\"wp-block-paragraph\">\u201cQuando olhamos os \u00faltimos dois anos, parece que foi r\u00e1pido, porque foram os que disputei o Mundial como piloto de f\u00e1brica. Mas se olhar desde quando comecei no Brasil, disputando o Brasileiro de Rali, a Mitsubishi Cup, ganhando o Sert\u00f5es duas vezes\u2026 Tem uma trajet\u00f3ria importante que me ajudou a chegar no Mundial j\u00e1 com certa experi\u00eancia, o que \u00e9 muito importante\u201d, explicou Moraes.<\/p>\n\n\n\n<figure class=\"wp-block-image size-large\"><img decoding=\"async\" src=\"https:\/\/www.grandepremio.com\/br\/wp-content\/uploads\/2025\/10\/SI202510160945-1200x800.jpg\" alt=\"\" class=\"wp-image-1025666\"\/><figcaption class=\"wp-element-caption\">Lucas Moraes conquistou t\u00edtulo do W2RC com segundo lugar no Rali do Marrocos (Foto: Red Bull Content Pool)<\/figcaption><\/figure>\n\n\n\n<p class=\"wp-block-paragraph\">\u201cClaro que n\u00e3o esperava ser campe\u00e3o mundial no segundo ano, mas sabia que tinha condi\u00e7\u00f5es de brigar. Tinha boa velocidade e const\u00e2ncia, que \u00e9 muito importante no rali. Voc\u00ea vai se apegando em bons momentos, como vencer uma especial, ou uma parcial, e usa isso como combust\u00edvel para ganhar confian\u00e7a e disputar com esses grandes nomes. Ainda bem que deu certo e pude trazer esse t\u00edtulo para o Brasil\u201d, emendou.<\/p>\n\n\n\n<p class=\"wp-block-paragraph\">Com o t\u00edtulo conquistado, Moraes se prepara para encarar a temporada 2026 em uma nova fase da carreira. <a href=\"https:\/\/www.grandepremio.com\/br\/rally\/noticias\/lucas-moraes-encerra-parceria-toyota-assina-dacia-disputa-dakar-w2rc\/\">O brasileiro troca a <strong>Toyota<\/strong> pela <strong>Dacia<\/strong><\/a>, onde ter\u00e1 Al-Attiyah e Loeb como companheiros, e admite que a press\u00e3o por defender o t\u00edtulo ser\u00e1 inevit\u00e1vel \u2014 o que recebe de bra\u00e7os abertos.<\/p>\n\n\n\n<p class=\"wp-block-paragraph\">\u201cA press\u00e3o faz parte de qualquer esporte ou qualquer profiss\u00e3o de alto rendimento. Voc\u00ea precisa saber lidar com isso. Sempre sonhei em estar nessa posi\u00e7\u00e3o de campe\u00e3o do mundo. Ent\u00e3o, quando voc\u00ea alcan\u00e7a, tem de absorver mesmo, entender que a press\u00e3o faz parte\u201d, disse.<\/p>\n\n\n\n<p class=\"wp-block-paragraph\">\u201cA gente sabe que \u00e9 t\u00e3o bom quanto a \u00faltima corrida. No pr\u00f3ximo ano, vira o calend\u00e1rio, o campeonato est\u00e1 aberto de novo. Ent\u00e3o, \u00e9 um pouco nessa linha\u201d, concluiu.<\/p>\n\n\n\n<p class=\"wp-block-paragraph\">A temporada 2026 do&nbsp;<strong>W2RC<\/strong>&nbsp;come\u00e7a com a tradicional etapa do<strong>&nbsp;Rali Dakar<\/strong>, que ser\u00e1 disputada entre os dias 3 e 17 de janeiro.<\/p>\n\n\n\n<p class=\"wp-block-paragraph\">\u25b6\ufe0f&nbsp;<strong>Inscreva-se nos dois canais do GRANDE PR\u00caMIO no YouTube:&nbsp;<a href=\"https:\/\/www.youtube.com\/channel\/UC9OlHEgxoaY6QY6nWPoiqQg?sub_confirmation=1\" target=\"_blank\" rel=\"noreferrer noopener\">GP<\/a>&nbsp;|&nbsp;<a href=\"https:\/\/www.youtube.com\/channel\/UC9csiS6q_C3C0FYhyr1rnFA?sub_confirmation=1\" target=\"_blank\" rel=\"noreferrer noopener\">GP2<\/a><\/strong><a href=\"https:\/\/www.grandepremio.com\/br\/chefao\/\" target=\"_blank\" rel=\"noreferrer noopener\"><\/a><\/p>\n","protected":false},"excerpt":{"rendered":"<p>Em entrevista exclusiva ao GRANDE PR\u00caMIO, Lucas Moraes destacou import\u00e2ncia da trajet\u00f3ria no off-road nacional para t\u00edtulo mundial no segundo ano no W2RC e disse receber de bra\u00e7os abertos press\u00e3o de defender a conquista<\/p>\n","protected":false},"author":0,"featured_media":1001025656,"comment_status":"closed","ping_status":"closed","sticky":false,"template":"","format":"standard","meta":{"42wp_featured_image_caption":"","42wp_featured_image_credits":"","42wp_featured_video":"","42wp_featured_image_hidden":false,"42wp_authors_list":[],"footnotes":""},"categories":[5],"tags":[853,1491,28285,37808,3787,1004,5171,33446],"42wp_author":[47164],"class_list":["post-15918","post","type-post","status-publish","format-standard","has-post-thumbnail","hentry","category-rally","tag-dakar","tag-grande-premio","tag-grandepremio","tag-horarios-dakar","tag-lucas-moraes","tag-nasser-al-attiyah","tag-sebastien-loeb","tag-w2rc","42wp_author-marcos-gil-ribeiro"],"_links":{"self":[{"href":"https:\/\/grandepremio.com\/br\/wp-json\/wp\/v2\/posts\/15918","targetHints":{"allow":["GET"]}}],"collection":[{"href":"https:\/\/grandepremio.com\/br\/wp-json\/wp\/v2\/posts"}],"about":[{"href":"https:\/\/grandepremio.com\/br\/wp-json\/wp\/v2\/types\/post"}],"replies":[{"embeddable":true,"href":"https:\/\/grandepremio.com\/br\/wp-json\/wp\/v2\/comments?post=15918"}],"version-history":[{"count":0,"href":"https:\/\/grandepremio.com\/br\/wp-json\/wp\/v2\/posts\/15918\/revisions"}],"wp:featuredmedia":[{"embeddable":true,"href":"https:\/\/grandepremio.com\/br\/wp-json\/wp\/v2\/media\/1001025656"}],"wp:attachment":[{"href":"https:\/\/grandepremio.com\/br\/wp-json\/wp\/v2\/media?parent=15918"}],"wp:term":[{"taxonomy":"category","embeddable":true,"href":"https:\/\/grandepremio.com\/br\/wp-json\/wp\/v2\/categories?post=15918"},{"taxonomy":"post_tag","embeddable":true,"href":"https:\/\/grandepremio.com\/br\/wp-json\/wp\/v2\/tags?post=15918"},{"taxonomy":"42wp_author","embeddable":true,"href":"https:\/\/grandepremio.com\/br\/wp-json\/wp\/v2\/42wp_author?post=15918"}],"curies":[{"name":"wp","href":"https:\/\/api.w.org\/{rel}","templated":true}]}}