{"id":161202,"date":"2026-08-22T12:00:00","date_gmt":"2026-08-22T15:00:00","guid":{"rendered":"https:\/\/grandepremio.com\/br\/?p=161202"},"modified":"2026-08-19T15:14:21","modified_gmt":"2026-08-19T18:14:21","slug":"briefing-analise-classificacao-gp-dos-paises-baixos-f1-2026","status":"publish","type":"post","link":"https:\/\/grandepremio.com\/br\/f1\/briefing-analise-classificacao-gp-dos-paises-baixos-f1-2026\/","title":{"rendered":"Briefing: a an\u00e1lise da classifica\u00e7\u00e3o do GP dos Pa\u00edses Baixos da F1 2026"},"content":{"rendered":"\n<figure class=\"wp-block-embed is-type-video is-provider-youtube wp-block-embed-youtube wp-embed-aspect-16-9 wp-has-aspect-ratio\"><div class=\"wp-block-embed__wrapper\">\n<iframe loading=\"lazy\" title=\"\ud83d\udd34 AO VIVO! F1 2026 NOS PA\u00cdSES BAIXOS: ASSISTA \u00c0 CLASSIFICA\u00c7\u00c3O [narra\u00e7\u00e3o + Briefing]\" width=\"500\" height=\"281\" src=\"https:\/\/www.youtube.com\/embed\/Tumos2pQVeM?feature=oembed\" frameborder=\"0\" allow=\"accelerometer; autoplay; clipboard-write; encrypted-media; gyroscope; picture-in-picture; web-share\" referrerpolicy=\"strict-origin-when-cross-origin\" allowfullscreen><\/iframe>\n<\/div><\/figure>\n\n\n\n<p class=\"wp-block-paragraph\">A F\u00f3rmula 1 realizou, neste s\u00e1bado (22), a corrida sprint e a classifica\u00e7\u00e3o do GP dos Pa\u00edses Baixos. O\u00a0<strong>Briefing<\/strong>\u00a0analisa como foi o dia em Zandvoort.<\/p>\n","protected":false},"excerpt":{"rendered":"<p>Victor Martins comanda programa que disseca a F\u00f3rmula 1 assim que as atividades acabam, com coment\u00e1rios de Evelyn Guimar\u00e3es e Gabriel Curty. Saiba o que aconteceu na classifica\u00e7\u00e3o do GP dos Pa\u00edses Baixos deste s\u00e1bado (22)<\/p>\n","protected":false},"author":9,"featured_media":1020310825,"comment_status":"closed","ping_status":"closed","sticky":false,"template":"","format":"standard","meta":{"42wp_featured_image_caption":"O Briefing analisa tudo o que aconteceu no s\u00e1bado em Zandvoort","42wp_featured_image_credits":"Williams","42wp_featured_video":"","42wp_featured_image_hidden":false,"42wp_authors_list":[{"id":47164,"location":"do Rio de Janeiro"}],"footnotes":""},"categories":[2],"tags":[29126],"42wp_author":[47164],"class_list":["post-161202","post","type-post","status-publish","format-standard","has-post-thumbnail","hentry","category-f1","tag-gp-dos-paises-baixos","42wp_author-marcos-gil-ribeiro"],"_links":{"self":[{"href":"https:\/\/grandepremio.com\/br\/wp-json\/wp\/v2\/posts\/161202","targetHints":{"allow":["GET"]}}],"collection":[{"href":"https:\/\/grandepremio.com\/br\/wp-json\/wp\/v2\/posts"}],"about":[{"href":"https:\/\/grandepremio.com\/br\/wp-json\/wp\/v2\/types\/post"}],"author":[{"embeddable":true,"href":"https:\/\/grandepremio.com\/br\/wp-json\/wp\/v2\/users\/9"}],"replies":[{"embeddable":true,"href":"https:\/\/grandepremio.com\/br\/wp-json\/wp\/v2\/comments?post=161202"}],"version-history":[{"count":3,"href":"https:\/\/grandepremio.com\/br\/wp-json\/wp\/v2\/posts\/161202\/revisions"}],"predecessor-version":[{"id":161207,"href":"https:\/\/grandepremio.com\/br\/wp-json\/wp\/v2\/posts\/161202\/revisions\/161207"}],"wp:featuredmedia":[{"embeddable":true,"href":"https:\/\/grandepremio.com\/br\/wp-json\/wp\/v2\/media\/1020310825"}],"wp:attachment":[{"href":"https:\/\/grandepremio.com\/br\/wp-json\/wp\/v2\/media?parent=161202"}],"wp:term":[{"taxonomy":"category","embeddable":true,"href":"https:\/\/grandepremio.com\/br\/wp-json\/wp\/v2\/categories?post=161202"},{"taxonomy":"post_tag","embeddable":true,"href":"https:\/\/grandepremio.com\/br\/wp-json\/wp\/v2\/tags?post=161202"},{"taxonomy":"42wp_author","embeddable":true,"href":"https:\/\/grandepremio.com\/br\/wp-json\/wp\/v2\/42wp_author?post=161202"}],"curies":[{"name":"wp","href":"https:\/\/api.w.org\/{rel}","templated":true}]}}