{"id":16142,"date":"2025-10-18T20:23:04","date_gmt":"2025-10-18T23:23:04","guid":{"rendered":"https:\/\/grandepremio.com\/br\/noticias\/mclaren-admite-decepcao-sprint-eua-crava-precisamos-provar-que-somos-fortes\/"},"modified":"2025-10-18T22:21:58","modified_gmt":"2025-10-19T01:21:58","slug":"mclaren-admite-decepcao-sprint-eua-crava-precisamos-provar-que-somos-fortes","status":"publish","type":"post","link":"https:\/\/grandepremio.com\/br\/f1\/mclaren-admite-decepcao-sprint-eua-crava-precisamos-provar-que-somos-fortes\/","title":{"rendered":"McLaren admite decep\u00e7\u00e3o na sprint dos EUA, mas diz: &#8220;Precisamos provar que somos fortes&#8221;"},"content":{"rendered":"\n<p class=\"wp-block-paragraph\">A <strong>McLaren<\/strong> recebeu uma ducha de \u00e1gua fria ap\u00f3s novo dom\u00ednio de <strong>Max Verstappen<\/strong> em <strong>Austin<\/strong>. Depois da pole e vit\u00f3ria na corrida sprint, o neerland\u00eas conquistou a pole-position da corrida deste domingo (19), desbancando <strong>Lando Norris<\/strong> no in\u00edcio da noite deste <strong>s\u00e1bado (18)<\/strong>. <strong>Andrea Stella<\/strong>, chefe do time de <strong>Woking<\/strong>, tamb\u00e9m exp\u00f4s a decep\u00e7\u00e3o pelo abandono duplo na corrida sprint, mas destacou que a equipe &#8220;precisa provar que \u00e9 forte&#8221; durante a 19\u00aa etapa da <strong>temporada 2025<\/strong> da <strong>F1<\/strong>.<\/p>\n\n\n\n<p class=\"wp-block-paragraph\">Apesar de ter conquistado com seis provas de anteced\u00eancia o <strong>Mundial de Construtores<\/strong>, o sinal de alerta foi aceso na briga pelo t\u00edtulo de Pilotos. Se ta\u00e7a parecia que ficaria entre <strong>Oscar Piastri<\/strong> e Norris, Verstappen mostra que a possibilidade de conquistar o pentacampeonato \u00e9 cada vez mais real.<\/p>\n\n\n\n<p class=\"wp-block-paragraph\">Al\u00e9m dos pilotos da McLaren n\u00e3o vencerem desde 31 de agosto, quando Piastri levou o <strong>GP dos Pa\u00edses Baixos<\/strong>, o australiano errou na curva 1 da corrida sprint da tarde deste s\u00e1bado, acertou <strong>Nico H\u00fclkenberg<\/strong> e Norris, o que causou o abandono da dupla da equipe de Woking e deixando o caminho livre para Verstappen levar a prova mais curta do fim de semana \u2014 o que Stella admitiu que foi decepcionante.<\/p>\n\n\n\n<p class=\"wp-block-paragraph\"><strong>\u25b6\ufe0f<\/strong>\u00a0<strong>Inscreva-se nos dois canais do GRANDE PR\u00caMIO no YouTube:\u00a0<a href=\"https:\/\/www.youtube.com\/channel\/UC9OlHEgxoaY6QY6nWPoiqQg?sub_confirmation=1\" target=\"_blank\" rel=\"noreferrer noopener\">GP<\/a>\u00a0|\u00a0<a href=\"https:\/\/www.youtube.com\/channel\/UC9csiS6q_C3C0FYhyr1rnFA?sub_confirmation=1\" target=\"_blank\" rel=\"noreferrer noopener\">GP2<\/a><\/strong><br>\u25b6\ufe0f\u00a0<strong>LEIA TAMB\u00c9M:\u00a0<a href=\"https:\/\/www.grandepremio.com\/br\/f1\/noticias\/5-coisas-aprendemos-sexta-feira-gp-estados-unidos-formula-1-2025\/\">5 coisas que aprendemos na sexta-feira do GP dos Estados Unidos da F1 2025<\/a><\/strong><\/p>\n\n\n\n\n\n\n\n<p class=\"wp-block-paragraph\">No entanto, o dirigente acredita que a McLaren poder\u00e1 mostrar for\u00e7a durante a corrida deste domingo. \u201cAgora precisamos provar que somos fortes do ponto de vista das corridas. Estamos ansiosos para competir amanh\u00e3, porque foi, sem d\u00favida, muito decepcionante n\u00e3o fazer parte da sprint&#8221;, disse Stella ao canal Sky Sports.<\/p>\n\n\n\n<p class=\"wp-block-paragraph\">&#8220;Como disse antes da corrida sprint, se pudermos correr, acho que podemos tirar vantagem dos pontos fortes do carro, especialmente nas condi\u00e7\u00f5es quentes e quando tiver degrada\u00e7\u00e3o dos pneus&#8221;, prosseguiu o chefe da McLaren. &#8220;Estamos ansiosos para amanh\u00e3 \u2014 esse \u00e9 nosso objetivo. Precisamos continuar focados&#8221;, encerrou.<\/p>\n\n\n\n<p class=\"wp-block-paragraph\">O\u00a0<strong>GRANDE PR\u00caMIO<\/strong>\u00a0acompanha todas as atividades do\u00a0<strong>GP dos Estados Unidos<\/strong>\u00a0<strong><a href=\"https:\/\/www.grandepremio.com\/br\/f1\/ao-vivo\" target=\"_blank\" rel=\"noreferrer noopener\">AO VIVO E EM\u00a0<\/a><a href=\"https:\/\/www.grandepremio.com\/br\/ao-vivo\/\" target=\"_blank\" rel=\"noreferrer noopener\">TEMPO REAL<\/a><\/strong>, al\u00e9m de classifica\u00e7\u00f5es, sprint e corrida em\u00a0<strong><a href=\"https:\/\/www.youtube.com\/@GrandePremio1\/streams\" target=\"_blank\" rel=\"noreferrer noopener\">SEGUNDA TELA no YouTube<\/a><\/strong>, em parceria com a Voz do Esporte. O\u00a0<strong>Briefing<\/strong>\u00a0chega para analisar ap\u00f3s o fim de cada dia de atividades nas redes sociais e na GPTV. Al\u00e9m da cobertura tradicional, o\u00a0<strong>GRANDE PR\u00caMIO<\/strong>\u00a0estar\u00e1\u00a0<strong>IN LOCO<\/strong>\u00a0em<strong>\u00a0Austin\u00a0<\/strong>para acompanhar todas as emo\u00e7\u00f5es da etapa com o rep\u00f3rter\u00a0<strong>Leonid Kliuev<\/strong>.<\/p>\n\n\n\n<p class=\"wp-block-paragraph\"><strong>GP dos Estados Unidos de F1: veja os hor\u00e1rios em Brasil, Cabo Verde,&nbsp;<a href=\"https:\/\/grandepremio.pt\/\" target=\"_blank\" rel=\"noreferrer noopener\">Portugal<\/a>, Angola e Mo\u00e7ambique:<\/strong><\/p>\n\n\n\n<figure class=\"wp-block-table\"><table class=\"has-fixed-layout\"><tbody><tr><td><strong>Sess\u00e3o<\/strong><\/td><td><strong>BRA*<\/strong><\/td><td><strong>CBV<\/strong><\/td><td><strong>POR<\/strong><br><strong>ANG<\/strong><\/td><td><strong>MOZ<\/strong><\/td><\/tr><tr><td>Corrida<\/td><td>16:00<\/td><td>18:00<\/td><td>20:00<\/td><td>21:00<\/td><\/tr><\/tbody><\/table><\/figure>\n\n\n\n<p class=\"wp-block-paragraph\"><em>*Hor\u00e1rio de Bras\u00edlia<\/em><\/p>\n\n\n\n<figure class=\"wp-block-embed is-type-video is-provider-youtube wp-block-embed-youtube wp-embed-aspect-16-9 wp-has-aspect-ratio\"><div class=\"wp-block-embed__wrapper\">\n<iframe loading=\"lazy\" title=\"\ud83d\udd34VERSTAPPEN: DA VIT\u00d3RIA NA SPRINT \u00c0 POLE: GRID DE LARGADA DA F1 nos EUA | BRIEFING [grande premio]\" width=\"500\" height=\"281\" src=\"https:\/\/www.youtube.com\/embed\/FMJDtgtQsYw?feature=oembed\" frameborder=\"0\" allow=\"accelerometer; autoplay; clipboard-write; encrypted-media; gyroscope; picture-in-picture; web-share\" referrerpolicy=\"strict-origin-when-cross-origin\" allowfullscreen><\/iframe>\n<\/div><\/figure>\n","protected":false},"excerpt":{"rendered":"<p>Chefe da McLaren, Andrea Stella acredita que Lando Norris e Oscar Piastri podem tirar vantagem do carro na corrida deste domingo (19) nos EUA<\/p>\n","protected":false},"author":0,"featured_media":1001003910,"comment_status":"closed","ping_status":"closed","sticky":false,"template":"","format":"standard","meta":{"42wp_featured_image_caption":"","42wp_featured_image_credits":"","42wp_featured_video":"","42wp_featured_image_hidden":false,"42wp_authors_list":[],"footnotes":""},"categories":[2],"tags":[7094,12757,5273,2614,24977,2318,1491,28285,13814,90,4928,37605,1521,6285,35129,36872,2916,30336,36778,32179,1197,9685,580],"42wp_author":[47155],"class_list":["post-16142","post","type-post","status-publish","format-standard","has-post-thumbnail","hentry","category-f1","tag-andrea-stella","tag-circuito-das-americas","tag-classificacao-f1","tag-cota","tag-gp-dos-estados-unidos","tag-gp-dos-eua","tag-grande-premio","tag-grandepremio","tag-hulkenberg","tag-mclaren","tag-mclaren-f1","tag-mclaren-formula-1","tag-nico-hulkenberg","tag-norris","tag-onde-assistir-f1","tag-onde-assistir-formula-1","tag-oscar-piastri","tag-piastri","tag-piastri-f1","tag-piastri-mclaren","tag-sauber","tag-verstappen","tag-zak-brown","42wp_author-daniel-balsa"],"_links":{"self":[{"href":"https:\/\/grandepremio.com\/br\/wp-json\/wp\/v2\/posts\/16142","targetHints":{"allow":["GET"]}}],"collection":[{"href":"https:\/\/grandepremio.com\/br\/wp-json\/wp\/v2\/posts"}],"about":[{"href":"https:\/\/grandepremio.com\/br\/wp-json\/wp\/v2\/types\/post"}],"replies":[{"embeddable":true,"href":"https:\/\/grandepremio.com\/br\/wp-json\/wp\/v2\/comments?post=16142"}],"version-history":[{"count":0,"href":"https:\/\/grandepremio.com\/br\/wp-json\/wp\/v2\/posts\/16142\/revisions"}],"wp:featuredmedia":[{"embeddable":true,"href":"https:\/\/grandepremio.com\/br\/wp-json\/wp\/v2\/media\/1001003910"}],"wp:attachment":[{"href":"https:\/\/grandepremio.com\/br\/wp-json\/wp\/v2\/media?parent=16142"}],"wp:term":[{"taxonomy":"category","embeddable":true,"href":"https:\/\/grandepremio.com\/br\/wp-json\/wp\/v2\/categories?post=16142"},{"taxonomy":"post_tag","embeddable":true,"href":"https:\/\/grandepremio.com\/br\/wp-json\/wp\/v2\/tags?post=16142"},{"taxonomy":"42wp_author","embeddable":true,"href":"https:\/\/grandepremio.com\/br\/wp-json\/wp\/v2\/42wp_author?post=16142"}],"curies":[{"name":"wp","href":"https:\/\/api.w.org\/{rel}","templated":true}]}}