{"id":161884,"date":"2026-08-21T13:56:55","date_gmt":"2026-08-21T16:56:55","guid":{"rendered":"https:\/\/grandepremio.com\/br\/?p=161884"},"modified":"2026-08-21T13:56:56","modified_gmt":"2026-08-21T16:56:56","slug":"mclaren-diz-comecou-onde-parou-hungria-aposta-evolucao-paises-baixos","status":"publish","type":"post","link":"https:\/\/grandepremio.com\/br\/f1\/mclaren-diz-comecou-onde-parou-hungria-aposta-evolucao-paises-baixos\/","title":{"rendered":"McLaren diz que &#8220;come\u00e7ou de onde parou&#8221; na Hungria e aposta em evolu\u00e7\u00e3o nos Pa\u00edses Baixos"},"content":{"rendered":"\n<p class=\"wp-block-paragraph\">Ao destacar que a McLaren &#8220;come\u00e7ou de onde terminou&#8221; na Hungria, Andrea Stella mostrou confian\u00e7a de que a equipe pode melhorar ainda mais no decorrer do fim de semana do GP dos Pa\u00edses Baixos, 12\u00aa etapa da temporada 2026 da F\u00f3rmula 1. O dirigente, no entanto, chamou aten\u00e7\u00e3o para Mercedes e Ferrari e disse que a instabilidade clim\u00e1tica em Zandvoort deve movimentar a sprint deste s\u00e1bado (22).<\/p>\n\n\n\n<p class=\"wp-block-paragraph\">Lando Norris e Oscar Piastri terminaram na segunda e quarta posi\u00e7\u00e3o, respectivamente, mas ambos chegaram perto de conquistar a pole-position. Isso porque o atual campe\u00e3o mundial ficou somente 0s041 atr\u00e1s de George Russell, que <a href=\"https:\/\/grandepremio.com\/br\/f1\/george-russell-freia-lando-norris-crava-pole-da-sprint-paises-baixos-gabriel-bortoleto-9o\/\">anotou o tempo mais r\u00e1pido<\/a>, enquanto o australiano viu a diferen\u00e7a ser de 0s099 em rela\u00e7\u00e3o ao ponteiro.<\/p>\n\n\n\n<figure class=\"wp-block-embed is-type-video is-provider-youtube wp-block-embed-youtube wp-embed-aspect-16-9 wp-has-aspect-ratio\"><div class=\"wp-block-embed__wrapper\">\n<iframe loading=\"lazy\" title=\"\ud83d\udd34 F1 2026 AO VIVO: RUSSELL \u00c9 POLE DA CORRIDA SPRINT EM ZANDVOORT [narra\u00e7\u00e3o + Briefing]\" width=\"500\" height=\"281\" src=\"https:\/\/www.youtube.com\/embed\/SG7DhY_3eC0?feature=oembed\" frameborder=\"0\" allow=\"accelerometer; autoplay; clipboard-write; encrypted-media; gyroscope; picture-in-picture; web-share\" referrerpolicy=\"strict-origin-when-cross-origin\" allowfullscreen><\/iframe>\n<\/div><\/figure>\n\n\n\n<p class=\"wp-block-paragraph\">&#8220;No momento, diria que come\u00e7amos de onde terminamos. O carro foi competitivo na Hungria e, novamente, a disputa por l\u00e1 tamb\u00e9m foi muito acirrada com Ferrari e Mercedes. Ent\u00e3o, de certa forma, \u00e9 bom termos come\u00e7ado de onde terminamos, porque isso significa que a McLaren est\u00e1 competitiva, e isso se deve \u00e0s atualiza\u00e7\u00f5es que levamos para a Hungria&#8221;, come\u00e7ou Stella em entrevista \u00e0 emissora brit\u00e2nica <em>Sky Sports<\/em>.<\/p>\n\n\n\n<p class=\"wp-block-paragraph\">&#8220;Temos mais algumas pe\u00e7as aqui, mas n\u00e3o tantas quanto na Hungria. E acho que temos pela frente um fim de semana interessante e uma segunda metade da temporada interessante&#8221;, acrescentou o dirigente. O time papaia desembarcou em Zandvoort <a href=\"https:\/\/grandepremio.com\/br\/f1\/ferrari-alpine-novo-assoalho-atualizacoes-equipes-gp-dos-paises-baixos\/\">com melhorias na asa traseira, tampa do motor e entrada de ar do freio traseiro<\/a>.<\/p>\n\n\n\n<p class=\"wp-block-paragraph\">&#8220;Em termos de ritmo, vimos nesta manh\u00e3 que a Ferrari pareceu muito competitiva. \u00c9 dif\u00edcil saber, no TL1, qual n\u00edvel de combust\u00edvel os concorrentes usaram nas simula\u00e7\u00f5es de longas dist\u00e2ncias, mas a Ferrari pareceu competitiva, assim como a Mercedes&#8221;, seguiu. &#8220;Espero que a sprint seja muito acirrada, mas n\u00e3o podemos esquecer que h\u00e1 bastante instabilidade clim\u00e1tica por aqui, ent\u00e3o a corrida pode acabar sendo bastante movimentada por causa de outras circunst\u00e2ncias&#8221;, alertou.<\/p>\n\n\n\n<p class=\"wp-block-paragraph\">&#8220;Ent\u00e3o, \u00e9 um bom come\u00e7o. Tenho certeza de que podemos acrescentar um pouco ao desempenho do carro, mas tamb\u00e9m temos muita coisa para a qual precisamos estar preparados&#8221;, encerrou Stella.<\/p>\n\n\n\n<figure class=\"wp-block-image size-full\"><img loading=\"lazy\" decoding=\"async\" width=\"1000\" height=\"666\" src=\"https:\/\/grandepremio.com\/br\/wp-content\/uploads\/2026\/04\/andrea-stella-mclaren_11zon.webp\" alt=\"\" class=\"wp-image-1010397561\" srcset=\"https:\/\/grandepremio.com\/wp-content\/uploads\/2026\/04\/andrea-stella-mclaren_11zon.webp 1000w, https:\/\/grandepremio.com\/wp-content\/uploads\/2026\/04\/andrea-stella-mclaren_11zon-300x200.webp 300w, https:\/\/grandepremio.com\/wp-content\/uploads\/2026\/04\/andrea-stella-mclaren_11zon-768x511.webp 768w, https:\/\/grandepremio.com\/wp-content\/uploads\/2026\/04\/andrea-stella-mclaren_11zon-150x100.webp 150w\" sizes=\"(max-width: 1000px) 100vw, 1000px\" \/><figcaption class=\"wp-element-caption\">Andrea Stella aprovou in\u00edcio da McLaren nos Pa\u00edses Baixos (Foto: Reprodu\u00e7\u00e3o)<\/figcaption><\/figure>\n\n\n\n<p class=\"wp-block-paragraph\">O&nbsp;<strong>GRANDE PR\u00caMIO<\/strong>&nbsp;acompanha todas as atividades do GP dos Pa\u00edses Baixos, 12\u00aa etapa da temporada 2026,&nbsp;<a href=\"https:\/\/www.grandepremio.com\/br\/ao-vivo\/f1\/\"><strong>AO VIVO E EM&nbsp;<\/strong><\/a><strong><a href=\"https:\/\/www.grandepremio.com\/br\/ao-vivo\/\" target=\"_blank\" rel=\"noopener\">TEMPO REAL<\/a><\/strong>,&nbsp;<a href=\"https:\/\/www.youtube.com\/@GrandePremio1\/streams\">al\u00e9m de classifica\u00e7\u00f5es e corridas em&nbsp;<strong>SEGUNDA TELA&nbsp;<\/strong>no YouTube<\/a>, em parceria com a&nbsp;<strong>Voz do Esporte<\/strong>. O&nbsp;<strong>Briefing&nbsp;<\/strong>chega para analisar ap\u00f3s o fim de cada dia de atividades nas redes sociais e na&nbsp;<strong>GPTV<\/strong>. Al\u00e9m da cobertura completa, o&nbsp;<strong>GRANDE PR\u00caMIO&nbsp;<\/strong>est\u00e1 in loco com o rep\u00f3rter Leonid Kliuev.<\/p>\n\n\n\n<h2 class=\"wp-block-heading\">GP dos Pa\u00edses Baixos de F1: veja os hor\u00e1rios em Brasil, Cabo Verde,&nbsp;<a href=\"https:\/\/grandepremio.pt\/\" target=\"_blank\" rel=\"noopener\"><strong>Portugal<\/strong><\/a>, Angola e Mo\u00e7ambique:<\/h2>\n\n\n\n<h3 class=\"wp-block-heading\">Hor\u00e1rios no Brasil*<\/h3>\n\n\n\n<ul id=\"block-04b1bda2-db77-49b7-8a15-ab1e981bbd0f\" class=\"wp-block-list\">\n<li><strong>Corrida sprint: 07:00<\/strong><\/li>\n\n\n\n<li><strong>Classifica\u00e7\u00e3o: 11:00<\/strong><\/li>\n\n\n\n<li><strong>Corrida: 10:00<\/strong><\/li>\n<\/ul>\n\n\n\n<h3 class=\"wp-block-heading\">Hor\u00e1rios em Cabo Verde<\/h3>\n\n\n\n<ul id=\"block-7b9d835a-23af-4411-943e-453b4766e578\" class=\"wp-block-list\">\n<li><strong>Corrida sprint: 09:00<\/strong><\/li>\n\n\n\n<li><strong>Classifica\u00e7\u00e3o: 13:00<\/strong><\/li>\n\n\n\n<li><strong>Corrida: 12:00<\/strong><\/li>\n<\/ul>\n\n\n\n<h3 class=\"wp-block-heading\">Hor\u00e1rios em Portugal e Angola<\/h3>\n\n\n\n<ul id=\"block-e78d748e-6549-4a54-9e51-69367685663a\" class=\"wp-block-list\">\n<li><strong>Corrida sprint: 11:00<\/strong><\/li>\n\n\n\n<li><strong>Classifica\u00e7\u00e3o: 15:00<\/strong><\/li>\n\n\n\n<li><strong>Corrida: 14:00<\/strong><\/li>\n<\/ul>\n\n\n\n<h3 class=\"wp-block-heading\"><strong>Hor\u00e1rios em Mo\u00e7ambique<\/strong><\/h3>\n\n\n\n<ul id=\"block-bbaadcb9-d1e6-402a-b585-42debf37b024\" class=\"wp-block-list\">\n<li><strong>Corrida sprint: 12:00<\/strong><\/li>\n\n\n\n<li><strong>Classifica\u00e7\u00e3o: 16:00<\/strong><\/li>\n\n\n\n<li><strong>Corrida: 15:00<\/strong><\/li>\n<\/ul>\n\n\n\n<p class=\"wp-block-paragraph\"><em>*Hor\u00e1rio de Bras\u00edlia<\/em><\/p>\n","protected":false},"excerpt":{"rendered":"<p>Andrea Stella aprovou o in\u00edcio da McLaren em Zandvoort, mas tamb\u00e9m destacou que a disputa est\u00e1 acirrada com Ferrari e Mercedes neste fim de semana<\/p>\n","protected":false},"author":19,"featured_media":1020312386,"comment_status":"closed","ping_status":"closed","sticky":false,"template":"","format":"standard","meta":{"42wp_featured_image_caption":"Oscar Piastri","42wp_featured_image_credits":"McLaren","42wp_featured_video":"","42wp_featured_image_hidden":false,"42wp_authors_list":[{"id":47160,"location":"de Colatina"}],"footnotes":""},"categories":[2],"tags":[7094,29126,90],"42wp_author":[47160],"class_list":["post-161884","post","type-post","status-publish","format-standard","has-post-thumbnail","hentry","category-f1","tag-andrea-stella","tag-gp-dos-paises-baixos","tag-mclaren","42wp_author-vicente-soella"],"_links":{"self":[{"href":"https:\/\/grandepremio.com\/br\/wp-json\/wp\/v2\/posts\/161884","targetHints":{"allow":["GET"]}}],"collection":[{"href":"https:\/\/grandepremio.com\/br\/wp-json\/wp\/v2\/posts"}],"about":[{"href":"https:\/\/grandepremio.com\/br\/wp-json\/wp\/v2\/types\/post"}],"author":[{"embeddable":true,"href":"https:\/\/grandepremio.com\/br\/wp-json\/wp\/v2\/users\/19"}],"replies":[{"embeddable":true,"href":"https:\/\/grandepremio.com\/br\/wp-json\/wp\/v2\/comments?post=161884"}],"version-history":[{"count":2,"href":"https:\/\/grandepremio.com\/br\/wp-json\/wp\/v2\/posts\/161884\/revisions"}],"predecessor-version":[{"id":161905,"href":"https:\/\/grandepremio.com\/br\/wp-json\/wp\/v2\/posts\/161884\/revisions\/161905"}],"wp:featuredmedia":[{"embeddable":true,"href":"https:\/\/grandepremio.com\/br\/wp-json\/wp\/v2\/media\/1020312386"}],"wp:attachment":[{"href":"https:\/\/grandepremio.com\/br\/wp-json\/wp\/v2\/media?parent=161884"}],"wp:term":[{"taxonomy":"category","embeddable":true,"href":"https:\/\/grandepremio.com\/br\/wp-json\/wp\/v2\/categories?post=161884"},{"taxonomy":"post_tag","embeddable":true,"href":"https:\/\/grandepremio.com\/br\/wp-json\/wp\/v2\/tags?post=161884"},{"taxonomy":"42wp_author","embeddable":true,"href":"https:\/\/grandepremio.com\/br\/wp-json\/wp\/v2\/42wp_author?post=161884"}],"curies":[{"name":"wp","href":"https:\/\/api.w.org\/{rel}","templated":true}]}}