{"id":16200,"date":"2025-10-17T20:44:00","date_gmt":"2025-10-17T23:44:00","guid":{"rendered":"https:\/\/grandepremio.com\/br\/noticias\/mclaren-rende-forca-red-bull-eua-brigam-por-vitoria-qualquer-pista\/"},"modified":"2025-10-17T21:32:12","modified_gmt":"2025-10-18T00:32:12","slug":"mclaren-rende-forca-red-bull-eua-brigam-por-vitoria-qualquer-pista","status":"publish","type":"post","link":"https:\/\/grandepremio.com\/br\/f1\/mclaren-rende-forca-red-bull-eua-brigam-por-vitoria-qualquer-pista\/","title":{"rendered":"McLaren se rende a for\u00e7a da Red Bull nos EUA: \u201cBrigam por vit\u00f3ria em qualquer pista\u201d"},"content":{"rendered":"\n<p class=\"wp-block-paragraph\">A <strong>McLaren <\/strong>reconheceu a evolu\u00e7\u00e3o da <strong>Red Bull<\/strong> na reta final da temporada 2025 da <strong>F\u00f3rmula 1<\/strong>. Depois de ver <strong>Lando Norris<\/strong> e <strong>Oscar Piastri<\/strong> serem <a href=\"https:\/\/www.grandepremio.com\/br\/f1\/noticias\/max-verstappen-voa-fim-desbanca-lando-norris-crava-pole-sprint-eua-gabriel-bortoleto-20o\/\">derrotados por<strong> Max Verstappen<\/strong> na classifica\u00e7\u00e3o sprint<\/a>, o chefe <strong>Andrea Stella<\/strong> disse que o time taurino \u00e9 capaz de brigar pelas primeiras posi\u00e7\u00f5es em todas as etapas. Ainda assim, pregou otimismo para o restante do fim de semana.<\/p>\n\n\n\n<p class=\"wp-block-paragraph\">Sonhando em se colocar na briga pelo <strong>Mundial de Pilotos<\/strong>, <strong>Verstappen <\/strong>voltou a incomodar a dupla papaia. Durante a classifica\u00e7\u00e3o sprint, o neerland\u00eas cravou 1min32s143 e superou <strong>Norris <\/strong>por apenas 0s071. <strong>Piastri<\/strong>, que ficou com o terceiro lugar, ficou a 0s380 da pole-position.<\/p>\n\n\n\n<p class=\"wp-block-paragraph\">Depois de <strong>Verstappen <\/strong>vencer os GPs da It\u00e1lia e do Azerbaij\u00e3o, come\u00e7aram algumas especula\u00e7\u00f5es de que a Red Bull tinha alcan\u00e7ado o patamar da McLaren. E segundo lugar do neerland\u00eas em Singapura, \u00e0 frente de Norris e Piastri, deixou a quest\u00e3o ainda mais forte. Agora, com a pole na classifica\u00e7\u00e3o sprint em Austin e com desempenho s\u00f3lido em quatro circuitos com caracter\u00edsticas distintas, Stella reconheceu o crescimento dos rivais taurinos.<\/p>\n\n\n\n<p class=\"wp-block-paragraph\">\u201cIsso prova que a <strong>Red Bull<\/strong> melhorou o carro. Eles est\u00e3o competitivos e podem brigar por vit\u00f3rias e pole-position em qualquer circuito. Tamb\u00e9m \u00e9 positivo ver que nosso carro \u00e9 competitivo em compara\u00e7\u00e3o com outros circuitos nos quais tivemos um pouco de dificuldade\u201d, disse o chefe da <strong>McLaren<\/strong>.<\/p>\n\n\n\n<figure class=\"wp-block-image size-large\"><img decoding=\"async\" src=\"https:\/\/www.grandepremio.com\/br\/wp-content\/uploads\/2025\/10\/estados-unidos-2025-f1-classificacao-sprint-red-bull-max-verstappen-08-1200x857.jpg\" alt=\"\" class=\"wp-image-1023541\"\/><figcaption class=\"wp-element-caption\">Max Verstappen superou a dupla da McLaren na classifica\u00e7\u00e3o sprin (Foto: Red Bull Content Pool)<\/figcaption><\/figure>\n\n\n\n<p class=\"wp-block-paragraph\">\u201cO resultado \u00e9 bom, apesar de n\u00e3o ser o que quer\u00edamos. Mas \u00e9 uma boa base para a corrida sprint, e ver onde podemos ajustar o desempenho para tentar a pole-position amanh\u00e3\u201d, finalizou o chefe da <strong>McLaren<\/strong>.<\/p>\n\n\n\n<p class=\"wp-block-paragraph\">O&nbsp;<strong>GRANDE PR\u00caMIO<\/strong>&nbsp;acompanha todas as atividades do&nbsp;<strong>GP dos Estados Unidos<\/strong>&nbsp;<strong><a href=\"https:\/\/www.grandepremio.com\/br\/f1\/ao-vivo\" target=\"_blank\" rel=\"noreferrer noopener\">AO VIVO E EM&nbsp;<\/a><a href=\"https:\/\/www.grandepremio.com\/br\/ao-vivo\/\" target=\"_blank\" rel=\"noreferrer noopener\">TEMPO REAL<\/a><\/strong>, al\u00e9m de classifica\u00e7\u00f5es, sprint e corrida em&nbsp;<strong><a href=\"https:\/\/www.youtube.com\/@GrandePremio1\/streams\" target=\"_blank\" rel=\"noreferrer noopener\">SEGUNDA TELA no YouTube<\/a><\/strong>, em parceria com a Voz do Esporte. O&nbsp;<strong>Briefing<\/strong>&nbsp;chega para analisar ap\u00f3s o fim de cada dia de atividades nas redes sociais e na GPTV.<\/p>\n\n\n\n<p class=\"wp-block-paragraph\">Al\u00e9m da cobertura tradicional, o&nbsp;<strong>GRANDE PR\u00caMIO<\/strong>&nbsp;estar\u00e1&nbsp;<strong>IN LOCO<\/strong>&nbsp;em<strong>&nbsp;Austin&nbsp;<\/strong>para acompanhar todas as emo\u00e7\u00f5es da etapa com o rep\u00f3rter&nbsp;<strong>Leonid Kliuev<\/strong>.<\/p>\n\n\n\n<p class=\"wp-block-paragraph\"><strong>GP dos Estados Unidos de F1: veja os hor\u00e1rios em Brasil, Cabo Verde,&nbsp;<a href=\"https:\/\/grandepremio.pt\/\" target=\"_blank\" rel=\"noreferrer noopener\">Portugal<\/a>, Angola e Mo\u00e7ambique:<\/strong><\/p>\n\n\n\n<figure class=\"wp-block-table\"><table class=\"has-fixed-layout\"><tbody><tr><td><strong>Sess\u00e3o<\/strong><\/td><td><strong>BRA*<\/strong><\/td><td><strong>CBV<\/strong><\/td><td><strong>POR<\/strong><br><strong>ANG<\/strong><\/td><td><strong>MOZ<\/strong><\/td><\/tr><tr><td>Corrida sprint<\/td><td>14:00<\/td><td>16:00<\/td><td>18:00<\/td><td>19:00<\/td><\/tr><tr><td>Classifica\u00e7\u00e3o<\/td><td>18:00<\/td><td>20:00<\/td><td>22:00<\/td><td>23:00<\/td><\/tr><tr><td>Corrida<\/td><td>16:00<\/td><td>18:00<\/td><td>20:00<\/td><td>21:00<\/td><\/tr><\/tbody><\/table><\/figure>\n\n\n\n<p class=\"wp-block-paragraph\"><em>*Hor\u00e1rio de Bras\u00edlia<\/em><\/p>\n\n\n\n<figure class=\"wp-block-embed is-type-video is-provider-youtube wp-block-embed-youtube wp-embed-aspect-16-9 wp-has-aspect-ratio\"><div class=\"wp-block-embed__wrapper\">\n<iframe loading=\"lazy\" title=\"VERSTAPPEN BATE McLAREN e \u00c9 POLE da CORRIDA SPRINT nos EUA | BRIEFING [grande premio]\" width=\"500\" height=\"281\" src=\"https:\/\/www.youtube.com\/embed\/9VEDKxPJPrY?feature=oembed\" frameborder=\"0\" allow=\"accelerometer; autoplay; clipboard-write; encrypted-media; gyroscope; picture-in-picture; web-share\" referrerpolicy=\"strict-origin-when-cross-origin\" allowfullscreen><\/iframe>\n<\/div><\/figure>\n","protected":false},"excerpt":{"rendered":"<p>Andrea Stella, chefe da McLaren, comentou o crescimento da Red Bull e acredita que Max Verstappen vai ser um advers\u00e1rio na briga pela vit\u00f3ria em todas as corridas at\u00e9 o fim do ano<\/p>\n","protected":false},"author":0,"featured_media":1001005933,"comment_status":"closed","ping_status":"closed","sticky":false,"template":"","format":"standard","meta":{"42wp_featured_image_caption":"","42wp_featured_image_credits":"","42wp_featured_video":"","42wp_featured_image_hidden":false,"42wp_authors_list":[],"footnotes":""},"categories":[2],"tags":[1982,12757,5273,5921,24977,1491,28285,30840,90,6285,35129,30336,204,9685],"42wp_author":[47149],"class_list":["post-16200","post","type-post","status-publish","format-standard","has-post-thumbnail","hentry","category-f1","tag-austin","tag-circuito-das-americas","tag-classificacao-f1","tag-corrida-sprint","tag-gp-dos-estados-unidos","tag-grande-premio","tag-grandepremio","tag-horarios-f1","tag-mclaren","tag-norris","tag-onde-assistir-f1","tag-piastri","tag-red-bull","tag-verstappen","42wp_author-bernardo-castro"],"_links":{"self":[{"href":"https:\/\/grandepremio.com\/br\/wp-json\/wp\/v2\/posts\/16200","targetHints":{"allow":["GET"]}}],"collection":[{"href":"https:\/\/grandepremio.com\/br\/wp-json\/wp\/v2\/posts"}],"about":[{"href":"https:\/\/grandepremio.com\/br\/wp-json\/wp\/v2\/types\/post"}],"replies":[{"embeddable":true,"href":"https:\/\/grandepremio.com\/br\/wp-json\/wp\/v2\/comments?post=16200"}],"version-history":[{"count":0,"href":"https:\/\/grandepremio.com\/br\/wp-json\/wp\/v2\/posts\/16200\/revisions"}],"wp:featuredmedia":[{"embeddable":true,"href":"https:\/\/grandepremio.com\/br\/wp-json\/wp\/v2\/media\/1001005933"}],"wp:attachment":[{"href":"https:\/\/grandepremio.com\/br\/wp-json\/wp\/v2\/media?parent=16200"}],"wp:term":[{"taxonomy":"category","embeddable":true,"href":"https:\/\/grandepremio.com\/br\/wp-json\/wp\/v2\/categories?post=16200"},{"taxonomy":"post_tag","embeddable":true,"href":"https:\/\/grandepremio.com\/br\/wp-json\/wp\/v2\/tags?post=16200"},{"taxonomy":"42wp_author","embeddable":true,"href":"https:\/\/grandepremio.com\/br\/wp-json\/wp\/v2\/42wp_author?post=16200"}],"curies":[{"name":"wp","href":"https:\/\/api.w.org\/{rel}","templated":true}]}}