{"id":16210,"date":"2025-10-17T19:15:42","date_gmt":"2025-10-17T22:15:42","guid":{"rendered":"https:\/\/grandepremio.com\/br\/noticias\/fia-rebate-candidato-desistente-garante-processo-democratico-eleicao\/"},"modified":"2025-10-17T21:34:47","modified_gmt":"2025-10-18T00:34:47","slug":"fia-rebate-candidato-desistente-garante-processo-democratico-eleicao","status":"publish","type":"post","link":"https:\/\/grandepremio.com\/br\/f1\/fia-rebate-candidato-desistente-garante-processo-democratico-eleicao\/","title":{"rendered":"FIA rebate candidato desistente e garante &#8220;processo democr\u00e1tico&#8221; em elei\u00e7\u00e3o"},"content":{"rendered":"\n<p class=\"wp-block-paragraph\">A <strong>Federa\u00e7\u00e3o Internacional de Automobilismo (FIA)<\/strong> respondeu \u00e0s duras cr\u00edticas de <strong>Tim Mayer<\/strong>, que concedeu uma entrevista coletiva nesta <strong>sexta-feira (17)<\/strong> em <strong>Austin<\/strong>, nos <strong>Estados Unidos<\/strong>, onde anunciou a desist\u00eancia da candidatura \u00e0 presid\u00eancia do \u00f3rg\u00e3o, alegando <a href=\"https:\/\/www.grandepremio.com\/br\/f1\/noticias\/rival-retira-candidatura-encaminha-reeleicao-mohammed-ben-sulayem-presidente-fia\/\">&#8220;ilus\u00e3o de democracia&#8221;<\/a>.<\/p>\n\n\n\n<p class=\"wp-block-paragraph\">Mais cedo, Mayer comunicou a desist\u00eancia pelo fato de que todos os candidatos devem enviar uma lista de vice-presidentes representando cada regi\u00e3o do mundo em que a FIA atua. Por\u00e9m, a \u00fanica pessoa que pode representar a\u00a0<strong>Am\u00e9rica do Sul\u00a0<\/strong>na Federa\u00e7\u00e3o \u00e9 a brasileira\u00a0<strong>Fabiana Ecclestone<\/strong>, esposa do ex-CEO da\u00a0<a href=\"https:\/\/www.grandepremio.com\/br\/f1\/\" target=\"_blank\" rel=\"noreferrer noopener\">F1\u00a0<\/a>Bernie, que j\u00e1 declarou o apoio pr\u00e9vio a Sulayem.<\/p>\n\n\n\n<p class=\"wp-block-paragraph\">Sem outros representantes eleg\u00edveis na Am\u00e9rica do Sul, Mayer foi for\u00e7ado a retirar a candidatura de forma oficial. O mesmo deve acontecer com a ex-pilota\u00a0<strong>Laura Villars\u00a0<\/strong>e a jornalista\u00a0<strong>Virginie Philippot<\/strong>, que tamb\u00e9m anunciaram que concorreriam ao pleito. Por conta de toda essa burocracia para o processo eletivo, Mayer apontou para a situa\u00e7\u00e3o de que a elei\u00e7\u00e3o na FIA n\u00e3o \u00e9 democr\u00e1tica.<\/p>\n\n\n\n<p class=\"wp-block-paragraph\"><strong>\u25b6\ufe0f\u00a0Inscreva-se nos dois canais do GRANDE PR\u00caMIO no YouTube:\u00a0<a href=\"https:\/\/www.youtube.com\/channel\/UC9OlHEgxoaY6QY6nWPoiqQg?sub_confirmation=1\" target=\"_blank\" rel=\"noreferrer noopener\">GP<\/a>\u00a0|\u00a0<a href=\"https:\/\/www.youtube.com\/channel\/UC9csiS6q_C3C0FYhyr1rnFA?sub_confirmation=1\" target=\"_blank\" rel=\"noreferrer noopener\">GP2<\/a><\/strong><\/p>\n\n\n\n<figure class=\"wp-block-image size-full\"><img decoding=\"async\" src=\"https:\/\/www.grandepremio.com\/br\/wp-content\/uploads\/2024\/11\/TIm-Mayer-FIA-1.jpg\" alt=\"\" class=\"wp-image-902356\"\/><figcaption class=\"wp-element-caption\">Tim Mayer confirmou candidatura \u00e0 presid\u00eancia da FIA (Foto: Reprodu\u00e7\u00e3o)<\/figcaption><\/figure>\n\n\n\n<p class=\"wp-block-paragraph\">A FIA, por meio de um porta-voz, recha\u00e7ou o discurso do ex-candidato e opositor a Mohammed Ben Sulayem, atual presidente. &#8220;A elei\u00e7\u00e3o presidencial da FIA \u00e9 estruturada e um processo democr\u00e1tico, que garante justi\u00e7a e integridade em todas as etapas&#8221;, disse o porta-voz.<\/p>\n\n\n\n<p class=\"wp-block-paragraph\">\u201cOs requisitos para as elei\u00e7\u00f5es da FIA de 2025 \u2014 incluindo os prazos pertinentes e os crit\u00e9rios de elegibilidade para a Lista Presidencial e os Conselhos Mundiais \u2014 est\u00e3o definidos nos Estatutos e Regulamentos Internos da FIA, que est\u00e3o dispon\u00edveis publicamente no site da entidade. Informa\u00e7\u00f5es detalhadas sobre essas elei\u00e7\u00f5es tamb\u00e9m foram disponibilizadas em uma p\u00e1gina dedicada no site da FIA desde 13 de junho de 2025 e comunicadas a todos os Membros da FIA&#8221;, comentou.<\/p>\n\n\n\n<p class=\"wp-block-paragraph\">\u201cComo era de se esperar, preparar uma candidatura para a Lista Presidencial ou para os Conselhos Mundiais exige que certas etapas sejam cumpridas. Os candidatos em potencial tiveram, desde a publica\u00e7\u00e3o das informa\u00e7\u00f5es detalhadas em 13 de junho, tempo para preparar suas inscri\u00e7\u00f5es&#8221;, finalizou.<\/p>\n\n\n\n<p class=\"wp-block-paragraph\">A\u00a0<strong><a href=\"https:\/\/www.grandepremio.com\/br\/f1\/\" target=\"_blank\" rel=\"noreferrer noopener\"><\/a><a href=\"https:\/\/www.grandepremio.com\/br\/f1\/\" target=\"_blank\" rel=\"noreferrer noopener\">F\u00f3rmula 1<\/a><\/strong>\u00a0retorna neste fim de semana, de 17 a 19 de outubro,<strong>\u00a0nos Estados Unidos<\/strong>, 19\u00aa etapa da temporada 2025. O\u00a0<strong>GRANDE PR\u00caMIO<\/strong>\u00a0acompanha todas as atividades\u00a0<strong><a href=\"https:\/\/www.grandepremio.com\/br\/f1\/ao-vivo\" target=\"_blank\" rel=\"noreferrer noopener\">AO VIVO E EM\u00a0<\/a><a href=\"https:\/\/www.grandepremio.com\/br\/ao-vivo\/\" target=\"_blank\" rel=\"noreferrer noopener\">TEMPO REAL<\/a><\/strong>, al\u00e9m de classifica\u00e7\u00f5es, sprint e corrida em\u00a0<strong><a href=\"https:\/\/www.youtube.com\/@GrandePremio1\/streams\" target=\"_blank\" rel=\"noreferrer noopener\">SEGUNDA TELA no YouTube<\/a><\/strong>, em parceria com a Voz do Esporte. O\u00a0<strong>Briefing<\/strong>\u00a0chega para analisar ap\u00f3s o fim de cada dia de atividades nas redes sociais e na GPTV.<\/p>\n\n\n\n<p class=\"wp-block-paragraph\">Al\u00e9m da cobertura tradicional, o\u00a0<strong>GRANDE PR\u00caMIO<\/strong>\u00a0estar\u00e1\u00a0<strong>IN LOCO<\/strong>\u00a0em<strong>\u00a0Austin\u00a0<\/strong>para acompanhar todas as emo\u00e7\u00f5es da etapa com o rep\u00f3rter\u00a0<strong>Leonid Kliuev<\/strong>.<\/p>\n\n\n\n<p class=\"wp-block-paragraph\"><strong>GP dos Estados Unidos de F1: veja os hor\u00e1rios em Brasil, Cabo Verde,\u00a0<a href=\"https:\/\/grandepremio.pt\/\" target=\"_blank\" rel=\"noreferrer noopener\">Portugal<\/a>, Angola e Mo\u00e7ambique:<\/strong><\/p>\n\n\n\n<figure class=\"wp-block-table\"><table class=\"has-fixed-layout\"><tbody><tr><td><strong>Sess\u00e3o<\/strong><\/td><td><strong>BRA*<\/strong><\/td><td><strong>CBV<\/strong><\/td><td><strong>POR<\/strong><br><strong>ANG<\/strong><\/td><td><strong>MOZ<\/strong><\/td><\/tr><tr><td>Corrida sprint<\/td><td>14:00<\/td><td>16:00<\/td><td>18:00<\/td><td>19:00<\/td><\/tr><tr><td>Classifica\u00e7\u00e3o<\/td><td>18:00<\/td><td>20:00<\/td><td>22:00<\/td><td>23:00<\/td><\/tr><tr><td>Corrida<\/td><td>16:00<\/td><td>18:00<\/td><td>20:00<\/td><td>21:00<\/td><\/tr><\/tbody><\/table><\/figure>\n\n\n\n<p class=\"wp-block-paragraph\"><em>*Hor\u00e1rio de Bras\u00edlia<\/em><\/p>\n\n\n\n<figure class=\"wp-block-embed is-type-video is-provider-youtube wp-block-embed-youtube wp-embed-aspect-16-9 wp-has-aspect-ratio\"><div class=\"wp-block-embed__wrapper\">\n<iframe loading=\"lazy\" title=\"VERSTAPPEN BATE McLAREN e \u00c9 POLE da CORRIDA SPRINT nos EUA | BRIEFING [grande premio]\" width=\"500\" height=\"281\" src=\"https:\/\/www.youtube.com\/embed\/9VEDKxPJPrY?feature=oembed\" frameborder=\"0\" allow=\"accelerometer; autoplay; clipboard-write; encrypted-media; gyroscope; picture-in-picture; web-share\" referrerpolicy=\"strict-origin-when-cross-origin\" allowfullscreen><\/iframe>\n<\/div><\/figure>\n","protected":false},"excerpt":{"rendered":"<p>Porta-voz da FIA recha\u00e7ou acusa\u00e7\u00f5es de Tim Mayer, que retirou candidatura para presidente, e alegou que pleito tem &#8220;ilus\u00e3o de democracia&#8221;<\/p>\n","protected":false},"author":0,"featured_media":1000912834,"comment_status":"closed","ping_status":"closed","sticky":false,"template":"","format":"standard","meta":{"42wp_featured_image_caption":"","42wp_featured_image_credits":"","42wp_featured_video":"","42wp_featured_image_hidden":false,"42wp_authors_list":[],"footnotes":""},"categories":[2],"tags":[1982,26271,5273,896,1983,147,3630,29516,25893,103,180,3628,24977,41340,2318,1491,28285,30840,35584,35129,42001,41742],"42wp_author":[47155],"class_list":["post-16210","post","type-post","status-publish","format-standard","has-post-thumbnail","hentry","category-f1","tag-austin","tag-calendario-f1","tag-classificacao-f1","tag-estados-unidos","tag-eua","tag-f1","tag-f1-2025","tag-f1-2026","tag-federacao-internacional-de-automobilismo","tag-fia","tag-formula-1","tag-formula-1-2025","tag-gp-dos-estados-unidos","tag-gp-dos-estados-unidos-f1","tag-gp-dos-eua","tag-grande-premio","tag-grandepremio","tag-horarios-f1","tag-motores-f1-2026","tag-onde-assistir-f1","tag-temporada-2025-f1","tag-tim-mayer","42wp_author-daniel-balsa"],"_links":{"self":[{"href":"https:\/\/grandepremio.com\/br\/wp-json\/wp\/v2\/posts\/16210","targetHints":{"allow":["GET"]}}],"collection":[{"href":"https:\/\/grandepremio.com\/br\/wp-json\/wp\/v2\/posts"}],"about":[{"href":"https:\/\/grandepremio.com\/br\/wp-json\/wp\/v2\/types\/post"}],"replies":[{"embeddable":true,"href":"https:\/\/grandepremio.com\/br\/wp-json\/wp\/v2\/comments?post=16210"}],"version-history":[{"count":0,"href":"https:\/\/grandepremio.com\/br\/wp-json\/wp\/v2\/posts\/16210\/revisions"}],"wp:featuredmedia":[{"embeddable":true,"href":"https:\/\/grandepremio.com\/br\/wp-json\/wp\/v2\/media\/1000912834"}],"wp:attachment":[{"href":"https:\/\/grandepremio.com\/br\/wp-json\/wp\/v2\/media?parent=16210"}],"wp:term":[{"taxonomy":"category","embeddable":true,"href":"https:\/\/grandepremio.com\/br\/wp-json\/wp\/v2\/categories?post=16210"},{"taxonomy":"post_tag","embeddable":true,"href":"https:\/\/grandepremio.com\/br\/wp-json\/wp\/v2\/tags?post=16210"},{"taxonomy":"42wp_author","embeddable":true,"href":"https:\/\/grandepremio.com\/br\/wp-json\/wp\/v2\/42wp_author?post=16210"}],"curies":[{"name":"wp","href":"https:\/\/api.w.org\/{rel}","templated":true}]}}