{"id":162276,"date":"2026-08-22T13:22:34","date_gmt":"2026-08-22T16:22:34","guid":{"rendered":"https:\/\/grandepremio.com\/br\/?p=162276"},"modified":"2026-08-22T13:22:35","modified_gmt":"2026-08-22T16:22:35","slug":"ferrari-reduz-vantagem-ritmo-de-corrida-paises-baixos-muito-dificil-ultrapassar","status":"publish","type":"post","link":"https:\/\/grandepremio.com\/br\/f1\/ferrari-reduz-vantagem-ritmo-de-corrida-paises-baixos-muito-dificil-ultrapassar\/","title":{"rendered":"Ferrari reduz vantagem de ritmo de corrida nos Pa\u00edses Baixos: &#8220;Muito dif\u00edcil ultrapassar&#8221;"},"content":{"rendered":"\n<p class=\"wp-block-paragraph\">\u00c9 comum ver a Ferrari destacando o ritmo de corrida sempre melhor que o de classifica\u00e7\u00e3o, <strong>por\u00e9m Fr\u00e9d\u00e9ric Vasseur duvida que isso traga, de fato, alguma vantagem no GP dos Pa\u00edses Baixos<\/strong> deste domingo (23). O chefe da Ferrari disse ap\u00f3s a defini\u00e7\u00e3o do grid de largada que <strong>a sprint deu uma boa amostra do qu\u00e3o dif\u00edcil \u00e9 ultrapassar em Zandvoort<\/strong>, o que significa que a estrat\u00e9gia pode contar mais.<\/p>\n\n\n\n<p class=\"wp-block-paragraph\">A quest\u00e3o para a Ferrari <a href=\"https:\/\/grandepremio.com\/br\/f1\/lando-norris-da-troco-george-russell-conquista-pole-gp-dos-paises-baixos-gabriel-bortoleto-9o\/\">\u00e9 que as posi\u00e7\u00f5es de largada de Lewis Hamilton e Charles Leclerc <\/a>n\u00e3o s\u00e3o as melhores. O brit\u00e2nico ficou em quinto, logo \u00e0 frente do colega monegasco, enquanto os carros de McLaren e Mercedes ocupam as duas primeiras filas.<\/p>\n\n\n\n<figure class=\"wp-block-embed is-type-video is-provider-youtube wp-block-embed-youtube wp-embed-aspect-16-9 wp-has-aspect-ratio\"><div class=\"wp-block-embed__wrapper\">\n<iframe loading=\"lazy\" title=\"\ud83d\udd34 F1 2026: NORRIS DESBANCA RUSSELL E \u00c9 POLE EM ZANDVOORT [narra\u00e7\u00e3o + Briefing]\" width=\"500\" height=\"281\" src=\"https:\/\/www.youtube.com\/embed\/Tumos2pQVeM?feature=oembed\" frameborder=\"0\" allow=\"accelerometer; autoplay; clipboard-write; encrypted-media; gyroscope; picture-in-picture; web-share\" referrerpolicy=\"strict-origin-when-cross-origin\" allowfullscreen><\/iframe>\n<\/div><\/figure>\n\n\n\n<p class=\"wp-block-paragraph\">&#8220;O objetivo \u00e9 recuperar posi\u00e7\u00f5es e tentar terminar melhor do que quinto e sexto, mas vimos tamb\u00e9m pela manh\u00e3 que <strong>\u00e9 bastante dif\u00edcil \u2014 n\u00e3o imposs\u00edvel, mas muito dif\u00edcil \u2014 ultrapassar<\/strong>&#8220;, avaliou Vasseur em entrevista \u00e0 <em>Sky Sports<\/em>. <\/p>\n\n\n\n<p class=\"wp-block-paragraph\">&#8220;Isso significa que ter uma vantagem de ritmo n\u00e3o \u00e9 suficiente. Temos tamb\u00e9m a estrat\u00e9gia, com o pit-stop, o que significa que tudo est\u00e1 em aberto&#8221;, acrescentou.<\/p>\n\n\n\n<p class=\"wp-block-paragraph\">A Ferrari levou para Zandvoort um<strong> assoalho novo <\/strong>que, segundo o dirigente franc\u00eas, &#8220;<strong>est\u00e1 funcionando conforme o esperado<\/strong>&#8220;. Por\u00e9m dosou as expectativas de quem acredita em um progresso r\u00e1pido na segunda metade do campeonato. <\/p>\n\n\n\n<figure class=\"wp-block-image size-large\"><img loading=\"lazy\" decoding=\"async\" width=\"1024\" height=\"683\" src=\"https:\/\/grandepremio.com\/br\/wp-content\/uploads\/2026\/08\/f1-2026-paises-baixos-classificacao-sprint-ferrari-lewis-hamilton-01-1024x683.jpeg\" alt=\"F1 2026, PAISES BAIXOS, QUALY SPRINT, FERRARI, LEWIS HAMILTON\" class=\"wp-image-1020312399\" srcset=\"https:\/\/grandepremio.com\/wp-content\/uploads\/2026\/08\/f1-2026-paises-baixos-classificacao-sprint-ferrari-lewis-hamilton-01-1024x683.jpeg 1024w, https:\/\/grandepremio.com\/wp-content\/uploads\/2026\/08\/f1-2026-paises-baixos-classificacao-sprint-ferrari-lewis-hamilton-01-300x200.jpeg 300w, https:\/\/grandepremio.com\/wp-content\/uploads\/2026\/08\/f1-2026-paises-baixos-classificacao-sprint-ferrari-lewis-hamilton-01-768x512.jpeg 768w, https:\/\/grandepremio.com\/wp-content\/uploads\/2026\/08\/f1-2026-paises-baixos-classificacao-sprint-ferrari-lewis-hamilton-01-1536x1025.jpeg 1536w, https:\/\/grandepremio.com\/wp-content\/uploads\/2026\/08\/f1-2026-paises-baixos-classificacao-sprint-ferrari-lewis-hamilton-01-150x100.jpeg 150w, https:\/\/grandepremio.com\/wp-content\/uploads\/2026\/08\/f1-2026-paises-baixos-classificacao-sprint-ferrari-lewis-hamilton-01.jpeg 2048w\" sizes=\"(max-width: 1024px) 100vw, 1024px\" \/><figcaption class=\"wp-element-caption\">Lewis Hamilton larga em quinto no GP dos Pa\u00edses Baixos (Foto: Ferrari)<\/figcaption><\/figure>\n\n\n\n<p class=\"wp-block-paragraph\">&#8220;Desde o in\u00edcio da temporada, sempre que trouxemos algo novo, funcionou conforme o planejado. Esse \u00e9 um aspecto positivo do desenvolvimento deste ano. Mas tamb\u00e9m estamos trazendo muitas atualiza\u00e7\u00f5es a cada corrida agora, embora n\u00e3o sejam grandes mudan\u00e7as&#8221;, disse.<\/p>\n\n\n\n<p class=\"wp-block-paragraph\">&#8220;Significa que n\u00e3o esperamos ganhar 0s5 por corrida e que precisamos manter a calma. Mas est\u00e1 funcionando como o esperado e, de uma sess\u00e3o para outra, \u00e9 poss\u00edvel estar na briga por d\u00e9cimos ou ficar um pouco mais distante. Vamos ver amanh\u00e3&#8221;, encerrou Vasseur.<\/p>\n\n\n\n<p class=\"wp-block-paragraph\"><strong>GRANDE PR\u00caMIO<\/strong>\u00a0acompanha todas as atividades do GP dos Pa\u00edses Baixos, 12\u00aa etapa da temporada 2026,\u00a0<a href=\"https:\/\/www.grandepremio.com\/br\/ao-vivo\/f1\/\"><strong>AO VIVO E EM\u00a0<\/strong><\/a><strong><a href=\"https:\/\/www.grandepremio.com\/br\/ao-vivo\/\" target=\"_blank\" rel=\"noopener\">TEMPO REAL<\/a><\/strong>,\u00a0<a href=\"https:\/\/www.youtube.com\/@GrandePremio1\/streams\">al\u00e9m de classifica\u00e7\u00f5es e corridas em\u00a0<strong>SEGUNDA TELA\u00a0<\/strong>no YouTube<\/a>, em parceria com a\u00a0<strong>Voz do Esporte<\/strong>. O\u00a0<strong>Briefing\u00a0<\/strong>chega para analisar ap\u00f3s o fim de cada dia de atividades nas redes sociais e na\u00a0<strong>GPTV<\/strong>. Al\u00e9m da cobertura completa, o\u00a0<strong>GRANDE PR\u00caMIO\u00a0<\/strong>est\u00e1 in loco com o rep\u00f3rter Leonid Kliuev.<\/p>\n\n\n\n<h2 class=\"wp-block-heading\">GP dos Pa\u00edses Baixos de F1: veja os hor\u00e1rios em Brasil, Cabo Verde,&nbsp;<a href=\"https:\/\/grandepremio.pt\/\" target=\"_blank\" rel=\"noopener\"><strong>Portugal<\/strong><\/a>, Angola e Mo\u00e7ambique:<\/h2>\n\n\n\n<h3 class=\"wp-block-heading\">Hor\u00e1rios no Brasil*<\/h3>\n\n\n\n<ul id=\"block-04b1bda2-db77-49b7-8a15-ab1e981bbd0f\" class=\"wp-block-list\">\n<li><strong>Corrida: 10:00<\/strong><\/li>\n<\/ul>\n\n\n\n<h3 class=\"wp-block-heading\">Hor\u00e1rios em Cabo Verde<\/h3>\n\n\n\n<ul id=\"block-7b9d835a-23af-4411-943e-453b4766e578\" class=\"wp-block-list\">\n<li><strong>Corrida: 12:00<\/strong><\/li>\n<\/ul>\n\n\n\n<h3 class=\"wp-block-heading\">Hor\u00e1rios em Portugal e Angola<\/h3>\n\n\n\n<ul id=\"block-e78d748e-6549-4a54-9e51-69367685663a\" class=\"wp-block-list\">\n<li><strong>Corrida: 14:00<\/strong><\/li>\n<\/ul>\n\n\n\n<h3 class=\"wp-block-heading\"><strong>Hor\u00e1rios em Mo\u00e7ambique<\/strong><\/h3>\n\n\n\n<ul id=\"block-bbaadcb9-d1e6-402a-b585-42debf37b024\" class=\"wp-block-list\">\n<li><strong>Corrida: 15:00<\/strong><\/li>\n<\/ul>\n\n\n\n<p class=\"wp-block-paragraph\"><em>*Hor\u00e1rio de Bras\u00edlia<\/em><\/p>\n","protected":false},"excerpt":{"rendered":"<p>Chefe da Ferrari, Fr\u00e9d\u00e9ric Vasseur afirmou que a estrat\u00e9gia de pit-stop pode fazer mais diferen\u00e7a em Zandvoort<\/p>\n","protected":false},"author":4,"featured_media":1020312460,"comment_status":"closed","ping_status":"closed","sticky":false,"template":"","format":"standard","meta":{"42wp_featured_image_caption":"Charles Leclerc ficou em sexto no grid","42wp_featured_image_credits":"Ferrari","42wp_featured_video":"","42wp_featured_image_hidden":false,"42wp_authors_list":[{"id":47147,"location":"de Duque de Caxias"}],"footnotes":""},"categories":[2],"tags":[207,25122,36038],"42wp_author":[47147],"class_list":["post-162276","post","type-post","status-publish","format-standard","has-post-thumbnail","hentry","category-f1","tag-ferrari","tag-frederic-vasseur-2","tag-paises-baixos","42wp_author-luana-marino"],"_links":{"self":[{"href":"https:\/\/grandepremio.com\/br\/wp-json\/wp\/v2\/posts\/162276","targetHints":{"allow":["GET"]}}],"collection":[{"href":"https:\/\/grandepremio.com\/br\/wp-json\/wp\/v2\/posts"}],"about":[{"href":"https:\/\/grandepremio.com\/br\/wp-json\/wp\/v2\/types\/post"}],"author":[{"embeddable":true,"href":"https:\/\/grandepremio.com\/br\/wp-json\/wp\/v2\/users\/4"}],"replies":[{"embeddable":true,"href":"https:\/\/grandepremio.com\/br\/wp-json\/wp\/v2\/comments?post=162276"}],"version-history":[{"count":1,"href":"https:\/\/grandepremio.com\/br\/wp-json\/wp\/v2\/posts\/162276\/revisions"}],"predecessor-version":[{"id":162294,"href":"https:\/\/grandepremio.com\/br\/wp-json\/wp\/v2\/posts\/162276\/revisions\/162294"}],"wp:featuredmedia":[{"embeddable":true,"href":"https:\/\/grandepremio.com\/br\/wp-json\/wp\/v2\/media\/1020312460"}],"wp:attachment":[{"href":"https:\/\/grandepremio.com\/br\/wp-json\/wp\/v2\/media?parent=162276"}],"wp:term":[{"taxonomy":"category","embeddable":true,"href":"https:\/\/grandepremio.com\/br\/wp-json\/wp\/v2\/categories?post=162276"},{"taxonomy":"post_tag","embeddable":true,"href":"https:\/\/grandepremio.com\/br\/wp-json\/wp\/v2\/tags?post=162276"},{"taxonomy":"42wp_author","embeddable":true,"href":"https:\/\/grandepremio.com\/br\/wp-json\/wp\/v2\/42wp_author?post=162276"}],"curies":[{"name":"wp","href":"https:\/\/api.w.org\/{rel}","templated":true}]}}