{"id":162299,"date":"2026-08-22T13:45:41","date_gmt":"2026-08-22T16:45:41","guid":{"rendered":"https:\/\/grandepremio.com\/br\/?p=162299"},"modified":"2026-08-22T13:48:48","modified_gmt":"2026-08-22T16:48:48","slug":"nico-hulkenberg-avalia-13o-lugar-classificacao-nao-foi-mais-faceis-paises-baixos","status":"publish","type":"post","link":"https:\/\/grandepremio.com\/br\/f1\/nico-hulkenberg-avalia-13o-lugar-classificacao-nao-foi-mais-faceis-paises-baixos\/","title":{"rendered":"H\u00fclkenberg avalia 13\u00ba lugar em classifica\u00e7\u00e3o que &#8220;n\u00e3o foi das mais f\u00e1ceis&#8221; nos Pa\u00edses Baixos"},"content":{"rendered":"\n<p class=\"wp-block-paragraph\">Nico H\u00fclkenberg resumiu o que tem sido um fim de semana dif\u00edcil at\u00e9 aqui no GP dos Pa\u00edses Baixos, 12\u00aa etapa da temporada 2026 da F\u00f3rmula 1. Em entrevista acompanhada pelo <strong>GRANDE PR\u00caMIO<\/strong>, o alem\u00e3o explicou que problemas na unidade de pot\u00eancia da Audi o fizeram perder muito tempo de pista, o que custou caro na briga contra os rivais em Zandvoort.<\/p>\n\n\n\n<p class=\"wp-block-paragraph\">Na <a href=\"https:\/\/grandepremio.com\/br\/f1\/george-russell-domina-rivais-vence-monotona-sprint-gp-dos-paises-baixos-gabriel-bortoleto-9\/\">corrida sprint de mais cedo<\/a>, o experiente #27 teve de levar o carro para os boxes depois de somente algumas voltas, j\u00e1 que a equipe constatou uma falha no R26. Horas mais tarde, <a href=\"https:\/\/grandepremio.com\/br\/f1\/mclaren-diz-pole-paises-baixos-mostra-tendencia-f1-2026-carro-vai-bem-aqui\/\">na classifica\u00e7\u00e3o<\/a>, anotou 1min12s979 como melhor tempo e caiu logo no Q2, contentando-se com o 13\u00ba lugar no grid \u2014 novamente atr\u00e1s do brasileiro Gabriel Bortoleto, que garantiu o nono posto.<\/p>\n\n\n\n<figure class=\"wp-block-embed is-type-video is-provider-youtube wp-block-embed-youtube wp-embed-aspect-16-9 wp-has-aspect-ratio\"><div class=\"wp-block-embed__wrapper\">\n<iframe loading=\"lazy\" title=\"\ud83d\udd34 F1 2026: NORRIS DESBANCA RUSSELL E \u00c9 POLE EM ZANDVOORT [narra\u00e7\u00e3o + Briefing]\" width=\"500\" height=\"281\" src=\"https:\/\/www.youtube.com\/embed\/Tumos2pQVeM?feature=oembed\" frameborder=\"0\" allow=\"accelerometer; autoplay; clipboard-write; encrypted-media; gyroscope; picture-in-picture; web-share\" referrerpolicy=\"strict-origin-when-cross-origin\" allowfullscreen><\/iframe>\n<\/div><\/figure>\n\n\n\n<p class=\"wp-block-paragraph\">Aos rep\u00f3rteres, H\u00fclkenberg avaliou a atividade como &#8220;razo\u00e1vel&#8221;. &#8220;N\u00e3o tem sido o fim de semana mais f\u00e1cil. O TL1, na verdade, come\u00e7ou muito bem e, depois, na classifica\u00e7\u00e3o para a sprint ontem \u00e0 tarde, n\u00e3o sei o que aconteceu. Simplesmente perdi completamente a sensa\u00e7\u00e3o com o carro e n\u00e3o tinha nenhuma ader\u00eancia. Foi um pouco inexplic\u00e1vel&#8221;, come\u00e7ou.<\/p>\n\n\n\n<p class=\"wp-block-paragraph\">&#8220;Obviamente, na corrida sprint desta manh\u00e3, praticamente n\u00e3o participei. Mas os problemas que tivemos estavam presentes desde o in\u00edcio. Ent\u00e3o, sim, a classifica\u00e7\u00e3o foi como a primeira sess\u00e3o de pista de verdade hoje. Um pouco melhor, mas ainda desafiadora. N\u00e3o foi das mais f\u00e1ceis&#8221;, acrescentou o alem\u00e3o, que, ao ser questionado sobre quais seriam os problemas, respondeu que &#8220;algo relacionado \u00e0 unidade de pot\u00eancia&#8221;.<\/p>\n\n\n\n<p class=\"wp-block-paragraph\">&#8220;Zandvoort \u00e9 uma pista de muito ritmo e tamb\u00e9m de confian\u00e7a. Simplesmente n\u00e3o foi ideal o suficiente e faltaram pequenas coisas aqui e ali. Mas, no fim das contas, \u00e9 isso que faz toda a diferen\u00e7a&#8221;, encerrou.<\/p>\n\n\n\n<p class=\"wp-block-paragraph\">O&nbsp;<strong>GRANDE PR\u00caMIO<\/strong>&nbsp;acompanha todas as atividades do GP dos Pa\u00edses Baixos, 12\u00aa etapa da temporada 2026,&nbsp;<a href=\"https:\/\/www.grandepremio.com\/br\/ao-vivo\/f1\/\"><strong>AO VIVO E EM&nbsp;<\/strong><\/a><strong><a href=\"https:\/\/www.grandepremio.com\/br\/ao-vivo\/\" target=\"_blank\" rel=\"noopener\">TEMPO REAL<\/a><\/strong>,&nbsp;<a href=\"https:\/\/www.youtube.com\/@GrandePremio1\/streams\">al\u00e9m de classifica\u00e7\u00f5es e corridas em&nbsp;<strong>SEGUNDA TELA&nbsp;<\/strong>no YouTube<\/a>, em parceria com a&nbsp;<strong>Voz do Esporte<\/strong>. O&nbsp;<strong>Briefing&nbsp;<\/strong>chega para analisar ap\u00f3s o fim de cada dia de atividades nas redes sociais e na&nbsp;<strong>GPTV<\/strong>. Al\u00e9m da cobertura completa, o&nbsp;<strong>GRANDE PR\u00caMIO&nbsp;<\/strong>est\u00e1 in loco com o rep\u00f3rter Leonid Kliuev.<\/p>\n\n\n\n<h2 class=\"wp-block-heading\">GP dos Pa\u00edses Baixos de F1: veja os hor\u00e1rios em Brasil, Cabo Verde,&nbsp;<a href=\"https:\/\/grandepremio.pt\/\" target=\"_blank\" rel=\"noopener\"><strong>Portugal<\/strong><\/a>, Angola e Mo\u00e7ambique:<\/h2>\n\n\n\n<h3 class=\"wp-block-heading\">Hor\u00e1rios no Brasil*<\/h3>\n\n\n\n<ul id=\"block-04b1bda2-db77-49b7-8a15-ab1e981bbd0f\" class=\"wp-block-list\">\n<li><strong>Corrida: 10:00<\/strong><\/li>\n<\/ul>\n\n\n\n<h3 class=\"wp-block-heading\">Hor\u00e1rios em Cabo Verde<\/h3>\n\n\n\n<ul id=\"block-7b9d835a-23af-4411-943e-453b4766e578\" class=\"wp-block-list\">\n<li><strong>Corrida: 12:00<\/strong><\/li>\n<\/ul>\n\n\n\n<h3 class=\"wp-block-heading\">Hor\u00e1rios em Portugal e Angola<\/h3>\n\n\n\n<ul id=\"block-e78d748e-6549-4a54-9e51-69367685663a\" class=\"wp-block-list\">\n<li><strong>Corrida: 14:00<\/strong><\/li>\n<\/ul>\n\n\n\n<h3 class=\"wp-block-heading\"><strong>Hor\u00e1rios em Mo\u00e7ambique<\/strong><\/h3>\n\n\n\n<ul id=\"block-bbaadcb9-d1e6-402a-b585-42debf37b024\" class=\"wp-block-list\">\n<li><strong>Corrida: 15:00<\/strong><\/li>\n<\/ul>\n\n\n\n<p class=\"wp-block-paragraph\"><em>*Hor\u00e1rio de Bras\u00edlia<\/em><\/p>\n","protected":false},"excerpt":{"rendered":"<p>Nico H\u00fclkenberg tamb\u00e9m falou sobre o abandono na corrida sprint e explicou que a Audi teve alguns problemas na unidade de pot\u00eancia<\/p>\n","protected":false},"author":19,"featured_media":1020312483,"comment_status":"closed","ping_status":"closed","sticky":false,"template":"","format":"standard","meta":{"42wp_featured_image_caption":"Nico H\u00fclkenberg","42wp_featured_image_credits":"Audi","42wp_featured_video":"","42wp_featured_image_hidden":false,"42wp_authors_list":[{"id":47160,"location":"de Colatina"},{"id":47165,"location":"de Zandvoort"}],"footnotes":""},"categories":[2],"tags":[970,29126,298],"42wp_author":[47165,47160],"class_list":["post-162299","post","type-post","status-publish","format-standard","has-post-thumbnail","hentry","category-f1","tag-audi","tag-gp-dos-paises-baixos","tag-nico-hlkenberg","42wp_author-leonid-kluiev","42wp_author-vicente-soella"],"_links":{"self":[{"href":"https:\/\/grandepremio.com\/br\/wp-json\/wp\/v2\/posts\/162299","targetHints":{"allow":["GET"]}}],"collection":[{"href":"https:\/\/grandepremio.com\/br\/wp-json\/wp\/v2\/posts"}],"about":[{"href":"https:\/\/grandepremio.com\/br\/wp-json\/wp\/v2\/types\/post"}],"author":[{"embeddable":true,"href":"https:\/\/grandepremio.com\/br\/wp-json\/wp\/v2\/users\/19"}],"replies":[{"embeddable":true,"href":"https:\/\/grandepremio.com\/br\/wp-json\/wp\/v2\/comments?post=162299"}],"version-history":[{"count":3,"href":"https:\/\/grandepremio.com\/br\/wp-json\/wp\/v2\/posts\/162299\/revisions"}],"predecessor-version":[{"id":162317,"href":"https:\/\/grandepremio.com\/br\/wp-json\/wp\/v2\/posts\/162299\/revisions\/162317"}],"wp:featuredmedia":[{"embeddable":true,"href":"https:\/\/grandepremio.com\/br\/wp-json\/wp\/v2\/media\/1020312483"}],"wp:attachment":[{"href":"https:\/\/grandepremio.com\/br\/wp-json\/wp\/v2\/media?parent=162299"}],"wp:term":[{"taxonomy":"category","embeddable":true,"href":"https:\/\/grandepremio.com\/br\/wp-json\/wp\/v2\/categories?post=162299"},{"taxonomy":"post_tag","embeddable":true,"href":"https:\/\/grandepremio.com\/br\/wp-json\/wp\/v2\/tags?post=162299"},{"taxonomy":"42wp_author","embeddable":true,"href":"https:\/\/grandepremio.com\/br\/wp-json\/wp\/v2\/42wp_author?post=162299"}],"curies":[{"name":"wp","href":"https:\/\/api.w.org\/{rel}","templated":true}]}}