{"id":162344,"date":"2026-08-22T15:02:46","date_gmt":"2026-08-22T18:02:46","guid":{"rendered":"https:\/\/grandepremio.com\/br\/?p=162344"},"modified":"2026-08-22T15:07:50","modified_gmt":"2026-08-22T18:07:50","slug":"audi-aponta-gabriel-bortoleto-como-melhor-resto-mira-pontos-gp-paises-baixos","status":"publish","type":"post","link":"https:\/\/grandepremio.com\/br\/f1\/audi-aponta-gabriel-bortoleto-como-melhor-resto-mira-pontos-gp-paises-baixos\/","title":{"rendered":"Audi aponta Bortoleto como &#8220;melhor do resto&#8221; e mira em pontos no GP dos Pa\u00edses Baixos"},"content":{"rendered":"\n<p class=\"wp-block-paragraph\">A Audi viveu um s\u00e1bado (22) bem parecido com a sexta-feira (21) do GP dos Pa\u00edses Baixos. Na corrida sprint, <strong>Gabriel Bortoleto fechou em nono<\/strong>, bem \u00e0 frente de <strong>Nico H\u00fclkenberg, que teve problemas e despencou para a \u00faltima posi\u00e7\u00e3o<\/strong>. Na classifica\u00e7\u00e3o, <strong>Bortoleto mais uma vez ficou com o nono posto<\/strong> e viu o companheiro de equipe cair ainda no Q2. O brasileiro, portanto, foi alvo de elogios mais uma vez de Allan McNish. <\/p>\n\n\n\n<p class=\"wp-block-paragraph\">O diretor de corridas da Audi, primeiramente, <strong>exaltou a corrida sprint de Bortoleto e at\u00e9 apontou para uma oportunidade que teria de pontuar<\/strong>, mas tamb\u00e9m reconheceu o bom trabalho de Pierre Gasly, que completou o top-8. Ainda assim, sentiu que o ritmo estava muito bom.<\/p>\n\n\n\n<figure class=\"wp-block-embed is-type-video is-provider-youtube wp-block-embed-youtube wp-embed-aspect-16-9 wp-has-aspect-ratio\"><div class=\"wp-block-embed__wrapper\">\n<iframe loading=\"lazy\" title=\"F1 2026: NORRIS DESBANCA RUSSELL E \u00c9 POLE EM ZANDVOORT [narra\u00e7\u00e3o + Briefing]\" width=\"500\" height=\"281\" src=\"https:\/\/www.youtube.com\/embed\/Tumos2pQVeM?feature=oembed\" frameborder=\"0\" allow=\"accelerometer; autoplay; clipboard-write; encrypted-media; gyroscope; picture-in-picture; web-share\" referrerpolicy=\"strict-origin-when-cross-origin\" allowfullscreen><\/iframe>\n<\/div><\/figure>\n\n\n\n<p class=\"wp-block-paragraph\">Por outro lado, <strong>lamentou as dificuldades encaradas por H\u00fclkenberg<\/strong> e destacou a troca de motor no carro do alem\u00e3o, que precisou recolher para a garagem durante a prova curta e terminou 17 voltas atr\u00e1s do l\u00edder. Ainda assim, acumulou alguns giros na parte final da sess\u00e3o. <\/p>\n\n\n\n<p class=\"wp-block-paragraph\">\u201cNo geral, foi um dia s\u00f3lido, no qual mostramos um bom ritmo e capacidade de brigar consistentemente na frente do pelot\u00e3o intermedi\u00e1rio. Na sprint, Gabi teve uma corrida limpa do in\u00edcio ao fim. Talvez tenha tido uma oportunidade de ultrapassar Gasly na largada, mas Pierre conseguiu se defender e, a partir da\u00ed, Gabi ficou na cola dele. Considerando que a Alpine largou com pneus m\u00e9dios novos e n\u00f3s est\u00e1vamos com m\u00e9dios usados, podemos avaliar que o ritmo foi muito bom&#8221;, avaliou McNish. <\/p>\n\n\n\n<p class=\"wp-block-paragraph\">&#8220;Infelizmente, Nico teve um problema de pot\u00eancia logo no in\u00edcio da corrida, ent\u00e3o tivemos de fazer um pit-stop e tentar solucion\u00e1-lo, o que conseguimos, e ele p\u00f4de voltar \u00e0 pista no fim da corrida. Como precau\u00e7\u00e3o, decidimos trocar a unidade de pot\u00eancia antes da classifica\u00e7\u00e3o e da corrida. No fim das contas, o nono lugar ficou logo fora da zona de pontua\u00e7\u00e3o, mas foi uma boa performance de Gabi&#8221;, seguiu. <\/p>\n\n\n\n<p class=\"wp-block-paragraph\">J\u00e1 na defini\u00e7\u00e3o do grid de largada, <strong>McNish destacou que Bortoleto foi o &#8220;melhor do resto&#8221; ao terminar mais uma vez com a nona posi\u00e7\u00e3o<\/strong>. Al\u00e9m disso, <strong>tamb\u00e9m espera estar na briga por pontos<\/strong> com o brasileiro neste domingo (23). <\/p>\n\n\n\n<figure class=\"wp-block-image size-large\"><img loading=\"lazy\" decoding=\"async\" width=\"1024\" height=\"683\" src=\"https:\/\/grandepremio.com\/br\/wp-content\/uploads\/2026\/08\/f1-2026-paises-baixos-treino-livre-audi-gabriel-bortoleto-03-1024x683.jpg\" alt=\"F1 2026, PAISES BAIXOS, TREINO LIVRE, AUDI, GABRIEL BORTOLETO\" class=\"wp-image-1020312372\" srcset=\"https:\/\/grandepremio.com\/wp-content\/uploads\/2026\/08\/f1-2026-paises-baixos-treino-livre-audi-gabriel-bortoleto-03-1024x683.jpg 1024w, https:\/\/grandepremio.com\/wp-content\/uploads\/2026\/08\/f1-2026-paises-baixos-treino-livre-audi-gabriel-bortoleto-03-300x200.jpg 300w, https:\/\/grandepremio.com\/wp-content\/uploads\/2026\/08\/f1-2026-paises-baixos-treino-livre-audi-gabriel-bortoleto-03-768x512.jpg 768w, https:\/\/grandepremio.com\/wp-content\/uploads\/2026\/08\/f1-2026-paises-baixos-treino-livre-audi-gabriel-bortoleto-03-1536x1024.jpg 1536w, https:\/\/grandepremio.com\/wp-content\/uploads\/2026\/08\/f1-2026-paises-baixos-treino-livre-audi-gabriel-bortoleto-03-2048x1366.jpg 2048w, https:\/\/grandepremio.com\/wp-content\/uploads\/2026\/08\/f1-2026-paises-baixos-treino-livre-audi-gabriel-bortoleto-03-150x100.jpg 150w\" sizes=\"(max-width: 1024px) 100vw, 1024px\" \/><figcaption class=\"wp-element-caption\">Gabriel Bortoleto repetiu a nona posi\u00e7\u00e3o na classifica\u00e7\u00e3o (Foto: Audi)<\/figcaption><\/figure>\n\n\n\n<p class=\"wp-block-paragraph\">\u201cNa classifica\u00e7\u00e3o, Gabi teve uma performance muito forte em todas as sess\u00f5es e fez uma volta muito boa para se classificar como o \u2018melhor do resto\u2019, em nono. Ele teve uma escapada grande na sa\u00edda da curva 1 no in\u00edcio do Q1, mas se recuperou extremamente bem para entregar uma performance forte, especialmente com uma volta sob press\u00e3o no fim do Q1. Nico tamb\u00e9m esteve na disputa durante toda a sess\u00e3o, mas infelizmente n\u00e3o conseguiu juntar tudo na \u00faltima tentativa no Q2 e vai largar em 13\u00ba. No entanto, o ritmo de corrida \u00e9 bom, ent\u00e3o acredito que podemos definitivamente brigar por pontos com os dois carros amanh\u00e3\u201d, finalizou McNish. <\/p>\n\n\n\n<p class=\"wp-block-paragraph\">O&nbsp;<strong>GRANDE PR\u00caMIO<\/strong>&nbsp;acompanha todas as atividades do GP dos Pa\u00edses Baixos, 12\u00aa etapa da temporada 2026,&nbsp;<a href=\"https:\/\/www.grandepremio.com\/br\/ao-vivo\/f1\/\"><strong>AO VIVO E EM&nbsp;<\/strong><\/a><strong><a href=\"https:\/\/www.grandepremio.com\/br\/ao-vivo\/\" target=\"_blank\" rel=\"noopener\">TEMPO REAL<\/a><\/strong>,&nbsp;<a href=\"https:\/\/www.youtube.com\/@GrandePremio1\/streams\">al\u00e9m de classifica\u00e7\u00f5es e corridas em&nbsp;<strong>SEGUNDA TELA&nbsp;<\/strong>no YouTube<\/a>, em parceria com a&nbsp;<strong>Voz do Esporte<\/strong>. O&nbsp;<strong>Briefing&nbsp;<\/strong>chega para analisar ap\u00f3s o fim de cada dia de atividades nas redes sociais e na&nbsp;<strong>GPTV<\/strong>. Al\u00e9m da cobertura completa, o&nbsp;<strong>GRANDE PR\u00caMIO&nbsp;<\/strong>est\u00e1 in loco com o rep\u00f3rter Leonid Kliuev.<\/p>\n\n\n\n<h2 class=\"wp-block-heading\">GP dos Pa\u00edses Baixos de F1: veja os hor\u00e1rios em Brasil, Cabo Verde,&nbsp;<a href=\"https:\/\/grandepremio.pt\/\" target=\"_blank\" rel=\"noopener\"><strong>Portugal<\/strong><\/a>, Angola e Mo\u00e7ambique:<\/h2>\n\n\n\n<h3 class=\"wp-block-heading\">Hor\u00e1rios no Brasil*<\/h3>\n\n\n\n<ul id=\"block-04b1bda2-db77-49b7-8a15-ab1e981bbd0f\" class=\"wp-block-list\">\n<li><strong>Corrida: 10:00<\/strong><\/li>\n<\/ul>\n\n\n\n<h3 class=\"wp-block-heading\">Hor\u00e1rios em Cabo Verde<\/h3>\n\n\n\n<ul id=\"block-7b9d835a-23af-4411-943e-453b4766e578\" class=\"wp-block-list\">\n<li><strong>Corrida: 12:00<\/strong><\/li>\n<\/ul>\n\n\n\n<h3 class=\"wp-block-heading\">Hor\u00e1rios em Portugal e Angola<\/h3>\n\n\n\n<ul id=\"block-e78d748e-6549-4a54-9e51-69367685663a\" class=\"wp-block-list\">\n<li><strong>Corrida: 14:00<\/strong><\/li>\n<\/ul>\n\n\n\n<h3 class=\"wp-block-heading\"><strong>Hor\u00e1rios em Mo\u00e7ambique<\/strong><\/h3>\n\n\n\n<ul id=\"block-bbaadcb9-d1e6-402a-b585-42debf37b024\" class=\"wp-block-list\">\n<li><strong>Corrida: 15:00<\/strong><\/li>\n<\/ul>\n\n\n\n<p class=\"wp-block-paragraph\"><em>*Hor\u00e1rio de Bras\u00edlia<\/em><\/p>\n\n\n\n<p class=\"wp-block-paragraph\"><\/p>\n","protected":false},"excerpt":{"rendered":"<p>Allan McNish, diretor de corridas da Audi, exaltou classifica\u00e7\u00e3o de Gabriel Bortoleto e projetou a briga por pontos na parte de baixo do top-10 nos Pa\u00edses Baixos<\/p>\n","protected":false},"author":20,"featured_media":1020312479,"comment_status":"closed","ping_status":"closed","sticky":false,"template":"","format":"standard","meta":{"42wp_featured_image_caption":"Allan McNish elogiou Gabriel Bortoleto novamente","42wp_featured_image_credits":"Audi","42wp_featured_video":"","42wp_featured_image_hidden":false,"42wp_authors_list":[{"id":47162,"location":"de Vinhedo"}],"footnotes":""},"categories":[2],"tags":[4867,970,350,1521],"42wp_author":[47162],"class_list":["post-162344","post","type-post","status-publish","format-standard","has-post-thumbnail","hentry","category-f1","tag-allan-mcnish","tag-audi","tag-gabriel-bortoleto","tag-nico-hulkenberg","42wp_author-giovani-danjo"],"_links":{"self":[{"href":"https:\/\/grandepremio.com\/br\/wp-json\/wp\/v2\/posts\/162344","targetHints":{"allow":["GET"]}}],"collection":[{"href":"https:\/\/grandepremio.com\/br\/wp-json\/wp\/v2\/posts"}],"about":[{"href":"https:\/\/grandepremio.com\/br\/wp-json\/wp\/v2\/types\/post"}],"author":[{"embeddable":true,"href":"https:\/\/grandepremio.com\/br\/wp-json\/wp\/v2\/users\/20"}],"replies":[{"embeddable":true,"href":"https:\/\/grandepremio.com\/br\/wp-json\/wp\/v2\/comments?post=162344"}],"version-history":[{"count":6,"href":"https:\/\/grandepremio.com\/br\/wp-json\/wp\/v2\/posts\/162344\/revisions"}],"predecessor-version":[{"id":162357,"href":"https:\/\/grandepremio.com\/br\/wp-json\/wp\/v2\/posts\/162344\/revisions\/162357"}],"wp:featuredmedia":[{"embeddable":true,"href":"https:\/\/grandepremio.com\/br\/wp-json\/wp\/v2\/media\/1020312479"}],"wp:attachment":[{"href":"https:\/\/grandepremio.com\/br\/wp-json\/wp\/v2\/media?parent=162344"}],"wp:term":[{"taxonomy":"category","embeddable":true,"href":"https:\/\/grandepremio.com\/br\/wp-json\/wp\/v2\/categories?post=162344"},{"taxonomy":"post_tag","embeddable":true,"href":"https:\/\/grandepremio.com\/br\/wp-json\/wp\/v2\/tags?post=162344"},{"taxonomy":"42wp_author","embeddable":true,"href":"https:\/\/grandepremio.com\/br\/wp-json\/wp\/v2\/42wp_author?post=162344"}],"curies":[{"name":"wp","href":"https:\/\/api.w.org\/{rel}","templated":true}]}}