{"id":162356,"date":"2026-08-22T15:35:20","date_gmt":"2026-08-22T18:35:20","guid":{"rendered":"https:\/\/grandepremio.com\/br\/?p=162356"},"modified":"2026-08-22T15:35:21","modified_gmt":"2026-08-22T18:35:21","slug":"red-bull-assume-deficit-classificacao-mira-podio-paises-baixos","status":"publish","type":"post","link":"https:\/\/grandepremio.com\/br\/f1\/red-bull-assume-deficit-classificacao-mira-podio-paises-baixos\/","title":{"rendered":"Red Bull assume d\u00e9ficit em classifica\u00e7\u00e3o, mas mira em p\u00f3dio nos Pa\u00edses Baixos"},"content":{"rendered":"\n<p class=\"wp-block-paragraph\">Laurent Mekies reconheceu que <strong>a Red Bull est\u00e1 devendo em rela\u00e7\u00e3o \u00e0s principais rivais<\/strong> nos Pa\u00edses Baixos. Ap\u00f3s a classifica\u00e7\u00e3o deste s\u00e1bado (22), o chefe do time austr\u00edaco admitiu que Max Verstappen e Liam Lawson sofreram com <strong>a falta de competitividade do RB22 em volta r\u00e1pida<\/strong>. Por\u00e9m, destacou que o ritmo de corrida \u00e9 mais promissor e <strong>projetou brigar pelo p\u00f3dio na prova de domingo.<\/strong><\/p>\n\n\n\n<p class=\"wp-block-paragraph\">A Red Bull n\u00e3o foi bem em nenhuma das duas classifica\u00e7\u00f5es deste fim de semana em Zandvoort. Na sexta-feira, Verstappen foi sexto, enquanto Lawson ficou apenas em 11\u00ba no grid da sprint. Na segunda tomada de tempos, o neozeland\u00eas at\u00e9 melhorou e terminou em oitavo, mas o #3 caiu para s\u00e9timo.<\/p>\n\n\n\n<figure class=\"wp-block-embed is-type-video is-provider-youtube wp-block-embed-youtube wp-embed-aspect-16-9 wp-has-aspect-ratio\"><div class=\"wp-block-embed__wrapper\">\n<iframe loading=\"lazy\" title=\"F1 2026: NORRIS DESBANCA RUSSELL E \u00c9 POLE EM ZANDVOORT [narra\u00e7\u00e3o + Briefing]\" width=\"500\" height=\"281\" src=\"https:\/\/www.youtube.com\/embed\/Tumos2pQVeM?feature=oembed\" frameborder=\"0\" allow=\"accelerometer; autoplay; clipboard-write; encrypted-media; gyroscope; picture-in-picture; web-share\" referrerpolicy=\"strict-origin-when-cross-origin\" allowfullscreen><\/iframe>\n<\/div><\/figure>\n\n\n\n<p class=\"wp-block-paragraph\">Segundo Mekies, extrair velocidade do carro em uma \u00fanica volta tem sido um dos principais problemas no circuito neerland\u00eas. No entanto, elogiou o trabalho dos pilotos e disse que <strong>ambos conseguiram extrair o m\u00e1ximo poss\u00edvel<\/strong> do equipamento dispon\u00edvel.<\/p>\n\n\n\n<p class=\"wp-block-paragraph\">\u201cEm termos do ritmo geral at\u00e9 agora, <strong>temos tido dificuldades desde ontem para conseguir velocidade em volta r\u00e1pida nesta pista<\/strong>. Ficamos mais de 0s5 atr\u00e1s na classifica\u00e7\u00e3o sprint e, embora tenhamos encontrado uma melhora hoje, n\u00e3o foi suficiente para sermos realmente competitivos\u201d, explicou.<\/p>\n\n\n\n<p class=\"wp-block-paragraph\">\u201c<strong>Max e Liam fizeram tudo o que podiam<\/strong> para extrair o m\u00e1ximo do pacote que tinham em m\u00e3os. Como sempre, Max esteve na briga at\u00e9 o \u00faltimo momento e Liam fez um trabalho realmente muito bom\u201d, afirmou.<\/p>\n\n\n\n<p class=\"wp-block-paragraph\">Para Mekies, o resultado de Lawson ganha ainda mais peso diante da mudan\u00e7a de equipe ocorrida \u00e0s pressas. O neozeland\u00eas precisou tapar o buraco na Red Bull deixado por Isack Hadjar, <a href=\"https:\/\/grandepremio.com\/br\/f1\/isack-hadjar-lesao-confirmada-desfalca-red-bull-gp-dos-paises-baixos-liam-lawson-volta\/\">que lesionou o pulso<\/a> e n\u00e3o p\u00f4de participar da etapa nos Pa\u00edses Baixos.<\/p>\n\n\n\n<figure class=\"wp-block-image size-large\"><img loading=\"lazy\" decoding=\"async\" width=\"1024\" height=\"682\" src=\"https:\/\/grandepremio.com\/br\/wp-content\/uploads\/2026\/08\/f1-2026-paises-baixos-classificacao-sprint-red-bull-max-verstappen-02-1024x682.jpg\" alt=\"F1 2026, PAISES BAIXOS, QUALY SPRINT, RED BULL RACING, MAX VERSTAPPEN\" class=\"wp-image-1020312434\" srcset=\"https:\/\/grandepremio.com\/wp-content\/uploads\/2026\/08\/f1-2026-paises-baixos-classificacao-sprint-red-bull-max-verstappen-02-1024x682.jpg 1024w, https:\/\/grandepremio.com\/wp-content\/uploads\/2026\/08\/f1-2026-paises-baixos-classificacao-sprint-red-bull-max-verstappen-02-300x200.jpg 300w, https:\/\/grandepremio.com\/wp-content\/uploads\/2026\/08\/f1-2026-paises-baixos-classificacao-sprint-red-bull-max-verstappen-02-768x512.jpg 768w, https:\/\/grandepremio.com\/wp-content\/uploads\/2026\/08\/f1-2026-paises-baixos-classificacao-sprint-red-bull-max-verstappen-02-1536x1023.jpg 1536w, https:\/\/grandepremio.com\/wp-content\/uploads\/2026\/08\/f1-2026-paises-baixos-classificacao-sprint-red-bull-max-verstappen-02-2048x1364.jpg 2048w, https:\/\/grandepremio.com\/wp-content\/uploads\/2026\/08\/f1-2026-paises-baixos-classificacao-sprint-red-bull-max-verstappen-02-150x100.jpg 150w\" sizes=\"(max-width: 1024px) 100vw, 1024px\" \/><figcaption class=\"wp-element-caption\">Red Bull sofreu com rimo de classifica\u00e7\u00e3o, e Verstappen larga em 7\u00ba no domingo (Foto: Red Bull Content Pool)<\/figcaption><\/figure>\n\n\n\n<p class=\"wp-block-paragraph\">\u201c\u00c9 muito dif\u00edcil saltar de uma equipe para outra e ficar a pouco mais de um d\u00e9cimo de Max nesta tarde \u00e9 um resultado fant\u00e1stico. \u00c9 uma grande hist\u00f3ria para ele e para a equipe\u201d, destacou.<\/p>\n\n\n\n<p class=\"wp-block-paragraph\">A principal fonte de otimismo da Red Bull, contudo, est\u00e1 no comportamento do RB22 durante a sprint. Apesar de Max e Liam cruzarem a linha de chegada nas mesmas posi\u00e7\u00f5es de largada, Mekies afirmou que os taurinos conseguiram se aproximar das rivais, cen\u00e1rio que considera mais favor\u00e1vel para a prova de domingo.<\/p>\n\n\n\n<p class=\"wp-block-paragraph\">\u201cVimos na sprint desta manh\u00e3 que estamos em uma situa\u00e7\u00e3o melhor no acerto de corrida, ficamos mais pr\u00f3ximos dos carros \u00e0 frente. Amanh\u00e3 vamos pressionar muito para lutar com eles\u201d, avaliou.<\/p>\n\n\n\n<p class=\"wp-block-paragraph\">\u201cAcho que h\u00e1 sete ou oito carros que podem lutar pelo p\u00f3dio. Sabemos que \u00e9 dif\u00edcil ultrapassar aqui, mas vamos fazer tudo o que pudermos para estar bem no meio dessa briga\u201d, completou.<\/p>\n\n\n\n<p class=\"wp-block-paragraph\">O&nbsp;<strong>GRANDE PR\u00caMIO<\/strong>&nbsp;acompanha todas as atividades do GP dos Pa\u00edses Baixos, 12\u00aa etapa da temporada 2026,&nbsp;<a href=\"https:\/\/www.grandepremio.com\/br\/ao-vivo\/f1\/\"><strong>AO VIVO E EM&nbsp;<\/strong><\/a><strong><a href=\"https:\/\/www.grandepremio.com\/br\/ao-vivo\/\" target=\"_blank\" rel=\"noopener\">TEMPO REAL<\/a><\/strong>,&nbsp;<a href=\"https:\/\/www.youtube.com\/@GrandePremio1\/streams\">al\u00e9m de classifica\u00e7\u00f5es e corridas em&nbsp;<strong>SEGUNDA TELA&nbsp;<\/strong>no YouTube<\/a>, em parceria com a&nbsp;<strong>Voz do Esporte<\/strong>. O&nbsp;<strong>Briefing&nbsp;<\/strong>chega para analisar ap\u00f3s o fim de cada dia de atividades nas redes sociais e na&nbsp;<strong>GPTV<\/strong>. Al\u00e9m da cobertura completa, o&nbsp;<strong>GRANDE PR\u00caMIO&nbsp;<\/strong>est\u00e1 in loco com o rep\u00f3rter Leonid Kliuev.<\/p>\n\n\n\n<h2 class=\"wp-block-heading\">GP dos Pa\u00edses Baixos de F1: veja os hor\u00e1rios em Brasil, Cabo Verde,&nbsp;<a href=\"https:\/\/grandepremio.pt\/\" target=\"_blank\" rel=\"noopener\"><strong>Portugal<\/strong><\/a>, Angola e Mo\u00e7ambique:<\/h2>\n\n\n\n<h3 class=\"wp-block-heading\">Hor\u00e1rios no Brasil*<\/h3>\n\n\n\n<ul id=\"block-04b1bda2-db77-49b7-8a15-ab1e981bbd0f\" class=\"wp-block-list\">\n<li><strong>Corrida: 10:00<\/strong><\/li>\n<\/ul>\n\n\n\n<h3 class=\"wp-block-heading\">Hor\u00e1rios em Cabo Verde<\/h3>\n\n\n\n<ul id=\"block-7b9d835a-23af-4411-943e-453b4766e578\" class=\"wp-block-list\">\n<li><strong>Corrida: 12:00<\/strong><\/li>\n<\/ul>\n\n\n\n<h3 class=\"wp-block-heading\">Hor\u00e1rios em Portugal e Angola<\/h3>\n\n\n\n<ul id=\"block-e78d748e-6549-4a54-9e51-69367685663a\" class=\"wp-block-list\">\n<li><strong>Corrida: 14:00<\/strong><\/li>\n<\/ul>\n\n\n\n<h3 class=\"wp-block-heading\"><strong>Hor\u00e1rios em Mo\u00e7ambique<\/strong><\/h3>\n\n\n\n<ul id=\"block-bbaadcb9-d1e6-402a-b585-42debf37b024\" class=\"wp-block-list\">\n<li><strong>Corrida: 15:00<\/strong><\/li>\n<\/ul>\n\n\n\n<p class=\"wp-block-paragraph\"><em>*Hor\u00e1rio de Bras\u00edlia<\/em><\/p>\n","protected":false},"excerpt":{"rendered":"<p>Laurent Mekies reconheceu que Red Bull sofreu com ritmo em voltas r\u00e1pidas, mas elogiou trabalho de Max Verstappen e Liam Lawson e manteve esperan\u00e7a de p\u00f3dio em Zandvoort<\/p>\n","protected":false},"author":9,"featured_media":1020312602,"comment_status":"closed","ping_status":"closed","sticky":false,"template":"","format":"standard","meta":{"42wp_featured_image_caption":"Laurent Mekies acredita que Red Bull pode brigar pelo p\u00f3dio em Zandvoort","42wp_featured_image_credits":"Red Bull Content Pool","42wp_featured_video":"","42wp_featured_image_hidden":false,"42wp_authors_list":[{"id":47164,"location":"do Rio de Janeiro"}],"footnotes":""},"categories":[2],"tags":[29126,10753,595,203,204],"42wp_author":[47164],"class_list":["post-162356","post","type-post","status-publish","format-standard","has-post-thumbnail","hentry","category-f1","tag-gp-dos-paises-baixos","tag-laurent-mekies","tag-liam-lawson","tag-max-verstappen","tag-red-bull","42wp_author-marcos-gil-ribeiro"],"_links":{"self":[{"href":"https:\/\/grandepremio.com\/br\/wp-json\/wp\/v2\/posts\/162356","targetHints":{"allow":["GET"]}}],"collection":[{"href":"https:\/\/grandepremio.com\/br\/wp-json\/wp\/v2\/posts"}],"about":[{"href":"https:\/\/grandepremio.com\/br\/wp-json\/wp\/v2\/types\/post"}],"author":[{"embeddable":true,"href":"https:\/\/grandepremio.com\/br\/wp-json\/wp\/v2\/users\/9"}],"replies":[{"embeddable":true,"href":"https:\/\/grandepremio.com\/br\/wp-json\/wp\/v2\/comments?post=162356"}],"version-history":[{"count":11,"href":"https:\/\/grandepremio.com\/br\/wp-json\/wp\/v2\/posts\/162356\/revisions"}],"predecessor-version":[{"id":162380,"href":"https:\/\/grandepremio.com\/br\/wp-json\/wp\/v2\/posts\/162356\/revisions\/162380"}],"wp:featuredmedia":[{"embeddable":true,"href":"https:\/\/grandepremio.com\/br\/wp-json\/wp\/v2\/media\/1020312602"}],"wp:attachment":[{"href":"https:\/\/grandepremio.com\/br\/wp-json\/wp\/v2\/media?parent=162356"}],"wp:term":[{"taxonomy":"category","embeddable":true,"href":"https:\/\/grandepremio.com\/br\/wp-json\/wp\/v2\/categories?post=162356"},{"taxonomy":"post_tag","embeddable":true,"href":"https:\/\/grandepremio.com\/br\/wp-json\/wp\/v2\/tags?post=162356"},{"taxonomy":"42wp_author","embeddable":true,"href":"https:\/\/grandepremio.com\/br\/wp-json\/wp\/v2\/42wp_author?post=162356"}],"curies":[{"name":"wp","href":"https:\/\/api.w.org\/{rel}","templated":true}]}}