{"id":162399,"date":"2026-08-22T16:45:24","date_gmt":"2026-08-22T19:45:24","guid":{"rendered":"https:\/\/grandepremio.com\/br\/?p=162399"},"modified":"2026-08-22T18:04:18","modified_gmt":"2026-08-22T21:04:18","slug":"pato-oward-preve-muitas-chances-ultrapassagem-estrategias-imprevisiveis-gp-washington","status":"publish","type":"post","link":"https:\/\/grandepremio.com\/br\/indy\/pato-oward-preve-muitas-chances-ultrapassagem-estrategias-imprevisiveis-gp-washington\/","title":{"rendered":"O&#8217;Ward prev\u00ea &#8220;muitas chances de ultrapassagem&#8221; e &#8220;estrat\u00e9gias imprevis\u00edveis&#8221; no GP de Washington"},"content":{"rendered":"\n<p class=\"wp-block-paragraph\">Al\u00e9m de ser disputado em uma pista completamente nova, o GP de Washington tamb\u00e9m conta com outro ingrediente especial: ser\u00e1 a corrida mais longa da temporada 2026 em um circuito misto. Pato O&#8217;Ward falou sobre a imprevisibilidade da prova e destacou que o tr\u00e1fego e o uso do bot\u00e3o de ultrapassagem ser\u00e3o determinantes para as estrat\u00e9gias. O mexicano tamb\u00e9m cr\u00ea que a etapa ter\u00e1 muitas chances de ultrapassagens.<\/p>\n\n\n\n<p class=\"wp-block-paragraph\">A corrida nos arredores da Casa Branca e do Capit\u00f3lio do capit\u00f3lio originalmente contaria com 125 voltas,\u00a0<a href=\"https:\/\/grandepremio.com\/br\/indy\/gp-washington-amplia-numero-voltas-homenagem-independencia-eua\/\">mas os organizadores decidiram aumentar para 147 giros<\/a>, o que totaliza 250 milhas (um pouco mais de 400 km) para homenagear o anivers\u00e1rio de 250 anos de independ\u00eancia dos Estados Unidos. Apesar de n\u00e3o ser um circuito longo \u2014 s\u00e3o apenas sete curvas e 1,66 milha (2,67 km) de extens\u00e3o \u2014, a dura\u00e7\u00e3o da etapa \u00e9 um desafio a mais para os pilotos.<\/p>\n\n\n\n<figure class=\"wp-block-embed is-type-video is-provider-youtube wp-block-embed-youtube wp-embed-aspect-16-9 wp-has-aspect-ratio\"><div class=\"wp-block-embed__wrapper\">\n<iframe loading=\"lazy\" title=\"COLLET, SCHUMACHER, TSUNODA: SILLY SEASON PEGA FOGO NA INDY | Sprint GP\" width=\"500\" height=\"281\" src=\"https:\/\/www.youtube.com\/embed\/myLuk56Tr5s?feature=oembed\" frameborder=\"0\" allow=\"accelerometer; autoplay; clipboard-write; encrypted-media; gyroscope; picture-in-picture; web-share\" referrerpolicy=\"strict-origin-when-cross-origin\" allowfullscreen><\/iframe>\n<\/div><\/figure>\n\n\n\n<p class=\"wp-block-paragraph\">O&#8217;Ward admitiu que n\u00e3o sabe como ser\u00e3o as estrat\u00e9gias na corrida, mas cr\u00ea que o tr\u00e1fego vai desempenhar um papel fundamental nas t\u00e1ticas.<\/p>\n\n\n\n<p class=\"wp-block-paragraph\">&#8220;Nunca corremos aqui antes. N\u00e3o sabemos bem o que esperar em termos de estrat\u00e9gia, \u00e9 dif\u00edcil dizer. A classifica\u00e7\u00e3o sempre tem esse aspecto de poder ajudar ou atrapalhar. Ser\u00e1 que o tr\u00e1fego vai ser f\u00e1cil ou dif\u00edcil de lidar? Quanto tempo voc\u00ea perde se ficar preso atr\u00e1s de um carro mais lento?&#8221;, ponderou o piloto da McLaren.<\/p>\n\n\n\n<figure class=\"wp-block-image size-large\"><img loading=\"lazy\" decoding=\"async\" width=\"1024\" height=\"683\" src=\"https:\/\/grandepremio.com\/br\/wp-content\/uploads\/2026\/08\/Freedom-250-Grand-Prix-of-Washington_-D_C_-Saturday_-August-22_-2026_Large-Image-Without-Watermark_m163438-1024x683.jpg\" alt=\"\" class=\"wp-image-1020312588\" srcset=\"https:\/\/grandepremio.com\/wp-content\/uploads\/2026\/08\/Freedom-250-Grand-Prix-of-Washington_-D_C_-Saturday_-August-22_-2026_Large-Image-Without-Watermark_m163438-1024x683.jpg 1024w, https:\/\/grandepremio.com\/wp-content\/uploads\/2026\/08\/Freedom-250-Grand-Prix-of-Washington_-D_C_-Saturday_-August-22_-2026_Large-Image-Without-Watermark_m163438-300x200.jpg 300w, https:\/\/grandepremio.com\/wp-content\/uploads\/2026\/08\/Freedom-250-Grand-Prix-of-Washington_-D_C_-Saturday_-August-22_-2026_Large-Image-Without-Watermark_m163438-768x512.jpg 768w, https:\/\/grandepremio.com\/wp-content\/uploads\/2026\/08\/Freedom-250-Grand-Prix-of-Washington_-D_C_-Saturday_-August-22_-2026_Large-Image-Without-Watermark_m163438-1536x1024.jpg 1536w, https:\/\/grandepremio.com\/wp-content\/uploads\/2026\/08\/Freedom-250-Grand-Prix-of-Washington_-D_C_-Saturday_-August-22_-2026_Large-Image-Without-Watermark_m163438-2048x1365.jpg 2048w, https:\/\/grandepremio.com\/wp-content\/uploads\/2026\/08\/Freedom-250-Grand-Prix-of-Washington_-D_C_-Saturday_-August-22_-2026_Large-Image-Without-Watermark_m163438-150x100.jpg 150w\" sizes=\"(max-width: 1024px) 100vw, 1024px\" \/><figcaption class=\"wp-element-caption\">Pato O&#8217;Ward reconheceu que n\u00e3o sabe como ser\u00e3o as estrat\u00e9gias no GP de Washington (Foto: IndyCar)<\/figcaption><\/figure>\n\n\n\n<p class=\"wp-block-paragraph\">&#8220;Acho que vamos come\u00e7ar a perceber todas essas coisas aqui nos treinos, vendo se conseguimos posicionar o carro de forma a conseguir passar pelo tr\u00e1fego com bastante facilidade ou n\u00e3o. Sinto que tudo isso vai influenciar as decis\u00f5es estrat\u00e9gicas que tomaremos&#8221;, ressaltou.<\/p>\n\n\n\n<p class=\"wp-block-paragraph\">O mexicano tamb\u00e9m acredita que o bot\u00e3o de ultrapassagem dever\u00e1 ser usado com ainda mais prud\u00eancia que o normal, j\u00e1 que haver\u00e1 os mesmos 150s dispon\u00edveis para a etapa de rua mais longa da temporada.<\/p>\n\n\n\n<p class=\"wp-block-paragraph\">&#8220;\u00c9 uma corrida longa \u2014 obviamente, as estrat\u00e9gias v\u00e3o variar bastante. Vai ser bem interessante ver como o pessoal vai planejar o uso do <em>push-to-pass<\/em>, j\u00e1 que temos apenas 150s de acionamento para quase 150 voltas. Se voc\u00ea usar em todos os giros, d\u00e1 mais ou menos 1s por volta. Com certeza n\u00e3o \u00e9 uma boa ideia fazer isso&#8221;, salientou.<\/p>\n\n\n\n<p class=\"wp-block-paragraph\">&#8220;Voc\u00ea tamb\u00e9m quer atacar, mas ao mesmo tempo quer guardar um pouco para o final. H\u00e1 v\u00e1rias retas onde ter\u00e1 muitas oportunidades de ultrapassagem. Acho que vai ser uma boa corrida&#8221;, finalizou.<\/p>\n\n\n\n<p class=\"wp-block-paragraph\">A Indy volta ainda neste s\u00e1bado (22), com a classifica\u00e7\u00e3o marcada para as 18h. Neste domingo (23), a corrida come\u00e7a \u00e0s 14h, com cobertura completa do\u00a0<strong>GRANDE PR\u00caMIO<\/strong>.<\/p>\n\n\n\n<h2 class=\"wp-block-heading\">GP de Washington da Indy: veja os hor\u00e1rios em Brasil, Cabo Verde,&nbsp;<a href=\"https:\/\/grandepremio.pt\/\" target=\"_blank\" rel=\"noopener\"><strong>Portugal<\/strong><\/a>, Angola e Mo\u00e7ambique:<\/h2>\n\n\n\n<h3 class=\"wp-block-heading\">Hor\u00e1rios no Brasil*<\/h3>\n\n\n\n<ul class=\"wp-block-list\">\n<li><strong>Classifica\u00e7\u00e3o (22\/08): 18:00<\/strong><\/li>\n\n\n\n<li><strong>Warm-up\u00a0(23\/08): 10:00<\/strong><\/li>\n\n\n\n<li><strong>Corrida (23\/08): 14:00<\/strong><\/li>\n<\/ul>\n\n\n\n<h3 class=\"wp-block-heading\">Hor\u00e1rios em Portugal e Angola<\/h3>\n\n\n\n<ul class=\"wp-block-list\">\n<li><strong>Classifica\u00e7\u00e3o (22\/08): 22:00<\/strong><\/li>\n\n\n\n<li><strong>Warm-up\u00a0(23\/08): 14:00<\/strong><\/li>\n\n\n\n<li><strong>Corrida (23\/08): 18:00<\/strong><\/li>\n<\/ul>\n\n\n\n<h3 class=\"wp-block-heading\">Hor\u00e1rios em Cabo Verde<\/h3>\n\n\n\n<ul class=\"wp-block-list\">\n<li><strong>Classifica\u00e7\u00e3o (22\/08): 20:00<\/strong><\/li>\n\n\n\n<li><strong>Warm-up\u00a0(23\/08): 12:00<\/strong><\/li>\n\n\n\n<li><strong>Corrida (23\/08): 16:00<\/strong><\/li>\n<\/ul>\n\n\n\n<h3 class=\"wp-block-heading\"><strong>Hor\u00e1rios em Mo\u00e7ambique<\/strong><\/h3>\n\n\n\n<ul class=\"wp-block-list\">\n<li><strong>Classifica\u00e7\u00e3o (22\/08): 21:00<\/strong><\/li>\n\n\n\n<li><strong>Warm-up\u00a0(23\/08): 13:00<\/strong><\/li>\n\n\n\n<li><strong>Corrida (23\/08): 17:00<\/strong><\/li>\n<\/ul>\n\n\n\n<p class=\"wp-block-paragraph\"><em>*Hor\u00e1rio de Bras\u00edlia<\/em><\/p>\n\n\n\n<p class=\"wp-block-paragraph\"><\/p>\n","protected":false},"excerpt":{"rendered":"<p>Pato O&#8217;Ward destacou a imprevisibilidade do GP de Washington e reconheceu que n\u00e3o sabe como ser\u00e3o as estrat\u00e9gias na corrida mais longa da temporada 2026 da Indy em circuito misto. Mexicano projetou muitas chances de ultrapassagem e o t\u00e1ticas imprevis\u00edveis<\/p>\n","protected":false},"author":21,"featured_media":1020312650,"comment_status":"closed","ping_status":"closed","sticky":false,"template":"","format":"standard","meta":{"42wp_featured_image_caption":"Pato O'Ward acredita que GP de Washington ser\u00e1 movimentado","42wp_featured_image_credits":"IndyCar","42wp_featured_video":"","42wp_featured_image_hidden":false,"42wp_authors_list":[{"id":47163,"location":"do Rio de Janeiro"}],"footnotes":""},"categories":[3],"tags":[45994,45771,90,99],"42wp_author":[47163],"class_list":["post-162399","post","type-post","status-publish","format-standard","has-post-thumbnail","hentry","category-indy","tag-freedom-250","tag-gp-de-washington","tag-mclaren","tag-pato-oward","42wp_author-caio-cavalcante"],"_links":{"self":[{"href":"https:\/\/grandepremio.com\/br\/wp-json\/wp\/v2\/posts\/162399","targetHints":{"allow":["GET"]}}],"collection":[{"href":"https:\/\/grandepremio.com\/br\/wp-json\/wp\/v2\/posts"}],"about":[{"href":"https:\/\/grandepremio.com\/br\/wp-json\/wp\/v2\/types\/post"}],"author":[{"embeddable":true,"href":"https:\/\/grandepremio.com\/br\/wp-json\/wp\/v2\/users\/21"}],"replies":[{"embeddable":true,"href":"https:\/\/grandepremio.com\/br\/wp-json\/wp\/v2\/comments?post=162399"}],"version-history":[{"count":3,"href":"https:\/\/grandepremio.com\/br\/wp-json\/wp\/v2\/posts\/162399\/revisions"}],"predecessor-version":[{"id":162464,"href":"https:\/\/grandepremio.com\/br\/wp-json\/wp\/v2\/posts\/162399\/revisions\/162464"}],"wp:featuredmedia":[{"embeddable":true,"href":"https:\/\/grandepremio.com\/br\/wp-json\/wp\/v2\/media\/1020312650"}],"wp:attachment":[{"href":"https:\/\/grandepremio.com\/br\/wp-json\/wp\/v2\/media?parent=162399"}],"wp:term":[{"taxonomy":"category","embeddable":true,"href":"https:\/\/grandepremio.com\/br\/wp-json\/wp\/v2\/categories?post=162399"},{"taxonomy":"post_tag","embeddable":true,"href":"https:\/\/grandepremio.com\/br\/wp-json\/wp\/v2\/tags?post=162399"},{"taxonomy":"42wp_author","embeddable":true,"href":"https:\/\/grandepremio.com\/br\/wp-json\/wp\/v2\/42wp_author?post=162399"}],"curies":[{"name":"wp","href":"https:\/\/api.w.org\/{rel}","templated":true}]}}