{"id":162412,"date":"2026-08-22T16:50:52","date_gmt":"2026-08-22T19:50:52","guid":{"rendered":"https:\/\/grandepremio.com\/br\/?p=162412"},"modified":"2026-08-22T16:53:51","modified_gmt":"2026-08-22T19:53:51","slug":"confira-declaracoes-pilotos-apos-classificacao-gp-dos-paises-baixos-f1-2026","status":"publish","type":"post","link":"https:\/\/grandepremio.com\/br\/f1\/confira-declaracoes-pilotos-apos-classificacao-gp-dos-paises-baixos-f1-2026\/","title":{"rendered":"Confira declara\u00e7\u00f5es dos pilotos ap\u00f3s classifica\u00e7\u00e3o do GP dos Pa\u00edses Baixos da F1 2026"},"content":{"rendered":"\n<p class=\"wp-block-paragraph\">O s\u00e1bado (22) em Zandvoort foi marcado por duas sess\u00f5es competitivas: <strong>a corrida sprint e a classifica\u00e7\u00e3o do GP dos Pa\u00edses Baixos<\/strong>. Na prova curta, a <strong>vit\u00f3ria ficou com George Russell<\/strong>, que acabou sendo <strong>superado por Lando Norris horas depois na defini\u00e7\u00e3o do grid de largada<\/strong>. <strong>O atual campe\u00e3o mundial cravou a pole e superou o ingl\u00eas da Mercedes<\/strong>, que ficou em segundo, \u00e0 frente do l\u00edder <strong>Andrea Kimi Antonelli<\/strong>. <\/p>\n\n\n\n<p class=\"wp-block-paragraph\"><strong>Oscar Piastri fechou a segunda fileira do grid na quarta coloca\u00e7\u00e3o<\/strong>, com a dupla da Ferrari compondo a terceira fila com <strong>Lewis Hamilton e Charles Leclerc em quinto e sexto<\/strong>, respectivamente. O frustrado <strong>Max Verstappen ficou somente em s\u00e9timo<\/strong> e vai largar ao lado de <strong>Liam Lawson<\/strong>, que substitui <strong>Isack Hadjar<\/strong> neste fim de semana na Red Bull. <\/p>\n\n\n\n<p class=\"wp-block-paragraph\">A <strong>\u00faltima fila do top-10 \u00e9 composto por Gabriel Bortoleto<\/strong>, que ficou mais uma vez em nono, e <strong>Arvid Lindblad<\/strong>. <\/p>\n\n\n\n<figure class=\"wp-block-image size-large\"><img loading=\"lazy\" decoding=\"async\" width=\"1024\" height=\"576\" src=\"https:\/\/grandepremio.com\/br\/wp-content\/uploads\/2026\/08\/f1-2026-paises-baixos-classificacao-mclaren-lando-norris-01-1024x576.jpg\" alt=\"F1 2026, PAISES BAIXOS, QUALY, MCLAREN, LANDO NORRIS\" class=\"wp-image-1020312575\" srcset=\"https:\/\/grandepremio.com\/wp-content\/uploads\/2026\/08\/f1-2026-paises-baixos-classificacao-mclaren-lando-norris-01-1024x576.jpg 1024w, https:\/\/grandepremio.com\/wp-content\/uploads\/2026\/08\/f1-2026-paises-baixos-classificacao-mclaren-lando-norris-01-300x169.jpg 300w, https:\/\/grandepremio.com\/wp-content\/uploads\/2026\/08\/f1-2026-paises-baixos-classificacao-mclaren-lando-norris-01-768x432.jpg 768w, https:\/\/grandepremio.com\/wp-content\/uploads\/2026\/08\/f1-2026-paises-baixos-classificacao-mclaren-lando-norris-01-1536x864.jpg 1536w, https:\/\/grandepremio.com\/wp-content\/uploads\/2026\/08\/f1-2026-paises-baixos-classificacao-mclaren-lando-norris-01-1200x675.jpg 1200w, https:\/\/grandepremio.com\/wp-content\/uploads\/2026\/08\/f1-2026-paises-baixos-classificacao-mclaren-lando-norris-01-150x84.jpg 150w, https:\/\/grandepremio.com\/wp-content\/uploads\/2026\/08\/f1-2026-paises-baixos-classificacao-mclaren-lando-norris-01.jpg 1920w\" sizes=\"(max-width: 1024px) 100vw, 1024px\" \/><figcaption class=\"wp-element-caption\">Lando Norris cravou a pole em Zandvoort (Foto: McLaren)<\/figcaption><\/figure>\n\n\n\n<h2 class=\"wp-block-heading\">Confira as declara\u00e7\u00f5es dos pilotos:<\/h2>\n\n\n\n<p class=\"wp-block-paragraph\"><strong>Lando Norris, pole-position:<\/strong> <a href=\"https:\/\/grandepremio.com\/br\/f1\/lando-norris-celebra-pole-paises-baixos-acerto-mclaren-deu-mais-confianca\/\">Norris celebra pole nos Pa\u00edses Baixos e diz que acerto da McLaren \u201cdeu mais confian\u00e7a\u201d<\/a><\/p>\n\n\n\n<p class=\"wp-block-paragraph\"><strong>George Russell, segundo:<\/strong> <a href=\"https:\/\/grandepremio.com\/br\/f1\/george-russell-aprova-2o-lugar-grid-paises-baixos-celebra-voltei-ser-eu-mesmo\/\">Russell aprova 2\u00ba lugar no grid dos Pa\u00edses Baixos e celebra: \u201cVoltei a ser eu mesmo\u201d<\/a><\/p>\n\n\n\n<p class=\"wp-block-paragraph\"><strong>Andrea Kimi Antonelli, terceiro:<\/strong> <a href=\"https:\/\/grandepremio.com\/br\/f1\/andrea-kimi-antonelli-admite-erro-q3-paises-baixos-tinha-boa-chance-estar-pole\/\">Antonelli admite erro no Q3 dos Pa\u00edses Baixos: \u201cTinha boa chance de estar na pole\u201d<\/a><\/p>\n\n\n\n<p class=\"wp-block-paragraph\"><strong>Oscar Piastri, quarto:<\/strong> <a href=\"https:\/\/grandepremio.com\/br\/f1\/oscar-piastri-comemora-mclaren-mais-natural-paises-baixos-nao-corri-atras-rabo\/\">Piastri comemora McLaren \u201cmuito mais natural\u201d nos Pa\u00edses Baixos: \u201cN\u00e3o corri atr\u00e1s do rabo\u201d<\/a><\/p>\n\n\n\n<p class=\"wp-block-paragraph\"><strong>Lewis Hamilton, quinto:<\/strong> <a href=\"https:\/\/grandepremio.com\/br\/f1\/lewis-hamilton-reclama-pneus-apesar-melhora-ferrari-paises-baixos-loucura\/\">Hamilton reclama de pneus apesar de melhora da Ferrari nos Pa\u00edses Baixos: \u201cUma loucura\u201d<\/a><\/p>\n\n\n\n<figure class=\"wp-block-image size-full\"><img loading=\"lazy\" decoding=\"async\" width=\"768\" height=\"512\" src=\"https:\/\/grandepremio.com\/br\/wp-content\/uploads\/2026\/08\/f1-2026-paises-baixos-classificacao-ferrari-lewis-hamilton-05.jpg\" alt=\"F1 2026, PAISES BAIXOS, QUALY, FERRARI, LEWIS HAMILTON\" class=\"wp-image-1020312628\" srcset=\"https:\/\/grandepremio.com\/wp-content\/uploads\/2026\/08\/f1-2026-paises-baixos-classificacao-ferrari-lewis-hamilton-05.jpg 768w, https:\/\/grandepremio.com\/wp-content\/uploads\/2026\/08\/f1-2026-paises-baixos-classificacao-ferrari-lewis-hamilton-05-300x200.jpg 300w, https:\/\/grandepremio.com\/wp-content\/uploads\/2026\/08\/f1-2026-paises-baixos-classificacao-ferrari-lewis-hamilton-05-150x100.jpg 150w\" sizes=\"(max-width: 768px) 100vw, 768px\" \/><figcaption class=\"wp-element-caption\">Lewis Hamilton fechou top-5 da classifica\u00e7\u00e3o (Foto: Ferrari)<\/figcaption><\/figure>\n\n\n\n<p class=\"wp-block-paragraph\"><strong>Charles Leclerc, sexto:<\/strong> <a href=\"https:\/\/grandepremio.com\/br\/f1\/charles-leclerc-nega-surpresa-6o-lugar-classificacao-paises-baixos-sempre-ficamos-atras\/\">Leclerc nega surpresa com 6\u00ba lugar em classifica\u00e7\u00e3o dos Pa\u00edses Baixos: \u201cSempre ficamos atr\u00e1s\u201d<\/a><\/p>\n\n\n\n<p class=\"wp-block-paragraph\"><strong>Max Verstappen, s\u00e9timo:<\/strong> <a href=\"https:\/\/grandepremio.com\/br\/f1\/max-verstappen-reforca-criticas-f1-2026-apos-classificacao-paises-baixos-facil-andar-limite\/\">Verstappen refor\u00e7a cr\u00edticas \u00e0 F1 2026 ap\u00f3s classifica\u00e7\u00e3o nos Pa\u00edses Baixos: \u201cF\u00e1cil andar no limite\u201d<\/a><\/p>\n\n\n\n<p class=\"wp-block-paragraph\"><strong>Liam Lawson, oitavo:<\/strong> <a href=\"https:\/\/grandepremio.com\/br\/f1\/liam-lawson-comemora-evolucao-red-bull-classificacao-paises-baixos-encaixei-tudo\/\">Lawson comemora evolu\u00e7\u00e3o com Red Bull em classifica\u00e7\u00e3o dos Pa\u00edses Baixos: \u201cEncaixei tudo\u201d<\/a><\/p>\n\n\n\n<p class=\"wp-block-paragraph\"><strong>Gabriel Bortoleto, nono:<\/strong> <a href=\"https:\/\/grandepremio.com\/br\/f1\/gabriel-bortoleto-festeja-novo-q3-apos-classificacao-intensa-gp-dos-paises-baixos-cometi-erros\/\">Bortoleto festeja novo Q3 ap\u00f3s classifica\u00e7\u00e3o \u201cintensa\u201d nos Pa\u00edses Baixos: \u201cCometi erros\u201d<\/a><\/p>\n\n\n\n<p class=\"wp-block-paragraph\"><strong>Arvid Lindblad, d\u00e9cimo:<\/strong> <a href=\"https:\/\/grandepremio.com\/br\/f1\/arvid-lindblad-relata-dificuldades-q3-ve-racing-bulls-menos-competitiva-gp-dos-paises-baixos\/\">Lindblad relata dificuldades no Q3 e v\u00ea Racing Bulls \u201cmenos competitiva\u201d nos Pa\u00edses Baixos<\/a><\/p>\n\n\n\n<figure class=\"wp-block-image size-large\"><img loading=\"lazy\" decoding=\"async\" width=\"1024\" height=\"683\" src=\"https:\/\/grandepremio.com\/br\/wp-content\/uploads\/2026\/08\/Lindblad-Clasificacion-Paises-Bajos-ES-1024x683.jpg\" alt=\"\" class=\"wp-image-1020312544\" srcset=\"https:\/\/grandepremio.com\/wp-content\/uploads\/2026\/08\/Lindblad-Clasificacion-Paises-Bajos-ES-1024x683.jpg 1024w, https:\/\/grandepremio.com\/wp-content\/uploads\/2026\/08\/Lindblad-Clasificacion-Paises-Bajos-ES-300x200.jpg 300w, https:\/\/grandepremio.com\/wp-content\/uploads\/2026\/08\/Lindblad-Clasificacion-Paises-Bajos-ES-768x512.jpg 768w, https:\/\/grandepremio.com\/wp-content\/uploads\/2026\/08\/Lindblad-Clasificacion-Paises-Bajos-ES-1536x1024.jpg 1536w, https:\/\/grandepremio.com\/wp-content\/uploads\/2026\/08\/Lindblad-Clasificacion-Paises-Bajos-ES-2048x1365.jpg 2048w, https:\/\/grandepremio.com\/wp-content\/uploads\/2026\/08\/Lindblad-Clasificacion-Paises-Bajos-ES-150x100.jpg 150w\" sizes=\"(max-width: 1024px) 100vw, 1024px\" \/><figcaption class=\"wp-element-caption\">Arvid Lindblad avan\u00e7ou ao Q3 (Foto: Red Bull Content Pool)<\/figcaption><\/figure>\n\n\n\n<p class=\"wp-block-paragraph\"><strong>Pierre Gasly, 11\u00ba:<\/strong> &#8220;Foi \u00f3timo marcar um ponto na corrida sprint, faz tempo que n\u00e3o pontu\u00e1vamos. Conseguimos traduzir o bom ritmo de ontem em resultado na prova de hoje, o que foi muito positivo. A posi\u00e7\u00e3o de pista certamente ajudou, ent\u00e3o tentei administrar tudo e trazer o carro para casa. Fiquei satisfeito com o oitavo lugar, mas certamente fiquei menos feliz na classifica\u00e7\u00e3o. Foi uma sess\u00e3o conturbada para mim, sofremos mais do que ontem correndo com menos combust\u00edvel. N\u00e3o quero ser muito duro, porque mostramos bom ritmo para chegar no Q3, ent\u00e3o vamos revisar e ver o que podemos fazer melhor na pr\u00f3xima. Ainda \u00e9 cedo para avaliar as novas pe\u00e7as, estamos aprendendo a maximizar o pacote. Esperamos que seja uma briga apertada no pelot\u00e3o intermedi\u00e1rio e o foco est\u00e1 nos pilotos \u00e0 frente. Queremos brigar para pontuar na corrida.&#8221;<\/p>\n\n\n\n<p class=\"wp-block-paragraph\"><strong>Yuki Tsunoda, 12\u00ba:<\/strong> \u201cEstou muito feliz com o resultado de hoje. \u00c9 a primeira vez que estou de volta ao carro depois de oito meses, e aproveitei cada minuto. Durante toda a sess\u00e3o, estive muito focado em mim mesmo e nos aspectos que poderia melhorar. Gostei muito do processo de encontrar o limite e entender onde posso for\u00e7ar mais. Teria sido bom chegar ao Q3, mas a disputa ficou extremamente apertada no fim da classifica\u00e7\u00e3o. Estamos muito perto da zona de pontua\u00e7\u00e3o para amanh\u00e3, ent\u00e3o o objetivo \u00e9 dar o m\u00e1ximo, aproveitar todas as oportunidades e curtir o m\u00e1ximo poss\u00edvel.\u201d<\/p>\n\n\n\n<p class=\"wp-block-paragraph\"><strong>Nico H\u00fclkenberg, 13\u00ba:<\/strong> <a href=\"https:\/\/grandepremio.com\/br\/f1\/nico-hulkenberg-avalia-13o-lugar-classificacao-nao-foi-mais-faceis-paises-baixos\/\">H\u00fclkenberg avalia 13\u00ba lugar em classifica\u00e7\u00e3o que \u201cn\u00e3o foi das mais f\u00e1ceis\u201d nos Pa\u00edses Baixos<\/a><\/p>\n\n\n\n<p class=\"wp-block-paragraph\"><strong>Franco Colapinto, 14\u00ba:<\/strong> &#8220;Consegui maximizar o carro na classifica\u00e7\u00e3o, e a equipe fez um \u00f3timo trabalho. Por mais que n\u00e3o tenha completado a \u00faltima volta por causa do tr\u00e1fego, foi uma sess\u00e3o muito forte e ficamos muito pr\u00f3ximos de Racing Bulls e Audi. Fizemos algumas pequenas altera\u00e7\u00f5es no carro ap\u00f3s a corrida sprint e conseguimos melhorar a performance, o carro ficou melhor e mais consistente, ent\u00e3o fiquei feliz por isso. Obviamente, ainda preciso esperar para ter as atualiza\u00e7\u00f5es no meu carro, mas tirei o m\u00e1ximo do que tinha na classifica\u00e7\u00e3o. Amanh\u00e3 ser\u00e1 complicado se tivermos pista seca, ent\u00e3o uma chuva ser\u00e1 bem-vinda, mas daremos o melhor de qualquer jeito.&#8221;<\/p>\n\n\n\n<p class=\"wp-block-paragraph\"><strong>Esteban Ocon, 15\u00ba:<\/strong> Ficamos devendo um pouco para a Racing Bulls na sprint. Eles se afastaram de n\u00f3s, e nos afastando da Williams tamb\u00e9m, ent\u00e3o Ollie e eu est\u00e1vamos um pouco em terra de ningu\u00e9m. Dividimos a estrat\u00e9gia, ent\u00e3o vai ser interessante escolher qual pneu \u00e9 melhor para amanh\u00e3. Foi uma pena que a chuva s\u00f3 veio na \u00faltima volta da classifica\u00e7\u00e3o, pois teria sido divertido para quem estava assistindo. N\u00e3o acho que poder\u00edamos ter ido mais r\u00e1pido, foram 0s3 para o carro \u00e0 frente, fiz uma volta muito boa, bem otimizada, e n\u00e3o havia nada que pud\u00e9ssemos ter feito melhor. Esse \u00e9 o desempenho real. \u00c9 dif\u00edcil admitir, mas precisamos que as atualiza\u00e7\u00f5es cheguem o mais r\u00e1pido poss\u00edvel para que possamos lutar mais alto.\u201d<\/p>\n\n\n\n<figure class=\"wp-block-image size-large\"><img loading=\"lazy\" decoding=\"async\" width=\"1024\" height=\"683\" src=\"https:\/\/grandepremio.com\/br\/wp-content\/uploads\/2026\/08\/f1-2026-paises-baixos-classificacao-sprint-haas-esteban-ocon-01-1024x683.jpg\" alt=\"F1 2026, PAISES BAIXOS, QUALY SPRINT, HAAS, ESTEBAN OCON\" class=\"wp-image-1020312464\" srcset=\"https:\/\/grandepremio.com\/wp-content\/uploads\/2026\/08\/f1-2026-paises-baixos-classificacao-sprint-haas-esteban-ocon-01-1024x683.jpg 1024w, https:\/\/grandepremio.com\/wp-content\/uploads\/2026\/08\/f1-2026-paises-baixos-classificacao-sprint-haas-esteban-ocon-01-300x200.jpg 300w, https:\/\/grandepremio.com\/wp-content\/uploads\/2026\/08\/f1-2026-paises-baixos-classificacao-sprint-haas-esteban-ocon-01-768x512.jpg 768w, https:\/\/grandepremio.com\/wp-content\/uploads\/2026\/08\/f1-2026-paises-baixos-classificacao-sprint-haas-esteban-ocon-01-1536x1024.jpg 1536w, https:\/\/grandepremio.com\/wp-content\/uploads\/2026\/08\/f1-2026-paises-baixos-classificacao-sprint-haas-esteban-ocon-01-2048x1365.jpg 2048w, https:\/\/grandepremio.com\/wp-content\/uploads\/2026\/08\/f1-2026-paises-baixos-classificacao-sprint-haas-esteban-ocon-01-150x100.jpg 150w\" sizes=\"(max-width: 1024px) 100vw, 1024px\" \/><figcaption class=\"wp-element-caption\">Esteban Ocon parou no Q2 neste s\u00e1bado (22) (Foto: Haas F1 Team)<\/figcaption><\/figure>\n\n\n\n<p class=\"wp-block-paragraph\"><strong>Alexander Albon, 16\u00ba:<\/strong> \u201cEstou satisfeito com a volta no Q2. fizemos algumas altera\u00e7\u00f5es que funcionaram entre a sprint e a classifica\u00e7\u00e3o, o equil\u00edbrio estava melhor, mas ainda temos dificuldades com a carga aerodin\u00e2mica pura. Acho que n\u00e3o extra\u00ed o m\u00e1ximo no Q1, mas definitivamente consegui isso no Q2, provavelmente foi a volta mais completa que fiz em muito tempo. Entramos em um ritmo melhor hoje e fomos mais consistentes. Ent\u00e3o, pelo menos, deixamos uma Haas e as duas Aston Martin atr\u00e1s para amanh\u00e3. Ainda precisamos entender por que nosso acerto inicial estava t\u00e3o equivocado, pois \u00e9 algo a partir do qual podemos evoluir. Com um acerto melhor, talvez consigamos tamb\u00e9m preservar melhor os pneus \u2014 isso ser\u00e1 importante amanh\u00e3, j\u00e1 que o desgaste foi alto na sprint. Ultrapassar \u00e9 mais dif\u00edcil em Zandvoort, ent\u00e3o espero algumas estrat\u00e9gias envolvendo os pneus durante a corrida e m\u00faltiplas paradas. Vamos ver o que o domingo nos reserva.\u201d<\/p>\n\n\n\n<p class=\"wp-block-paragraph\"><strong>Carlos Sainz, 17\u00ba:<\/strong> \u201cFins de semana sprint n\u00e3o deixam muito tempo para solucionar problemas, ent\u00e3o usamos a corrida curta praticamente como um treino, testando coisas diferentes para melhorar o equil\u00edbrio. Na classifica\u00e7\u00e3o, o carro estava com uma sensa\u00e7\u00e3o melhor, e as altera\u00e7\u00f5es que fizemos o deixaram mais confort\u00e1vel de pilotar. Minha volta foi boa, e ficamos de fora do Q2 por uma margem muito pequena. Amanh\u00e3, faremos o poss\u00edvel para acertar tudo e realizar uma corrida limpa, extraindo o m\u00e1ximo do carro e vendo aonde isso nos leva.\u201d<\/p>\n\n\n\n<p class=\"wp-block-paragraph\"><strong>Fernando Alonso, 18\u00ba:<\/strong> <a href=\"https:\/\/grandepremio.com\/br\/f1\/fernando-alonso-diz-estava-limite-classificacao-paises-baixos-que-temos\/\">Alonso diz que estava \u201cno limite\u201d na classifica\u00e7\u00e3o dos Pa\u00edses Baixos: \u201c\u00c9 o que temos\u201d<\/a><\/p>\n\n\n\n<p class=\"wp-block-paragraph\"><strong>Lance Stroll, 19\u00ba:<\/strong> &#8220;Sofremos com problemas similares aos de ontem. Precisamos melhorar a dirigibilidade e o equil\u00edbrio do carro, esse tem de ser o foco. O ritmo de corrida parece estar melhor que o de voltas lan\u00e7adas. Na classifica\u00e7\u00e3o, precisamos for\u00e7ar mais para atacar as voltas. Mas estamos progredindo, trabalhando duro e vamos seguir tentando dar mais um passo \u00e0 frente.&#8221;<\/p>\n\n\n\n<p class=\"wp-block-paragraph\"><strong>Oliver Bearman, 20\u00ba:<\/strong> \u201cA sprint foi muito boa. Fiquei bastante satisfeito, os pneus responderam bem e o ritmo estava bom. Acredito que os problemas que estamos enfrentando ficam menos evidentes na corrida com esse tipo de pista, por isso fiquei muito mais contente com o equil\u00edbrio nesta manh\u00e3. Estou realmente confuso agora, depois da classifica\u00e7\u00e3o, porque a sensa\u00e7\u00e3o era muito melhor e estava um pouco mais feliz com o carro em compara\u00e7\u00e3o com ontem e at\u00e9 mesmo com esta manh\u00e3. Senti que estava mais confiante, mas foi ainda mais dif\u00edcil conseguir um bom tempo de volta. Tive mais dificuldade para extrair o desempenho do carro, ent\u00e3o a situa\u00e7\u00e3o \u00e9 bem confusa. Ainda assim, faremos o melhor amanh\u00e3.\u201d<\/p>\n\n\n\n<figure class=\"wp-block-image size-large\"><img loading=\"lazy\" decoding=\"async\" width=\"1024\" height=\"576\" src=\"https:\/\/grandepremio.com\/br\/wp-content\/uploads\/2026\/08\/f1-2026-paises-baixos-treino-livre-cadillac-sergio-perez-01-1024x576.jpg\" alt=\"F1 2026, PAISES BAIXOS, TREINO LIVRE, CADILLAC, SERGIO P\u00c9REZ\" class=\"wp-image-1020312345\" srcset=\"https:\/\/grandepremio.com\/wp-content\/uploads\/2026\/08\/f1-2026-paises-baixos-treino-livre-cadillac-sergio-perez-01-1024x576.jpg 1024w, https:\/\/grandepremio.com\/wp-content\/uploads\/2026\/08\/f1-2026-paises-baixos-treino-livre-cadillac-sergio-perez-01-300x169.jpg 300w, https:\/\/grandepremio.com\/wp-content\/uploads\/2026\/08\/f1-2026-paises-baixos-treino-livre-cadillac-sergio-perez-01-768x432.jpg 768w, https:\/\/grandepremio.com\/wp-content\/uploads\/2026\/08\/f1-2026-paises-baixos-treino-livre-cadillac-sergio-perez-01-1536x864.jpg 1536w, https:\/\/grandepremio.com\/wp-content\/uploads\/2026\/08\/f1-2026-paises-baixos-treino-livre-cadillac-sergio-perez-01-1200x675.jpg 1200w, https:\/\/grandepremio.com\/wp-content\/uploads\/2026\/08\/f1-2026-paises-baixos-treino-livre-cadillac-sergio-perez-01-150x84.jpg 150w, https:\/\/grandepremio.com\/wp-content\/uploads\/2026\/08\/f1-2026-paises-baixos-treino-livre-cadillac-sergio-perez-01.jpg 1920w\" sizes=\"(max-width: 1024px) 100vw, 1024px\" \/><figcaption class=\"wp-element-caption\">Cadillac amarga fundo do grid em Zandvoort (Foto: Cadillac)<\/figcaption><\/figure>\n\n\n\n<p class=\"wp-block-paragraph\"><strong>Valtteri Bottas, 21\u00ba:<\/strong> \u201cNa corrida sprint, esper\u00e1vamos conseguir brigar com a Aston Martin, mas eles levaram vantagem. Vamos ver como estamos em termos de ritmo de corrida para amanh\u00e3, numa dist\u00e2ncia maior, mas esperamos conseguir desafi\u00e1-los, e at\u00e9 mesmo a Williams. Quanto \u00e0 classifica\u00e7\u00e3o, nunca \u00e9 bom nos ver l\u00e1 atr\u00e1s, mas as diferen\u00e7as n\u00e3o s\u00e3o enormes. Por isso, continuaremos trabalhando passo a passo para melhorar o carro e dar o melhor amanh\u00e3.\u201d<\/p>\n\n\n\n<p class=\"wp-block-paragraph\"><strong>Sergio P\u00e9rez, 22\u00ba:<\/strong> \u201cTivemos um problema hidr\u00e1ulico esta manh\u00e3, mas a equipe fez um \u00f3timo trabalho para colocar o carro de volta na pista para a sprint, e conseguimos demonstrar um ritmo promissor. \u00c9 uma pena que tenhamos perdido um pouco de competitividade devido \u00e0s altera\u00e7\u00f5es que fizemos \u2014 sendo que, antes delas, consegu\u00edamos extrair muito do carro. Teremos de ver o que podemos fazer amanh\u00e3, mas o ritmo que mostramos hoje nos deixa otimistas. Marcin ainda est\u00e1 no in\u00edcio da trajet\u00f3ria na equipe, mas ele traz muita experi\u00eancia e uma lideran\u00e7a s\u00f3lida. Por isso, estou confiante de que nos ajudar\u00e1 a avan\u00e7ar na dire\u00e7\u00e3o certa ao longo das pr\u00f3ximas etapas.\u201d<\/p>\n\n\n\n<p class=\"wp-block-paragraph\"><\/p>\n","protected":false},"excerpt":{"rendered":"<p>Lando Norris conquistou a pole-position do GP dos Pa\u00edses Baixos e segurou George Russell e Andrea Kimi Antonelli, que completaram o top-3 do Q3 em Zandvoort. Gabriel Bortoleto ficou dentro do top-10 mais uma vez<\/p>\n","protected":false},"author":20,"featured_media":1020312416,"comment_status":"closed","ping_status":"closed","sticky":false,"template":"","format":"standard","meta":{"42wp_featured_image_caption":"Lando Norris cravou a pole em Zandvoort","42wp_featured_image_credits":"McLaren","42wp_featured_video":"","42wp_featured_image_hidden":false,"42wp_authors_list":[{"id":47162,"location":"de Vinhedo"}],"footnotes":""},"categories":[2],"tags":[29126,547,90,510],"42wp_author":[47162],"class_list":["post-162412","post","type-post","status-publish","format-standard","has-post-thumbnail","hentry","category-f1","tag-gp-dos-paises-baixos","tag-lando-norris","tag-mclaren","tag-pole","42wp_author-giovani-danjo"],"_links":{"self":[{"href":"https:\/\/grandepremio.com\/br\/wp-json\/wp\/v2\/posts\/162412","targetHints":{"allow":["GET"]}}],"collection":[{"href":"https:\/\/grandepremio.com\/br\/wp-json\/wp\/v2\/posts"}],"about":[{"href":"https:\/\/grandepremio.com\/br\/wp-json\/wp\/v2\/types\/post"}],"author":[{"embeddable":true,"href":"https:\/\/grandepremio.com\/br\/wp-json\/wp\/v2\/users\/20"}],"replies":[{"embeddable":true,"href":"https:\/\/grandepremio.com\/br\/wp-json\/wp\/v2\/comments?post=162412"}],"version-history":[{"count":11,"href":"https:\/\/grandepremio.com\/br\/wp-json\/wp\/v2\/posts\/162412\/revisions"}],"predecessor-version":[{"id":162428,"href":"https:\/\/grandepremio.com\/br\/wp-json\/wp\/v2\/posts\/162412\/revisions\/162428"}],"wp:featuredmedia":[{"embeddable":true,"href":"https:\/\/grandepremio.com\/br\/wp-json\/wp\/v2\/media\/1020312416"}],"wp:attachment":[{"href":"https:\/\/grandepremio.com\/br\/wp-json\/wp\/v2\/media?parent=162412"}],"wp:term":[{"taxonomy":"category","embeddable":true,"href":"https:\/\/grandepremio.com\/br\/wp-json\/wp\/v2\/categories?post=162412"},{"taxonomy":"post_tag","embeddable":true,"href":"https:\/\/grandepremio.com\/br\/wp-json\/wp\/v2\/tags?post=162412"},{"taxonomy":"42wp_author","embeddable":true,"href":"https:\/\/grandepremio.com\/br\/wp-json\/wp\/v2\/42wp_author?post=162412"}],"curies":[{"name":"wp","href":"https:\/\/api.w.org\/{rel}","templated":true}]}}