{"id":162429,"date":"2026-08-22T17:47:14","date_gmt":"2026-08-22T20:47:14","guid":{"rendered":"https:\/\/grandepremio.com\/br\/?p=162429"},"modified":"2026-08-22T17:59:19","modified_gmt":"2026-08-22T20:59:19","slug":"kasper-schormans-bate-borys-lyzen-vence-corrida-1-etapa-jarama-f4-espanhola","status":"publish","type":"post","link":"https:\/\/grandepremio.com\/br\/f4\/kasper-schormans-bate-borys-lyzen-vence-corrida-1-etapa-jarama-f4-espanhola\/","title":{"rendered":"Schormans bate Lyzen e vence corrida 1 da etapa de Jarama da F4 Espanhola"},"content":{"rendered":"\n<p class=\"wp-block-paragraph\">Depois de incont\u00e1veis toques, acidentes e paralisa\u00e7\u00f5es, <strong>Kasper Schormans levou a melhor e venceu a corrida 1 da F4 Espanhola em Jarama<\/strong>, que recebe a quarta rodada da temporada 2026. O jovem piloto neerland\u00eas largou do segundo posto e permaneceu por l\u00e1 durante boa parte dos 30 min de corrida, mas <strong>assumiu a dianteira j\u00e1 na parte final da prova<\/strong>.<\/p>\n\n\n\n<p class=\"wp-block-paragraph\">Depois da terceira entrada do safety-car, <strong>Schormans atacou Borys Lyzen, o l\u00edder e pole-position, e tomou a dianteira da corrida<\/strong>. Pouco depois, mais um acidente paralisou a prova novamente com pouco mais de 6 min para a bandeira quadriculada. At\u00e9 o final, o <strong>neerland\u00eas segurou Lyzen sem sustos<\/strong>, j\u00e1 que n\u00e3o deu tempo da bandeira verde ser acionada de novo. <\/p>\n\n\n\n<figure class=\"wp-block-image size-large\"><img loading=\"lazy\" decoding=\"async\" width=\"1024\" height=\"683\" src=\"https:\/\/grandepremio.com\/br\/wp-content\/uploads\/2026\/08\/KASPER-SCHORMANS-F4-ESPANHOLA-2026-2-1024x683.png\" alt=\"\" class=\"wp-image-1020312679\" srcset=\"https:\/\/grandepremio.com\/wp-content\/uploads\/2026\/08\/KASPER-SCHORMANS-F4-ESPANHOLA-2026-2-1024x683.png 1024w, https:\/\/grandepremio.com\/wp-content\/uploads\/2026\/08\/KASPER-SCHORMANS-F4-ESPANHOLA-2026-2-300x200.png 300w, https:\/\/grandepremio.com\/wp-content\/uploads\/2026\/08\/KASPER-SCHORMANS-F4-ESPANHOLA-2026-2-768x512.png 768w, https:\/\/grandepremio.com\/wp-content\/uploads\/2026\/08\/KASPER-SCHORMANS-F4-ESPANHOLA-2026-2-1536x1024.png 1536w, https:\/\/grandepremio.com\/wp-content\/uploads\/2026\/08\/KASPER-SCHORMANS-F4-ESPANHOLA-2026-2-150x100.png 150w, https:\/\/grandepremio.com\/wp-content\/uploads\/2026\/08\/KASPER-SCHORMANS-F4-ESPANHOLA-2026-2.png 1890w\" sizes=\"(max-width: 1024px) 100vw, 1024px\" \/><figcaption class=\"wp-element-caption\">Kasper Schormans venceu a corrida 1 em Jarama (Foto: MP Motorsport)<\/figcaption><\/figure>\n\n\n\n<p class=\"wp-block-paragraph\">Antes da paralisa\u00e7\u00e3o final, o <strong>safety-car j\u00e1 havia entrada em outras tr\u00eas oportunidades<\/strong>. Logo na largada, <strong>Max Mokarem ficou parado no grid<\/strong> e for\u00e7ou a primeira interrup\u00e7\u00e3o da corrida. Depois, <strong>Louis Cochet bateu<\/strong> e for\u00e7ou a segunda bandeira amarela do dia, que foi logo seguida pela terceira, provocada por uma <strong>quebra de Alfons Miettinen<\/strong>.<\/p>\n\n\n\n<p class=\"wp-block-paragraph\">No final, <strong>Jacob Micallef completou o top-3<\/strong> depois de 17 voltas disputadas, seguido por <strong>Andrej Petrovi\u0107 e Elliot Kaczynski<\/strong>. <strong>Rocco Coronel ficou em sexto<\/strong>, com <strong>Vivek Kanthan logo atr\u00e1s<\/strong>. <strong>Miki Blascos, Fausto Arnaudo e Nacho Tu\u00f1\u00f3n completaram o top-10 <\/strong>neste s\u00e1bado (22). <\/p>\n\n\n\n<p class=\"wp-block-paragraph\">A F4 Espanhola volta \u00e0s pistas para fechar a etapa de Jarama neste domingo (23). A corrida 2 ter\u00e1 in\u00edcio \u00e0s 6h50 (hor\u00e1rio de Bras\u00edlia, GMT-3), enquanto a corrida 3 encerra o fim de semana a partir das 9h20. <\/p>\n","protected":false},"excerpt":{"rendered":"<p>Kasper Schormans largou da segunda posi\u00e7\u00e3o, mas tomou a ponta de Borys Lyzen na reta final, com pouco mais de 6 min para o fim da acidentada prova em Jarama<\/p>\n","protected":false},"author":20,"featured_media":1020312678,"comment_status":"closed","ping_status":"closed","sticky":false,"template":"","format":"standard","meta":{"42wp_featured_image_caption":"Kasper Schormans","42wp_featured_image_credits":"MP Motorsport","42wp_featured_video":"","42wp_featured_image_hidden":false,"42wp_authors_list":[{"id":47162,"location":"de Vinhedo"}],"footnotes":""},"categories":[47],"tags":[],"42wp_author":[47162],"class_list":["post-162429","post","type-post","status-publish","format-standard","has-post-thumbnail","hentry","category-f4","42wp_author-giovani-danjo"],"_links":{"self":[{"href":"https:\/\/grandepremio.com\/br\/wp-json\/wp\/v2\/posts\/162429","targetHints":{"allow":["GET"]}}],"collection":[{"href":"https:\/\/grandepremio.com\/br\/wp-json\/wp\/v2\/posts"}],"about":[{"href":"https:\/\/grandepremio.com\/br\/wp-json\/wp\/v2\/types\/post"}],"author":[{"embeddable":true,"href":"https:\/\/grandepremio.com\/br\/wp-json\/wp\/v2\/users\/20"}],"replies":[{"embeddable":true,"href":"https:\/\/grandepremio.com\/br\/wp-json\/wp\/v2\/comments?post=162429"}],"version-history":[{"count":6,"href":"https:\/\/grandepremio.com\/br\/wp-json\/wp\/v2\/posts\/162429\/revisions"}],"predecessor-version":[{"id":162443,"href":"https:\/\/grandepremio.com\/br\/wp-json\/wp\/v2\/posts\/162429\/revisions\/162443"}],"wp:featuredmedia":[{"embeddable":true,"href":"https:\/\/grandepremio.com\/br\/wp-json\/wp\/v2\/media\/1020312678"}],"wp:attachment":[{"href":"https:\/\/grandepremio.com\/br\/wp-json\/wp\/v2\/media?parent=162429"}],"wp:term":[{"taxonomy":"category","embeddable":true,"href":"https:\/\/grandepremio.com\/br\/wp-json\/wp\/v2\/categories?post=162429"},{"taxonomy":"post_tag","embeddable":true,"href":"https:\/\/grandepremio.com\/br\/wp-json\/wp\/v2\/tags?post=162429"},{"taxonomy":"42wp_author","embeddable":true,"href":"https:\/\/grandepremio.com\/br\/wp-json\/wp\/v2\/42wp_author?post=162429"}],"curies":[{"name":"wp","href":"https:\/\/api.w.org\/{rel}","templated":true}]}}