{"id":162508,"date":"2026-08-22T21:21:18","date_gmt":"2026-08-23T00:21:18","guid":{"rendered":"https:\/\/grandepremio.com\/br\/?p=162508"},"modified":"2026-08-22T21:28:48","modified_gmt":"2026-08-23T00:28:48","slug":"kyle-kirkwood-ve-alex-palou-fazer-grid-indy-bobo-classificacao-gp-washington","status":"publish","type":"post","link":"https:\/\/grandepremio.com\/br\/indy\/kyle-kirkwood-ve-alex-palou-fazer-grid-indy-bobo-classificacao-gp-washington\/","title":{"rendered":"Kirkwood v\u00ea Palou &#8220;fazer grid da Indy de bobo&#8221; na classifica\u00e7\u00e3o do GP de Washington"},"content":{"rendered":"\n<p class=\"wp-block-paragraph\">Kyle Kirkwood mostrou for\u00e7a em Washington, mas foi derrotado por \u00c1lex Palou na \u00faltima fase da classifica\u00e7\u00e3o deste s\u00e1bado (22) e ficou com o segundo lugar. <strong>O estadunidense admitiu que o espanhol \u00e9 uma lenda e fez o grid da Indy parecer bobo<\/strong>. O piloto do #27 ressaltou que o carro da Andretti esteve &#8220;perfeito&#8221; durante o fim de semana e pensou que tinha feito uma volta espetacular at\u00e9 ser superado pelo rival.<\/p>\n\n\n\n<p class=\"wp-block-paragraph\">Kirkwood liderou o primeiro treino livre e as duas primeiras partes da classifica\u00e7\u00e3o, estabelecendo-se como o grande advers\u00e1rio de Palou na sess\u00e3o que define o grid de largada. O piloto da Andretti teve a chance de ir \u00e0 pista antes dos rivais no Fast 6, que \u00e9 decidido somente com uma \u00fanica volta r\u00e1pida, e marcou 57s466. O problema \u00e9 que o espanhol anotou 56s899 e ficou 0s567 \u00e0 frente.<\/p>\n\n\n\n<figure class=\"wp-block-embed is-type-video is-provider-youtube wp-block-embed-youtube wp-embed-aspect-16-9 wp-has-aspect-ratio\"><div class=\"wp-block-embed__wrapper\">\n<iframe loading=\"lazy\" title=\"COLLET, SCHUMACHER, TSUNODA: SILLY SEASON PEGA FOGO NA INDY | Sprint GP\" width=\"500\" height=\"281\" src=\"https:\/\/www.youtube.com\/embed\/myLuk56Tr5s?feature=oembed\" frameborder=\"0\" allow=\"accelerometer; autoplay; clipboard-write; encrypted-media; gyroscope; picture-in-picture; web-share\" referrerpolicy=\"strict-origin-when-cross-origin\" allowfullscreen><\/iframe>\n<\/div><\/figure>\n\n\n\n<p class=\"wp-block-paragraph\">O estadunidense destacou que liderou as fases iniciais da classifica\u00e7\u00e3o e reconheceu que o rival \u00e9 uma lenda e que fez o grid todo da Indy parecer bobo, j\u00e1 que conseguiu ser ainda mais r\u00e1pido na tentativa \u00fanica de volta r\u00e1pida.<\/p>\n\n\n\n<p class=\"wp-block-paragraph\">&#8220;Ao longo da classifica\u00e7\u00e3o, liderei tanto no primeiro grupo quanto no segundo, e a\u00ed na \u00faltima parte, Palou, que \u00e9 simplesmente uma lenda, anda mais r\u00e1pido com uma volta do que em todo o resto da sess\u00e3o. Ent\u00e3o sim, ele fez o grid da Indy parecer bobo&#8221;, admitiu Kirkwood.<\/p>\n\n\n\n<figure class=\"wp-block-image size-large\"><img loading=\"lazy\" decoding=\"async\" width=\"1024\" height=\"683\" src=\"https:\/\/grandepremio.com\/br\/wp-content\/uploads\/2026\/08\/Freedom-250-Grand-Prix-of-Washington_-D_C_-Saturday_-August-22_-2026_Large-Image-Without-Watermark_m163391-1024x683.jpg\" alt=\"\" class=\"wp-image-1020312567\" srcset=\"https:\/\/grandepremio.com\/wp-content\/uploads\/2026\/08\/Freedom-250-Grand-Prix-of-Washington_-D_C_-Saturday_-August-22_-2026_Large-Image-Without-Watermark_m163391-1024x683.jpg 1024w, https:\/\/grandepremio.com\/wp-content\/uploads\/2026\/08\/Freedom-250-Grand-Prix-of-Washington_-D_C_-Saturday_-August-22_-2026_Large-Image-Without-Watermark_m163391-300x200.jpg 300w, https:\/\/grandepremio.com\/wp-content\/uploads\/2026\/08\/Freedom-250-Grand-Prix-of-Washington_-D_C_-Saturday_-August-22_-2026_Large-Image-Without-Watermark_m163391-768x512.jpg 768w, https:\/\/grandepremio.com\/wp-content\/uploads\/2026\/08\/Freedom-250-Grand-Prix-of-Washington_-D_C_-Saturday_-August-22_-2026_Large-Image-Without-Watermark_m163391-1536x1024.jpg 1536w, https:\/\/grandepremio.com\/wp-content\/uploads\/2026\/08\/Freedom-250-Grand-Prix-of-Washington_-D_C_-Saturday_-August-22_-2026_Large-Image-Without-Watermark_m163391-2048x1365.jpg 2048w, https:\/\/grandepremio.com\/wp-content\/uploads\/2026\/08\/Freedom-250-Grand-Prix-of-Washington_-D_C_-Saturday_-August-22_-2026_Large-Image-Without-Watermark_m163391-150x100.jpg 150w\" sizes=\"(max-width: 1024px) 100vw, 1024px\" \/><figcaption class=\"wp-element-caption\">Kyle Kirkwood teve de se contentar com o segundo lugar na classifica\u00e7\u00e3o do GP de Washington (Foto: IndyCar)<\/figcaption><\/figure>\n\n\n\n<p class=\"wp-block-paragraph\">&#8220;Mas vou te dizer uma coisa, n\u00e3o foi t\u00e3o f\u00e1cil. Achei que tinha feito uma volta espetacular e ele ficou cerca de 0s6 \u00e0 frente, ent\u00e3o tiro o chap\u00e9u para eles. Mas teremos uma disputa dura amanh\u00e3&#8221;, salientou.<\/p>\n\n\n\n<p class=\"wp-block-paragraph\">Kirkwood tamb\u00e9m justificou a escolha de ir para a pista antes dos rivais na fase final da classifica\u00e7\u00e3o e enfatizou que teria mais tempo para aquecer os pneus. Al\u00e9m disso, enalteceu o comportamento do carro ao longo de todo o fim de semana.<\/p>\n\n\n\n<p class=\"wp-block-paragraph\">&#8220;Quanto mais cedo voc\u00ea vai, mais temperatura consegue colocar nos pneus. Mas devo dizer que o Honda #27 esteve perfeito o fim de semana todo. Ficamos em primeiro ou segundo em todas as sess\u00f5es este fim de semana, ent\u00e3o estou muito animado por pilotar este carro por essas ruas incr\u00edveis com esses f\u00e3s incr\u00edveis aqui&#8221;, concluiu.<\/p>\n\n\n\n<p class=\"wp-block-paragraph\">A Indy volta neste domingo (23) com o GP de Washington, a 15\u00aa de 18 etapas da temporada 2026, marcado para as 14h (de Bras\u00edlia, GMT -3), com cobertura completa do&nbsp;<strong>GRANDE PR\u00caMIO<\/strong>.<\/p>\n\n\n\n<h2 class=\"wp-block-heading\">GP de Washington da Indy: veja os hor\u00e1rios em Brasil, Cabo Verde,&nbsp;<a href=\"https:\/\/grandepremio.pt\/\" target=\"_blank\" rel=\"noopener\"><strong>Portugal<\/strong><\/a>, Angola e Mo\u00e7ambique:<\/h2>\n\n\n\n<h3 class=\"wp-block-heading\">Hor\u00e1rios no Brasil*<\/h3>\n\n\n\n<ul class=\"wp-block-list\">\n<li><strong>Warm-up&nbsp;(23\/08): 10:00<\/strong><\/li>\n\n\n\n<li><strong>Corrida (23\/08): 14:00<\/strong><\/li>\n<\/ul>\n\n\n\n<h3 class=\"wp-block-heading\">Hor\u00e1rios em Portugal e Angola<\/h3>\n\n\n\n<ul class=\"wp-block-list\">\n<li><strong>Warm-up&nbsp;(23\/08): 14:00<\/strong><\/li>\n\n\n\n<li><strong>Corrida (23\/08): 18:00<\/strong><\/li>\n<\/ul>\n\n\n\n<h3 class=\"wp-block-heading\">Hor\u00e1rios em Cabo Verde<\/h3>\n\n\n\n<ul class=\"wp-block-list\">\n<li><strong>Warm-up&nbsp;(23\/08): 12:00<\/strong><\/li>\n\n\n\n<li><strong>Corrida (23\/08): 16:00<\/strong><\/li>\n<\/ul>\n\n\n\n<h3 class=\"wp-block-heading\"><strong>Hor\u00e1rios em Mo\u00e7ambique<\/strong><\/h3>\n\n\n\n<ul class=\"wp-block-list\">\n<li><strong>Warm-up&nbsp;(23\/08): 13:00<\/strong><\/li>\n\n\n\n<li><strong>Corrida (23\/08): 17:00<\/strong><\/li>\n<\/ul>\n\n\n\n<p class=\"wp-block-paragraph\"><em>*Hor\u00e1rio de Bras\u00edlia<\/em><\/p>\n\n\n\n<p class=\"wp-block-paragraph\"><\/p>\n","protected":false},"excerpt":{"rendered":"<p>Segundo colocado na classifica\u00e7\u00e3o do GP de Washington, Kyle Kirkwood chamou \u00c1lex Palou de &#8220;lenda&#8221; e admitiu que o espanhol fez o grid da Indy parecer bobo, j\u00e1 que conseguiu ser ainda mais r\u00e1pido na \u00fanica tentativa de cravar a pole-position<\/p>\n","protected":false},"author":21,"featured_media":1020312686,"comment_status":"closed","ping_status":"closed","sticky":false,"template":"","format":"standard","meta":{"42wp_featured_image_caption":"Kyle Kirkwood admitiu que \u00c1lex Palou fez grid da Indy parecer bobo","42wp_featured_image_credits":"IndyCar","42wp_featured_video":"","42wp_featured_image_hidden":false,"42wp_authors_list":[{"id":47163,"location":"do Rio de Janeiro"}],"footnotes":""},"categories":[3],"tags":[417,45771,791],"42wp_author":[47163],"class_list":["post-162508","post","type-post","status-publish","format-standard","has-post-thumbnail","hentry","category-indy","tag-andretti","tag-gp-de-washington","tag-kyle-kirkwood","42wp_author-caio-cavalcante"],"_links":{"self":[{"href":"https:\/\/grandepremio.com\/br\/wp-json\/wp\/v2\/posts\/162508","targetHints":{"allow":["GET"]}}],"collection":[{"href":"https:\/\/grandepremio.com\/br\/wp-json\/wp\/v2\/posts"}],"about":[{"href":"https:\/\/grandepremio.com\/br\/wp-json\/wp\/v2\/types\/post"}],"author":[{"embeddable":true,"href":"https:\/\/grandepremio.com\/br\/wp-json\/wp\/v2\/users\/21"}],"replies":[{"embeddable":true,"href":"https:\/\/grandepremio.com\/br\/wp-json\/wp\/v2\/comments?post=162508"}],"version-history":[{"count":4,"href":"https:\/\/grandepremio.com\/br\/wp-json\/wp\/v2\/posts\/162508\/revisions"}],"predecessor-version":[{"id":162518,"href":"https:\/\/grandepremio.com\/br\/wp-json\/wp\/v2\/posts\/162508\/revisions\/162518"}],"wp:featuredmedia":[{"embeddable":true,"href":"https:\/\/grandepremio.com\/br\/wp-json\/wp\/v2\/media\/1020312686"}],"wp:attachment":[{"href":"https:\/\/grandepremio.com\/br\/wp-json\/wp\/v2\/media?parent=162508"}],"wp:term":[{"taxonomy":"category","embeddable":true,"href":"https:\/\/grandepremio.com\/br\/wp-json\/wp\/v2\/categories?post=162508"},{"taxonomy":"post_tag","embeddable":true,"href":"https:\/\/grandepremio.com\/br\/wp-json\/wp\/v2\/tags?post=162508"},{"taxonomy":"42wp_author","embeddable":true,"href":"https:\/\/grandepremio.com\/br\/wp-json\/wp\/v2\/42wp_author?post=162508"}],"curies":[{"name":"wp","href":"https:\/\/api.w.org\/{rel}","templated":true}]}}