{"id":162521,"date":"2026-08-23T07:55:06","date_gmt":"2026-08-23T10:55:06","guid":{"rendered":"https:\/\/grandepremio.com\/br\/?p=162521"},"modified":"2026-08-23T07:55:07","modified_gmt":"2026-08-23T10:55:07","slug":"f1-realiza-gp-dos-paises-baixos-domingo-alta-nebulosidade-zandvoort","status":"publish","type":"post","link":"https:\/\/grandepremio.com\/br\/f1\/f1-realiza-gp-dos-paises-baixos-domingo-alta-nebulosidade-zandvoort\/","title":{"rendered":"F1 realiza GP dos Pa\u00edses Baixos em domingo de alta nebulosidade em Zandvoort"},"content":{"rendered":"\n<p class=\"wp-block-paragraph\">O clima incerto visto no in\u00edcio da semana persistir\u00e1 neste domingo (23) durante o GP dos Pa\u00edses Baixos, mas a amea\u00e7a de chuva reduziu bastante comparada ao que se teve na sexta-feira e no s\u00e1bado. A previs\u00e3o do tempo indica chance menor que 10% durante a corrida, apesar das nuvens densas cobrindo cerca de 70% do c\u00e9u.<\/p>\n\n\n\n<p class=\"wp-block-paragraph\">A largada est\u00e1 prevista para as 15h locais (10h em Bras\u00edlia, GMT-3), e os term\u00f4metros apontam 19\u00b0C de temperatura ambiente, com a sensa\u00e7\u00e3o t\u00e9rmica ligeiramente menor, em 18\u00b0C, e umidade relativa do ar em 59%. <\/p>\n\n\n\n<figure class=\"wp-block-embed is-type-video is-provider-youtube wp-block-embed-youtube wp-embed-aspect-16-9 wp-has-aspect-ratio\"><div class=\"wp-block-embed__wrapper\">\n<iframe loading=\"lazy\" title=\"\ud83d\udd34  F1 2026 AO VIVO! NORRIS APAVORA MERCEDES: VAI TER BRIGA NOS PA\u00cdSES BAIXOS? [Briefing + narra\u00e7\u00e3o]\" width=\"500\" height=\"281\" src=\"https:\/\/www.youtube.com\/embed\/61gSlMNgr4U?feature=oembed\" frameborder=\"0\" allow=\"accelerometer; autoplay; clipboard-write; encrypted-media; gyroscope; picture-in-picture; web-share\" referrerpolicy=\"strict-origin-when-cross-origin\" allowfullscreen><\/iframe>\n<\/div><\/figure>\n\n\n\n<p class=\"wp-block-paragraph\">J\u00e1 os ventos, sempre um ponto de aten\u00e7\u00e3o dada a proximidade da pista com o Mar do Norte, sopram a 22 km\/ha norte-noroeste, com rajadas de at\u00e9 35 km\/h.<\/p>\n\n\n\n<p class=\"wp-block-paragraph\">As condi\u00e7\u00f5es se mant\u00eam ao longo da prova, apenas com uma leve altera\u00e7\u00e3o nos ventos, com a velocidade m\u00e9dia subindo para 26 km\/h, e na quantidade de nuvens no c\u00e9u. Conforme a tarde avan\u00e7a, a tend\u00eancia \u00e9 o sol ganhar mais for\u00e7a, ajudando a dissipar as nuvens.<\/p>\n\n\n\n<p class=\"wp-block-paragraph\">As informa\u00e7\u00f5es s\u00e3o do servi\u00e7o de meteorologia <em>AccuWeather<\/em>. <a href=\"https:\/\/grandepremio.com\/br\/f1\/lando-norris-da-troco-george-russell-conquista-pole-gp-dos-paises-baixos-gabriel-bortoleto-9o\/\">Lando Norris larga na pole-position<\/a>, com George Russell, <a href=\"https:\/\/grandepremio.com\/br\/f1\/george-russell-domina-rivais-vence-monotona-sprint-gp-dos-paises-baixos-gabriel-bortoleto-9\/\">o vencedor da corrida sprint<\/a>, ao lado na primeira fila. L\u00edder do Mundial, Andrea Kimi Antonelli \u00e9 o terceiro, enquanto o brasileiro Gabriel Bortoleto parte da nona posi\u00e7\u00e3o.<\/p>\n\n\n\n<figure class=\"wp-block-image size-large\"><img loading=\"lazy\" decoding=\"async\" width=\"1024\" height=\"768\" src=\"https:\/\/grandepremio.com\/br\/wp-content\/uploads\/2026\/08\/Ceu-em-Zandvoort-domingo-F1-20262-1024x768.jpg\" alt=\"\" class=\"wp-image-1020312688\" srcset=\"https:\/\/grandepremio.com\/wp-content\/uploads\/2026\/08\/Ceu-em-Zandvoort-domingo-F1-20262-1024x768.jpg 1024w, https:\/\/grandepremio.com\/wp-content\/uploads\/2026\/08\/Ceu-em-Zandvoort-domingo-F1-20262-300x225.jpg 300w, https:\/\/grandepremio.com\/wp-content\/uploads\/2026\/08\/Ceu-em-Zandvoort-domingo-F1-20262-768x576.jpg 768w, https:\/\/grandepremio.com\/wp-content\/uploads\/2026\/08\/Ceu-em-Zandvoort-domingo-F1-20262-1536x1152.jpg 1536w, https:\/\/grandepremio.com\/wp-content\/uploads\/2026\/08\/Ceu-em-Zandvoort-domingo-F1-20262-1200x900.jpg 1200w, https:\/\/grandepremio.com\/wp-content\/uploads\/2026\/08\/Ceu-em-Zandvoort-domingo-F1-20262-150x113.jpg 150w, https:\/\/grandepremio.com\/wp-content\/uploads\/2026\/08\/Ceu-em-Zandvoort-domingo-F1-20262.jpg 1600w\" sizes=\"(max-width: 1024px) 100vw, 1024px\" \/><figcaption class=\"wp-element-caption\">C\u00e9u em Zandvoort, domingo (Foto: Jamile Racanicci\/Grande Pr\u00eamio)<\/figcaption><\/figure>\n\n\n\n<p class=\"wp-block-paragraph\">O\u00a0<strong>GRANDE PR\u00caMIO<\/strong>\u00a0acompanha todas as atividades do GP dos Pa\u00edses Baixos, 12\u00aa etapa da temporada 2026,\u00a0<a href=\"https:\/\/www.grandepremio.com\/br\/ao-vivo\/f1\/\"><strong>AO VIVO E EM\u00a0<\/strong><\/a><strong><a href=\"https:\/\/www.grandepremio.com\/br\/ao-vivo\/\" target=\"_blank\" rel=\"noopener\">TEMPO REAL<\/a><\/strong>,\u00a0<a href=\"https:\/\/www.youtube.com\/@GrandePremio1\/streams\">al\u00e9m de classifica\u00e7\u00f5es e corridas em\u00a0<strong>SEGUNDA TELA\u00a0<\/strong>no YouTube<\/a>, em parceria com a\u00a0<strong>Voz do Esporte<\/strong>. O\u00a0<strong>Briefing\u00a0<\/strong>chega para analisar ap\u00f3s o fim de cada dia de atividades nas redes sociais e na\u00a0<strong>GPTV<\/strong>. Al\u00e9m da cobertura completa, o\u00a0<strong>GRANDE PR\u00caMIO\u00a0<\/strong>est\u00e1 in loco com o rep\u00f3rter Leonid Kliuev.<\/p>\n\n\n\n<h2 class=\"wp-block-heading\">GP dos Pa\u00edses Baixos de F1: veja os hor\u00e1rios em Brasil, Cabo Verde,&nbsp;<a href=\"https:\/\/grandepremio.pt\/\" target=\"_blank\" rel=\"noopener\"><strong>Portugal<\/strong><\/a>, Angola e Mo\u00e7ambique:<\/h2>\n\n\n\n<h3 class=\"wp-block-heading\">Hor\u00e1rios no Brasil*<\/h3>\n\n\n\n<ul id=\"block-04b1bda2-db77-49b7-8a15-ab1e981bbd0f\" class=\"wp-block-list\">\n<li><strong>Corrida: 10:00<\/strong><\/li>\n<\/ul>\n\n\n\n<h3 class=\"wp-block-heading\">Hor\u00e1rios em Cabo Verde<\/h3>\n\n\n\n<ul id=\"block-7b9d835a-23af-4411-943e-453b4766e578\" class=\"wp-block-list\">\n<li><strong>Corrida: 12:00<\/strong><\/li>\n<\/ul>\n\n\n\n<h3 class=\"wp-block-heading\">Hor\u00e1rios em Portugal e Angola<\/h3>\n\n\n\n<ul id=\"block-e78d748e-6549-4a54-9e51-69367685663a\" class=\"wp-block-list\">\n<li><strong>Corrida: 14:00<\/strong><\/li>\n<\/ul>\n\n\n\n<h3 class=\"wp-block-heading\"><strong>Hor\u00e1rios em Mo\u00e7ambique<\/strong><\/h3>\n\n\n\n<ul id=\"block-bbaadcb9-d1e6-402a-b585-42debf37b024\" class=\"wp-block-list\">\n<li><strong>Corrida: 15:00<\/strong><\/li>\n<\/ul>\n\n\n\n<p class=\"wp-block-paragraph\"><em>*Hor\u00e1rio de Bras\u00edlia<\/em><\/p>\n","protected":false},"excerpt":{"rendered":"<p>Apesar das nuvens densas cobrindo o c\u00e9u, a chance de chuva para este domingo \u00e9 a menor vista no final de semana do GP dos Pa\u00edses Baixos<\/p>\n","protected":false},"author":4,"featured_media":1020312687,"comment_status":"closed","ping_status":"closed","sticky":false,"template":"","format":"standard","meta":{"42wp_featured_image_caption":"C\u00e9u em Zandvoort horas antes da largada","42wp_featured_image_credits":"Jamile Racanicci\/Grande Pr\u00eamio","42wp_featured_video":"","42wp_featured_image_hidden":false,"42wp_authors_list":[{"id":47147,"location":"de Duque de Caxias"}],"footnotes":""},"categories":[2],"tags":[29126,25333],"42wp_author":[47147],"class_list":["post-162521","post","type-post","status-publish","format-standard","has-post-thumbnail","hentry","category-f1","tag-gp-dos-paises-baixos","tag-previsao-do-tempo","42wp_author-luana-marino"],"_links":{"self":[{"href":"https:\/\/grandepremio.com\/br\/wp-json\/wp\/v2\/posts\/162521","targetHints":{"allow":["GET"]}}],"collection":[{"href":"https:\/\/grandepremio.com\/br\/wp-json\/wp\/v2\/posts"}],"about":[{"href":"https:\/\/grandepremio.com\/br\/wp-json\/wp\/v2\/types\/post"}],"author":[{"embeddable":true,"href":"https:\/\/grandepremio.com\/br\/wp-json\/wp\/v2\/users\/4"}],"replies":[{"embeddable":true,"href":"https:\/\/grandepremio.com\/br\/wp-json\/wp\/v2\/comments?post=162521"}],"version-history":[{"count":1,"href":"https:\/\/grandepremio.com\/br\/wp-json\/wp\/v2\/posts\/162521\/revisions"}],"predecessor-version":[{"id":162525,"href":"https:\/\/grandepremio.com\/br\/wp-json\/wp\/v2\/posts\/162521\/revisions\/162525"}],"wp:featuredmedia":[{"embeddable":true,"href":"https:\/\/grandepremio.com\/br\/wp-json\/wp\/v2\/media\/1020312687"}],"wp:attachment":[{"href":"https:\/\/grandepremio.com\/br\/wp-json\/wp\/v2\/media?parent=162521"}],"wp:term":[{"taxonomy":"category","embeddable":true,"href":"https:\/\/grandepremio.com\/br\/wp-json\/wp\/v2\/categories?post=162521"},{"taxonomy":"post_tag","embeddable":true,"href":"https:\/\/grandepremio.com\/br\/wp-json\/wp\/v2\/tags?post=162521"},{"taxonomy":"42wp_author","embeddable":true,"href":"https:\/\/grandepremio.com\/br\/wp-json\/wp\/v2\/42wp_author?post=162521"}],"curies":[{"name":"wp","href":"https:\/\/api.w.org\/{rel}","templated":true}]}}