{"id":162660,"date":"2026-08-23T13:51:49","date_gmt":"2026-08-23T16:51:49","guid":{"rendered":"https:\/\/grandepremio.com\/br\/?p=162660"},"modified":"2026-08-30T11:53:22","modified_gmt":"2026-08-30T14:53:22","slug":"lewis-hamilton-admite-dia-frustrante-com-4o-lugar-nos-paises-baixos-estou-aqui-para-vencer","status":"publish","type":"post","link":"https:\/\/grandepremio.com\/br\/f1\/lewis-hamilton-admite-dia-frustrante-com-4o-lugar-nos-paises-baixos-estou-aqui-para-vencer\/","title":{"rendered":"Hamilton admite &#8220;dia frustrante&#8221; com 4\u00ba lugar nos Pa\u00edses Baixos: &#8220;Estou aqui para vencer&#8221;"},"content":{"rendered":"\n<p class=\"wp-block-paragraph\"><strong>Lewis Hamilton<\/strong> bateu na trave na disputa pela vit\u00f3ria neste domingo (23) no GP dos <strong>Pa\u00edses Baixos<\/strong>. O piloto da <strong>Ferrari<\/strong> flertou com o triunfo ao longo de toda a prova, por\u00e9m, fechou em quarto lugar. Al\u00e9m disso, as brigas p\u00fablicas no r\u00e1dio com o engenheiro <strong>Carlo Santi<\/strong> chamaram a aten\u00e7\u00e3o em <strong>Zandvoort<\/strong>.<\/p>\n\n\n\n<p class=\"wp-block-paragraph\">O heptacampe\u00e3o pediu \u00e0 equipe que <strong>Charles Leclerc<\/strong> abrisse caminho. Por\u00e9m, o monegasco n\u00e3o cedeu a posi\u00e7\u00e3o, e a disputa entre os companheiros de equipe trouxe consequ\u00eancias negativas, com Lewis n\u00e3o conseguindo superar <strong>George Russell<\/strong> no fim da corrida.<\/p>\n\n\n\n<figure class=\"wp-block-embed is-type-video is-provider-youtube wp-block-embed-youtube wp-embed-aspect-16-9 wp-has-aspect-ratio\"><div class=\"wp-block-embed__wrapper\">\n<iframe loading=\"lazy\" title=\"\ud83d\udd34 NORRIS PASSA ANTONELLI E VENCE EM ZANDVOORT: CLASSIFICA\u00c7\u00c3O F1 2026 [narra\u00e7\u00e3o + Briefing]\" width=\"500\" height=\"281\" src=\"https:\/\/www.youtube.com\/embed\/61gSlMNgr4U?feature=oembed\" frameborder=\"0\" allow=\"accelerometer; autoplay; clipboard-write; encrypted-media; gyroscope; picture-in-picture; web-share\" referrerpolicy=\"strict-origin-when-cross-origin\" allowfullscreen><\/iframe>\n<\/div><\/figure>\n\n\n\n<p class=\"wp-block-paragraph\">&#8220;Dei absolutamente tudo de mim hoje, e digo uma coisa&#8230; foi uma disputa muito acirrada l\u00e1 na frente, uma batalha realmente dura, mas vou seguir em frente. Isso mostra que temos um carro muito bom e que estamos perto. No entanto, o dia foi frustrante para mim&#8221;, analisou.<\/p>\n\n\n\n<p class=\"wp-block-paragraph\">&#8220;O pessoal fez um trabalho fant\u00e1stico. Os pit-stops e a estrat\u00e9gia foram, no geral, muito bons. O carro estava excelente, e eles continuam trabalhando muito duro. Trouxemos algumas atualiza\u00e7\u00f5es para c\u00e1. Estamos progredindo aos poucos, passo a passo&#8221;.<\/p>\n\n\n\n<p class=\"wp-block-paragraph\">&#8220;Acho que a classifica\u00e7\u00e3o precisa melhorar um pouco, mas a <strong>Mercedes<\/strong> ganha 0s4 nas retas. \u00c9 muito dif\u00edcil recuperar isso nos outros trechos da pista. Nesta primeira metade da temporada, temos perdido de at\u00e9 0s5 nas retas, dependendo da pista, e \u00e9 uma desvantagem dif\u00edcil de compensar apenas nas curvas&#8221;.<\/p>\n\n\n\n<p class=\"wp-block-paragraph\">Sobre os conflitos com o engenheiro na corrida neerlandesa<a href=\"https:\/\/grandepremio.com\/br\/f1\/lewis-hamilton-rebate-ferrari-disputa-charles-leclerc-paises-baixos-custou-3o-lugar\/\"> e a op\u00e7\u00e3o por Leclerc n\u00e3o deix\u00e1-lo passar<\/a>, Hamilton seguiu com a insatisfa\u00e7\u00e3o. Admitiu que a sua estrat\u00e9gia era diferente, mas o tempo de execu\u00e7\u00e3o da equipe \u00e9 diferente das rivais. <\/p>\n\n\n\n<figure class=\"wp-block-video\"><video class=\"video-js vjs-big-play-centered\" data-gp-vjs=\"1\" controls src=\"https:\/\/grandepremio-portal.b-cdn.net\/2026\/08\/F1-2026-LEWIS-HAMILTON-RADIO-CHARLES-LECLERC-GP-DOS-PAISES-BAIXOS.mp4\"><\/video><figcaption class=\"wp-element-caption\">Lewis Hamilton se irritou com demora da Ferrari para parar Charles Leclerc (V\u00eddeo: Reprodu\u00e7\u00e3o\/DAZN)<\/figcaption><\/figure>\n\n\n\n<p class=\"wp-block-paragraph\">&#8220;Eu quero vencer, estou aqui para isso. E \u00e9 dif\u00edcil quando voc\u00ea olha para a frente e v\u00ea os dois pilotos da Mercedes, eles recebem a chamada e, imediatamente, j\u00e1 executam. Deixaram Kimi passar <a href=\"https:\/\/grandepremio.com\/br\/f1\/lando-norris-recupera-largada-ruim-vence-paises-baixos-max-verstappen-bate-forte\/\">e ele seguiu na disputa<\/a>&#8220;.<\/p>\n\n\n\n<p class=\"wp-block-paragraph\">\u201cEstava em uma estrat\u00e9gia diferente e n\u00e3o \u00e9 a mesma coisa aqui, isso \u00e9 um pouco dif\u00edcil. Mas vamos resolver isso offline, quando voltar agora vou falar com eles\u201d. Mesmo assim, Lewis n\u00e3o jogou a toalha pelo campeonato e acredita que o carro pode desenvolver ainda mais na sequ\u00eancia da temporada.<\/p>\n\n\n\n<p class=\"wp-block-paragraph\">&#8220;Se conseguirmos melhorar nossa unidade de pot\u00eancia e chegar um pouco mais perto deles \u2014 e confio na equipe para isso, pois est\u00e3o trabalhando o m\u00e1ximo poss\u00edvel \u2014, quem sabe possamos ficar ainda mais pr\u00f3ximos e at\u00e9 mesmo entrar na briga&#8221;, concluiu.<\/p>\n\n\n\n<p class=\"wp-block-paragraph\">A F\u00f3rmula 1 volta nos dias 4 a 6 de setembro em Monza, palco do GP da It\u00e1lia, 13\u00aa etapa da temporada 2026.<\/p>\n\n\n\n<p class=\"wp-block-paragraph\"><\/p>\n","protected":false},"excerpt":{"rendered":"<p>Lewis Hamilton foi um dos postulantes \u00e0 vit\u00f3ria em Zandvoort, mas ficou fora do p\u00f3dio. Os conflitos p\u00fablicos no r\u00e1dio com o engenheiro Carlo Santi foram uma atra\u00e7\u00e3o \u00e0 parte na corrida<\/p>\n","protected":false},"author":23,"featured_media":1020312742,"comment_status":"closed","ping_status":"closed","sticky":false,"template":"","format":"standard","meta":{"42wp_featured_image_caption":"Hamilton bateu na trave por p\u00f3dio em Zandvoort","42wp_featured_image_credits":"Ferrari","42wp_featured_video":"","42wp_featured_image_hidden":false,"42wp_authors_list":[{"id":47128,"location":"de Osasco"}],"footnotes":""},"categories":[2],"tags":[209,207,29126,87],"42wp_author":[47128],"class_list":["post-162660","post","type-post","status-publish","format-standard","has-post-thumbnail","hentry","category-f1","tag-charles-leclerc","tag-ferrari","tag-gp-dos-paises-baixos","tag-lewis-hamilton","42wp_author-guilherme-bloisi"],"_links":{"self":[{"href":"https:\/\/grandepremio.com\/br\/wp-json\/wp\/v2\/posts\/162660","targetHints":{"allow":["GET"]}}],"collection":[{"href":"https:\/\/grandepremio.com\/br\/wp-json\/wp\/v2\/posts"}],"about":[{"href":"https:\/\/grandepremio.com\/br\/wp-json\/wp\/v2\/types\/post"}],"author":[{"embeddable":true,"href":"https:\/\/grandepremio.com\/br\/wp-json\/wp\/v2\/users\/23"}],"replies":[{"embeddable":true,"href":"https:\/\/grandepremio.com\/br\/wp-json\/wp\/v2\/comments?post=162660"}],"version-history":[{"count":3,"href":"https:\/\/grandepremio.com\/br\/wp-json\/wp\/v2\/posts\/162660\/revisions"}],"predecessor-version":[{"id":162734,"href":"https:\/\/grandepremio.com\/br\/wp-json\/wp\/v2\/posts\/162660\/revisions\/162734"}],"wp:featuredmedia":[{"embeddable":true,"href":"https:\/\/grandepremio.com\/br\/wp-json\/wp\/v2\/media\/1020312742"}],"wp:attachment":[{"href":"https:\/\/grandepremio.com\/br\/wp-json\/wp\/v2\/media?parent=162660"}],"wp:term":[{"taxonomy":"category","embeddable":true,"href":"https:\/\/grandepremio.com\/br\/wp-json\/wp\/v2\/categories?post=162660"},{"taxonomy":"post_tag","embeddable":true,"href":"https:\/\/grandepremio.com\/br\/wp-json\/wp\/v2\/tags?post=162660"},{"taxonomy":"42wp_author","embeddable":true,"href":"https:\/\/grandepremio.com\/br\/wp-json\/wp\/v2\/42wp_author?post=162660"}],"curies":[{"name":"wp","href":"https:\/\/api.w.org\/{rel}","templated":true}]}}