{"id":16268,"date":"2025-10-16T10:51:23","date_gmt":"2025-10-16T13:51:23","guid":{"rendered":"https:\/\/grandepremio.com\/br\/noticias\/lola-yamaha-anuncia-volta-marta-garcia-formula-e-teste-pilotas-valencia\/"},"modified":"2025-10-19T15:53:18","modified_gmt":"2025-10-19T18:53:18","slug":"lola-yamaha-anuncia-volta-marta-garcia-formula-e-teste-pilotas-valencia","status":"publish","type":"post","link":"https:\/\/grandepremio.com\/br\/formula-e\/lola-yamaha-anuncia-volta-marta-garcia-formula-e-teste-pilotas-valencia\/","title":{"rendered":"Lola Yamaha anuncia volta de Marta Garc\u00eda \u00e0 F\u00f3rmula E para Teste de Pilotas em Val\u00eancia"},"content":{"rendered":"\n<p class=\"wp-block-paragraph\"><strong>Marta Garc\u00eda<\/strong> foi confirmada pela <strong>Lola Yamaha<\/strong> como participante do Teste de Pilotas da F\u00f3rmula E, que ser\u00e1 realizado em 30 de outubro, \u00faltimo dia da pr\u00e9-temporada, em Val\u00eancia. A espanhola voltar\u00e1 a guiar um carro da categoria ap\u00f3s j\u00e1 ter participado de outras duas sess\u00f5es oficiais da categoria el\u00e9trica.<\/p>\n\n\n\n<p class=\"wp-block-paragraph\">Garc\u00eda participou do Teste de Novatos em Berlim, em 2024, pela ent\u00e3o <strong>ERT<\/strong> (atual <strong>Cupra Kiro<\/strong>), quando ficou no 19\u00ba lugar. No ano passado, participou do primeiro Teste de Pilotas pela Porsche, terminando no 9\u00ba lugar. Agora, ela retorna com a <strong>Lola Yamaha<\/strong>.<\/p>\n\n\n\n<p class=\"wp-block-paragraph\">Campe\u00e3 da temporada inaugural da <strong>F1 Academy<\/strong> em 2023 pela <strong>Prema<\/strong>, Marta tem trajet\u00f3ria s\u00f3lida nas categorias de base. Ap\u00f3s o in\u00edcio no kartismo, passou pela F4 Espanhola em 2016 e integrou o programa de jovens pilotos da <strong>Renault<\/strong> no ano seguinte. Desde ent\u00e3o, se destacou em diferentes competi\u00e7\u00f5es e, atualmente, disputa a <strong>Le Mans Cup<\/strong>, com uma vit\u00f3ria e dois p\u00f3dios conquistados em 2025.<\/p>\n\n\n\n<p class=\"wp-block-paragraph\">\u201c\u00c9 \u00f3timo ter a chance de testar novamente na F\u00f3rmula E. Estou animada para trabalhar com a equipe e aprender com sua experi\u00eancia t\u00e9cnica. Cada quil\u00f4metro com esses carros \u00e9 uma oportunidade importante para evoluir\u201d, afirmou Marta.<\/p>\n\n\n\n<figure class=\"wp-block-image size-large\"><img decoding=\"async\" src=\"https:\/\/www.grandepremio.com\/br\/wp-content\/uploads\/2025\/10\/EPS1008_074301DSC_3407-2048x2048-1-1200x800.jpg\" alt=\"\" class=\"wp-image-1022685\"\/><figcaption class=\"wp-element-caption\">Marta Garcia participou do Teste de Novatos em 2024, pela ERT (Foto: F\u00f3rmula E)<\/figcaption><\/figure>\n\n\n\n<p class=\"wp-block-paragraph\">O diretor de automobilismo da <strong>Lola Cars<\/strong>, <strong>Mark Preston<\/strong>, destacou o valor da experi\u00eancia da pilota espanhola.<\/p>\n\n\n\n<p class=\"wp-block-paragraph\">\u201cO talento e a versatilidade da Marta falam por si. Ela ser\u00e1 uma contribui\u00e7\u00e3o importante para o desenvolvimento do nosso projeto antes do in\u00edcio da temporada\u201d, disse.<\/p>\n\n\n\n<p class=\"wp-block-paragraph\">O chefe da equipe, <strong>Fr\u00e9d\u00e9ric Espinos<\/strong>, refor\u00e7ou o papel do teste feminino no incentivo \u00e0 igualdade dentro do esporte.<\/p>\n\n\n\n<p class=\"wp-block-paragraph\">\u201cMarta \u00e9 uma das pilotos mais talentosas da atualidade, e essa sess\u00e3o ser\u00e1 uma \u00f3tima oportunidade para ela adquirir mais experi\u00eancia com os carros el\u00e9tricos e ajudar a equipe a evoluir\u201d, afirmou.<\/p>\n\n\n\n<p class=\"wp-block-paragraph\">O teste feminino da F\u00f3rmula E foi criado para ampliar a participa\u00e7\u00e3o de mulheres no automobilismo e, neste ano, ter\u00e1 tempo de pista dobrado em rela\u00e7\u00e3o \u00e0 edi\u00e7\u00e3o anterior, com at\u00e9 20 pilotas representando as dez equipes do grid.<\/p>\n\n\n\n<p class=\"wp-block-paragraph\">A&nbsp;<a href=\"https:\/\/www.grandepremio.com\/br\/formula-e\/\" target=\"_blank\" rel=\"noreferrer noopener\"><\/a><a href=\"https:\/\/www.grandepremio.com\/br\/formula-e\/\" target=\"_blank\" rel=\"noreferrer noopener\">F\u00f3rmula E<\/a>&nbsp;inicia as atividades para a edi\u00e7\u00e3o 2025\/26 entre os dias&nbsp;<strong>27 e 30 de outubro<\/strong>, com a pr\u00e9-temporada de&nbsp;<a href=\"https:\/\/es.grandepremio.com\/\" target=\"_blank\" rel=\"noreferrer noopener\">Val\u00eancia<\/a>. O Teste de Pilotas est\u00e1 marcado para&nbsp;<strong>30 de outubro<\/strong>. A primeira corrida do campeonato est\u00e1 programada para o dia<strong>&nbsp;6 de dezembro<\/strong>, no&nbsp;<strong>eP de&nbsp;<a href=\"https:\/\/www.grandepremio.com\/br\/circuito\/sao-paulo\/\" target=\"_blank\" rel=\"noreferrer noopener\"><\/a><a href=\"https:\/\/www.grandepremio.com\/br\/circuito\/sao-paulo\/\" target=\"_blank\" rel=\"noreferrer noopener\"><\/a><a href=\"https:\/\/www.grandepremio.com\/br\/circuito\/sao-paulo\/\" target=\"_blank\" rel=\"noreferrer noopener\">S\u00e3o Paulo<\/a><\/strong>.<\/p>\n\n\n\n<p class=\"wp-block-paragraph\">\u25b6\ufe0f&nbsp;<strong>Inscreva-se nos dois canais do GRANDE PR\u00caMIO no YouTube:&nbsp;<a href=\"https:\/\/www.youtube.com\/channel\/UC9OlHEgxoaY6QY6nWPoiqQg?sub_confirmation=1\" target=\"_blank\" rel=\"noreferrer noopener\">GP<\/a>&nbsp;|&nbsp;<a href=\"https:\/\/www.youtube.com\/channel\/UC9csiS6q_C3C0FYhyr1rnFA?sub_confirmation=1\" target=\"_blank\" rel=\"noreferrer noopener\">GP2<\/a><\/strong><\/p>\n\n\n\n<figure class=\"wp-block-embed is-type-video is-provider-youtube wp-block-embed-youtube wp-embed-aspect-16-9 wp-has-aspect-ratio\"><div class=\"wp-block-embed__wrapper\">\n<iframe loading=\"lazy\" title=\"DI GRASSI: \u201cQUANDO DIGO QUE BORTOLETO PODE SER PIOR EM 2026 \u00c9 POR ISSO\u2026&quot;\" width=\"500\" height=\"281\" src=\"https:\/\/www.youtube.com\/embed\/GE1q1l6XDRE?feature=oembed\" frameborder=\"0\" allow=\"accelerometer; autoplay; clipboard-write; encrypted-media; gyroscope; picture-in-picture; web-share\" referrerpolicy=\"strict-origin-when-cross-origin\" allowfullscreen><\/iframe>\n<\/div><\/figure>\n","protected":false},"excerpt":{"rendered":"<p>Campe\u00e3 da F1 Academy em 2023, Marta Garc\u00eda retorna \u00e0 F\u00f3rmula E e guiar\u00e1 pela Lola Yamaha no encerramento da pr\u00e9-temporada em Val\u00eancia<\/p>\n","protected":false},"author":0,"featured_media":1001022684,"comment_status":"closed","ping_status":"closed","sticky":false,"template":"","format":"standard","meta":{"42wp_featured_image_caption":"","42wp_featured_image_credits":"","42wp_featured_video":"","42wp_featured_image_hidden":false,"42wp_authors_list":[],"footnotes":""},"categories":[19],"tags":[28679,6853,840,38802,1491,28285,35442,39730,25446,36219,41542],"42wp_author":[47164],"class_list":["post-16268","post","type-post","status-publish","format-standard","has-post-thumbnail","hentry","category-formula-e","tag-calendario-formula-e","tag-classificacao-formula-e","tag-formula-e","tag-formula-e-2025","tag-grande-premio","tag-grandepremio","tag-horarios-formula-e","tag-lola-yamaha","tag-marta-garcia","tag-onde-assistir-formula-e","tag-temporada-2025-da-formula-e","42wp_author-marcos-gil-ribeiro"],"_links":{"self":[{"href":"https:\/\/grandepremio.com\/br\/wp-json\/wp\/v2\/posts\/16268","targetHints":{"allow":["GET"]}}],"collection":[{"href":"https:\/\/grandepremio.com\/br\/wp-json\/wp\/v2\/posts"}],"about":[{"href":"https:\/\/grandepremio.com\/br\/wp-json\/wp\/v2\/types\/post"}],"replies":[{"embeddable":true,"href":"https:\/\/grandepremio.com\/br\/wp-json\/wp\/v2\/comments?post=16268"}],"version-history":[{"count":0,"href":"https:\/\/grandepremio.com\/br\/wp-json\/wp\/v2\/posts\/16268\/revisions"}],"wp:featuredmedia":[{"embeddable":true,"href":"https:\/\/grandepremio.com\/br\/wp-json\/wp\/v2\/media\/1001022684"}],"wp:attachment":[{"href":"https:\/\/grandepremio.com\/br\/wp-json\/wp\/v2\/media?parent=16268"}],"wp:term":[{"taxonomy":"category","embeddable":true,"href":"https:\/\/grandepremio.com\/br\/wp-json\/wp\/v2\/categories?post=16268"},{"taxonomy":"post_tag","embeddable":true,"href":"https:\/\/grandepremio.com\/br\/wp-json\/wp\/v2\/tags?post=16268"},{"taxonomy":"42wp_author","embeddable":true,"href":"https:\/\/grandepremio.com\/br\/wp-json\/wp\/v2\/42wp_author?post=16268"}],"curies":[{"name":"wp","href":"https:\/\/api.w.org\/{rel}","templated":true}]}}