{"id":162781,"date":"2026-08-23T16:15:02","date_gmt":"2026-08-23T19:15:02","guid":{"rendered":"https:\/\/grandepremio.com\/br\/?p=162781"},"modified":"2026-08-23T17:05:08","modified_gmt":"2026-08-23T20:05:08","slug":"lando-norris-freia-euforia-evita-titulo-apos-2a-vitoria-uma-corrida-cada-vez","status":"publish","type":"post","link":"https:\/\/grandepremio.com\/br\/f1\/lando-norris-freia-euforia-evita-titulo-apos-2a-vitoria-uma-corrida-cada-vez\/","title":{"rendered":"Norris freia euforia e evita falar em t\u00edtulo ap\u00f3s 2\u00aa vit\u00f3ria seguida: \u201cUma corrida de cada vez\u201d"},"content":{"rendered":"\n<p class=\"wp-block-paragraph\">Lando Norris tratou de frear a empolga\u00e7\u00e3o ap\u00f3s conquistar a segunda vit\u00f3ria consecutiva na temporada 2026 da F\u00f3rmula 1. Mesmo embalado pelos triunfos na Hungria e nos Pa\u00edses Baixos, o piloto da McLaren <strong>evitou projetar uma grande rea\u00e7\u00e3o na disputa pelo t\u00edtulo<\/strong> e afirmou que <strong>ainda \u00e9 cedo para olhar t\u00e3o \u00e0 frente no campeonato.<\/strong><\/p>\n\n\n\n<p class=\"wp-block-paragraph\">A vit\u00f3ria em Zandvoort neste domingo (23) confirmou o bom momento de Norris e da McLaren. O brit\u00e2nico se recuperou de uma relargada ruim, quando viu Andrea Kimi Antonelli assumir a lideran\u00e7a, e aproveitou a forte degrada\u00e7\u00e3o dos pneus do piloto da Mercedes para buscar a ultrapassagem na reta final da prova e vencer pela segunda vez seguida.<\/p>\n\n\n\n<figure class=\"wp-block-embed is-type-video is-provider-youtube wp-block-embed-youtube wp-embed-aspect-16-9 wp-has-aspect-ratio\"><div class=\"wp-block-embed__wrapper\">\n<iframe loading=\"lazy\" title=\"\ud83d\udd34 NORRIS PASSA ANTONELLI E VENCE EM ZANDVOORT: CLASSIFICA\u00c7\u00c3O F1 2026 [narra\u00e7\u00e3o + Briefing]\" width=\"500\" height=\"281\" src=\"https:\/\/www.youtube.com\/embed\/61gSlMNgr4U?feature=oembed\" frameborder=\"0\" allow=\"accelerometer; autoplay; clipboard-write; encrypted-media; gyroscope; picture-in-picture; web-share\" referrerpolicy=\"strict-origin-when-cross-origin\" allowfullscreen><\/iframe>\n<\/div><\/figure>\n\n\n\n<p class=\"wp-block-paragraph\">Ap\u00f3s a corrida, o atual campe\u00e3o foi questionado sobre a possibilidade de iniciar uma rea\u00e7\u00e3o semelhante \u00e0 protagonizada por Max Verstappen em 2025. Contudo, respondeu que <strong>prefere manter uma abordagem mais conservadora e focar apenas na pr\u00f3xima etapa<\/strong>, na It\u00e1lia.<\/p>\n\n\n\n<p class=\"wp-block-paragraph\">\u201cParece uma resposta chata, mas <strong>temos de levar uma corrida de cada vez<\/strong>. Sei que muitas pessoas dizem isso hoje em dia, mas \u00e9 a verdade. <strong>N\u00e3o adianta pensar t\u00e3o \u00e0 frente<\/strong>\u201d, afirmou.<\/p>\n\n\n\n<p class=\"wp-block-paragraph\">\u201cPreciso me concentrar agora em ter uma boa pequena pausa. Foram dois grandes fins de semana, obviamente, mas precisamos nos reorganizar e aprender o m\u00e1ximo poss\u00edvel. Acho que <strong>ainda h\u00e1 muitas coisas que podemos fazer melhor<\/strong> e precisamos melhorar se quisermos lutar pelo t\u00edtulo\u201d, explicou.<\/p>\n\n\n\n<p class=\"wp-block-paragraph\">Norris tamb\u00e9m elogiou o trabalho da McLaren e celebrou a oportunidade de transformar o esfor\u00e7o da equipe em resultados. Ao mesmo tempo, admitiu que <strong>as vit\u00f3rias ainda exigiram mais esfor\u00e7o do que gostaria<\/strong> e refor\u00e7ou que a temporada permanece completamente aberta.<\/p>\n\n\n\n<figure class=\"wp-block-image size-large\"><img loading=\"lazy\" decoding=\"async\" width=\"1024\" height=\"683\" src=\"https:\/\/grandepremio.com\/br\/wp-content\/uploads\/2026\/08\/f1-2026-paises-baixos-corrida-mclaren-lando-norris-01-2-1024x683.jpeg\" alt=\"F1 2026, PAISES BAIXOS, CORRIDA, MCLAREN, LANDO NORRIS\" class=\"wp-image-1020312757\" srcset=\"https:\/\/grandepremio.com\/wp-content\/uploads\/2026\/08\/f1-2026-paises-baixos-corrida-mclaren-lando-norris-01-2-1024x683.jpeg 1024w, https:\/\/grandepremio.com\/wp-content\/uploads\/2026\/08\/f1-2026-paises-baixos-corrida-mclaren-lando-norris-01-2-300x200.jpeg 300w, https:\/\/grandepremio.com\/wp-content\/uploads\/2026\/08\/f1-2026-paises-baixos-corrida-mclaren-lando-norris-01-2-768x512.jpeg 768w, https:\/\/grandepremio.com\/wp-content\/uploads\/2026\/08\/f1-2026-paises-baixos-corrida-mclaren-lando-norris-01-2-1536x1024.jpeg 1536w, https:\/\/grandepremio.com\/wp-content\/uploads\/2026\/08\/f1-2026-paises-baixos-corrida-mclaren-lando-norris-01-2-2048x1365.jpeg 2048w, https:\/\/grandepremio.com\/wp-content\/uploads\/2026\/08\/f1-2026-paises-baixos-corrida-mclaren-lando-norris-01-2-150x100.jpeg 150w\" sizes=\"(max-width: 1024px) 100vw, 1024px\" \/><figcaption class=\"wp-element-caption\">Norris evitou falar em t\u00edtulo ap\u00f3s 2\u00aa vit\u00f3ria consecutiva (Foto: Reprodu\u00e7\u00e3o\/F1)<\/figcaption><\/figure>\n\n\n\n<p class=\"wp-block-paragraph\">\u201cEstou muito satisfeito com a equipe e com o quanto todos est\u00e3o trabalhando. Estou muito feliz por conseguir trazer duas vit\u00f3rias seguidas. Mas ainda est\u00e1 mais dif\u00edcil do que gostaria, e n\u00e3o quero ficar com uma diferen\u00e7a ainda maior, ent\u00e3o temos de continuar trabalhando duro\u201d, disse.<\/p>\n\n\n\n<p class=\"wp-block-paragraph\">\u201cAinda h\u00e1 muitas corridas e muitas oportunidades para todos. Ent\u00e3o, <strong>\u00e9 manter a cabe\u00e7a baixa e continuar trabalhando<\/strong>\u201d, concluiu.<\/p>\n\n\n\n<p class=\"wp-block-paragraph\">A F\u00f3rmula 1 volta de 4 a 6 de setembro em Monza, palco do GP da It\u00e1lia, 13\u00aa etapa da temporada 2026.<\/p>\n","protected":false},"excerpt":{"rendered":"<p>Lando Norris celebrou as duas vit\u00f3rias consecutivas, mas afirmou que McLaren ainda precisa evoluir para entrar de vez na luta pelo t\u00edtulo da F\u00f3rmula 1 2026<\/p>\n","protected":false},"author":9,"featured_media":1020312801,"comment_status":"closed","ping_status":"closed","sticky":false,"template":"","format":"standard","meta":{"42wp_featured_image_caption":"Lando Norris venceu pela segunda vez consecutiva neste domingo (23), em Zandvoort","42wp_featured_image_credits":"Reprodu\u00e7\u00e3o\/F1","42wp_featured_video":"","42wp_featured_image_hidden":false,"42wp_authors_list":[{"id":47164,"location":"do Rio de Janeiro"}],"footnotes":""},"categories":[2],"tags":[29126,547,90],"42wp_author":[47164],"class_list":["post-162781","post","type-post","status-publish","format-standard","has-post-thumbnail","hentry","category-f1","tag-gp-dos-paises-baixos","tag-lando-norris","tag-mclaren","42wp_author-marcos-gil-ribeiro"],"_links":{"self":[{"href":"https:\/\/grandepremio.com\/br\/wp-json\/wp\/v2\/posts\/162781","targetHints":{"allow":["GET"]}}],"collection":[{"href":"https:\/\/grandepremio.com\/br\/wp-json\/wp\/v2\/posts"}],"about":[{"href":"https:\/\/grandepremio.com\/br\/wp-json\/wp\/v2\/types\/post"}],"author":[{"embeddable":true,"href":"https:\/\/grandepremio.com\/br\/wp-json\/wp\/v2\/users\/9"}],"replies":[{"embeddable":true,"href":"https:\/\/grandepremio.com\/br\/wp-json\/wp\/v2\/comments?post=162781"}],"version-history":[{"count":8,"href":"https:\/\/grandepremio.com\/br\/wp-json\/wp\/v2\/posts\/162781\/revisions"}],"predecessor-version":[{"id":162820,"href":"https:\/\/grandepremio.com\/br\/wp-json\/wp\/v2\/posts\/162781\/revisions\/162820"}],"wp:featuredmedia":[{"embeddable":true,"href":"https:\/\/grandepremio.com\/br\/wp-json\/wp\/v2\/media\/1020312801"}],"wp:attachment":[{"href":"https:\/\/grandepremio.com\/br\/wp-json\/wp\/v2\/media?parent=162781"}],"wp:term":[{"taxonomy":"category","embeddable":true,"href":"https:\/\/grandepremio.com\/br\/wp-json\/wp\/v2\/categories?post=162781"},{"taxonomy":"post_tag","embeddable":true,"href":"https:\/\/grandepremio.com\/br\/wp-json\/wp\/v2\/tags?post=162781"},{"taxonomy":"42wp_author","embeddable":true,"href":"https:\/\/grandepremio.com\/br\/wp-json\/wp\/v2\/42wp_author?post=162781"}],"curies":[{"name":"wp","href":"https:\/\/api.w.org\/{rel}","templated":true}]}}