{"id":162821,"date":"2026-08-24T04:45:00","date_gmt":"2026-08-24T07:45:00","guid":{"rendered":"https:\/\/grandepremio.com\/br\/?p=162821"},"modified":"2026-08-23T20:02:29","modified_gmt":"2026-08-23T23:02:29","slug":"george-russell-aponta-mclaren-equipe-ser-batida-2a-metade-f1-2026","status":"publish","type":"post","link":"https:\/\/grandepremio.com\/br\/f1\/george-russell-aponta-mclaren-equipe-ser-batida-2a-metade-f1-2026\/","title":{"rendered":"Russell aponta McLaren como &#8220;equipe a ser batida&#8221; na 2\u00aa metade da F1 2026"},"content":{"rendered":"\n<p class=\"wp-block-paragraph\">George Russell colocou a McLaren <strong>como principal refer\u00eancia da F\u00f3rmula 1 neste momento<\/strong>. Ap\u00f3s a vit\u00f3ria de Lando Norris nos Pa\u00edses Baixos, o brit\u00e2nico afirmou que a equipe \u00e9 atualmente a advers\u00e1ria a ser batida e destacou <strong>a capacidade do time de Woking em lidar com circuitos de maior desgaste dos pneus<\/strong>, j\u00e1 projetando um duelo dif\u00edcil na It\u00e1lia.<\/p>\n\n\n\n<p class=\"wp-block-paragraph\">A Mercedes terminou o GP dos Pa\u00edses Baixos com Andrea Kimi Antonelli em segundo e Russell em terceiro, atr\u00e1s de Norris. O resultado representou <strong>a segunda vit\u00f3ria consecutiva do atual campe\u00e3o<\/strong>, que j\u00e1 havia triunfado no GP da Hungria.<\/p>\n\n\n\n<figure class=\"wp-block-embed is-type-video is-provider-youtube wp-block-embed-youtube wp-embed-aspect-16-9 wp-has-aspect-ratio\"><div class=\"wp-block-embed__wrapper\">\n<iframe loading=\"lazy\" title=\"NORRIS PASSA ANTONELLI E VENCE EM ZANDVOORT: CLASSIFICA\u00c7\u00c3O F1 2026 [narra\u00e7\u00e3o + Briefing]\" width=\"500\" height=\"281\" src=\"https:\/\/www.youtube.com\/embed\/61gSlMNgr4U?feature=oembed\" frameborder=\"0\" allow=\"accelerometer; autoplay; clipboard-write; encrypted-media; gyroscope; picture-in-picture; web-share\" referrerpolicy=\"strict-origin-when-cross-origin\" allowfullscreen><\/iframe>\n<\/div><\/figure>\n\n\n\n<p class=\"wp-block-paragraph\">Agora, a F1 segue para Monza, e Russell acredita que a Mercedes pode apresentar um desempenho melhor no tradicional circuito italiano. Ainda assim, <strong>n\u00e3o colocou a equipe alem\u00e3 como favorita e preferiu apontar a McLaren como principal candidata<\/strong>, al\u00e9m de chamar aten\u00e7\u00e3o para a Ferrari, que pode chegar \u00e0 etapa de casa com uma atualiza\u00e7\u00e3o de motor.<\/p>\n\n\n\n<p class=\"wp-block-paragraph\">\u201cEsses circuitos com alto desgaste dos pneus combinam muito bem com a McLaren, especialmente com Lando. <strong>Ele sempre foi uma esp\u00e9cie de especialista nessas condi\u00e7\u00f5es<\/strong>\u201d, disse Russell em coletiva acompanhada pelo <strong>GRANDE PR\u00caMIO<\/strong>.<\/p>\n\n\n\n<p class=\"wp-block-paragraph\">\u201c<strong>Acho que seremos um pouco mais competitivos na It\u00e1lia<\/strong>. No entanto, acredito que a Ferrari tenha uma atualiza\u00e7\u00e3o de motor chegando, e a verdade \u00e9 que simplesmente n\u00e3o sabemos\u201d, afirmou Russell.<\/p>\n\n\n\n<p class=\"wp-block-paragraph\">O brit\u00e2nico tamb\u00e9m lembrou que a McLaren j\u00e1 havia demonstrado for\u00e7a semelhante em condi\u00e7\u00f5es de maior desgaste na temporada anterior. Por isso, considera que o time papaia \u00e9 a principal refer\u00eancia neste momento.<\/p>\n\n\n\n<figure class=\"wp-block-image size-large\"><img loading=\"lazy\" decoding=\"async\" width=\"1024\" height=\"752\" src=\"https:\/\/grandepremio.com\/br\/wp-content\/uploads\/2026\/08\/HQas_qZWQAA10tk-1024x752.jpeg\" alt=\"\" class=\"wp-image-1020312866\" srcset=\"https:\/\/grandepremio.com\/wp-content\/uploads\/2026\/08\/HQas_qZWQAA10tk-1024x752.jpeg 1024w, https:\/\/grandepremio.com\/wp-content\/uploads\/2026\/08\/HQas_qZWQAA10tk-300x220.jpeg 300w, https:\/\/grandepremio.com\/wp-content\/uploads\/2026\/08\/HQas_qZWQAA10tk-768x564.jpeg 768w, https:\/\/grandepremio.com\/wp-content\/uploads\/2026\/08\/HQas_qZWQAA10tk-1536x1128.jpeg 1536w, https:\/\/grandepremio.com\/wp-content\/uploads\/2026\/08\/HQas_qZWQAA10tk-2048x1504.jpeg 2048w, https:\/\/grandepremio.com\/wp-content\/uploads\/2026\/08\/HQas_qZWQAA10tk-150x110.jpeg 150w\" sizes=\"(max-width: 1024px) 100vw, 1024px\" \/><figcaption class=\"wp-element-caption\">Russell apontou Norris e McLaren como favoritos para GP da It\u00e1lia (Foto: Reprodu\u00e7\u00e3o\/F1)<\/figcaption><\/figure>\n\n\n\n<p class=\"wp-block-paragraph\">\u201cTamb\u00e9m vimos isso no ano passado. Monza pode ser um pouco diferente, <strong>mas acho que eles s\u00e3o a equipe a ser batida neste momento<\/strong>\u201d, concluiu.<\/p>\n\n\n\n<p class=\"wp-block-paragraph\">A F\u00f3rmula 1 volta de 4 a 6 de setembro em Monza, palco do GP da It\u00e1lia, 13\u00aa etapa da temporada 2026.<\/p>\n","protected":false},"excerpt":{"rendered":"<p>Em coletiva acompanhada pelo GRANDE PR\u00caMIO, George Russell disse que espera uma Mercedes mais competitiva na It\u00e1lia, mas apontou a McLaren como melhor equipe na F\u00f3rmula 1 neste momento<\/p>\n","protected":false},"author":9,"featured_media":1020312842,"comment_status":"closed","ping_status":"closed","sticky":false,"template":"","format":"standard","meta":{"42wp_featured_image_caption":"George Russell jogou favoritismo para cima da McLaren ap\u00f3s 2\u00aa vit\u00f3ria seguida de Lando Norris","42wp_featured_image_credits":"Mercedes","42wp_featured_video":"","42wp_featured_image_hidden":false,"42wp_authors_list":[{"id":47164,"location":"do Rio de Janeiro"},{"id":47765,"location":"de Zandvoort"},{"id":47165,"location":"de Zandvoort"}],"footnotes":""},"categories":[2],"tags":[800,29126,90,82],"42wp_author":[47765,47165,47164],"class_list":["post-162821","post","type-post","status-publish","format-standard","has-post-thumbnail","hentry","category-f1","tag-george-russell","tag-gp-dos-paises-baixos","tag-mclaren","tag-mercedes","42wp_author-jamile-racanicci","42wp_author-leonid-kluiev","42wp_author-marcos-gil-ribeiro"],"_links":{"self":[{"href":"https:\/\/grandepremio.com\/br\/wp-json\/wp\/v2\/posts\/162821","targetHints":{"allow":["GET"]}}],"collection":[{"href":"https:\/\/grandepremio.com\/br\/wp-json\/wp\/v2\/posts"}],"about":[{"href":"https:\/\/grandepremio.com\/br\/wp-json\/wp\/v2\/types\/post"}],"author":[{"embeddable":true,"href":"https:\/\/grandepremio.com\/br\/wp-json\/wp\/v2\/users\/9"}],"replies":[{"embeddable":true,"href":"https:\/\/grandepremio.com\/br\/wp-json\/wp\/v2\/comments?post=162821"}],"version-history":[{"count":6,"href":"https:\/\/grandepremio.com\/br\/wp-json\/wp\/v2\/posts\/162821\/revisions"}],"predecessor-version":[{"id":162832,"href":"https:\/\/grandepremio.com\/br\/wp-json\/wp\/v2\/posts\/162821\/revisions\/162832"}],"wp:featuredmedia":[{"embeddable":true,"href":"https:\/\/grandepremio.com\/br\/wp-json\/wp\/v2\/media\/1020312842"}],"wp:attachment":[{"href":"https:\/\/grandepremio.com\/br\/wp-json\/wp\/v2\/media?parent=162821"}],"wp:term":[{"taxonomy":"category","embeddable":true,"href":"https:\/\/grandepremio.com\/br\/wp-json\/wp\/v2\/categories?post=162821"},{"taxonomy":"post_tag","embeddable":true,"href":"https:\/\/grandepremio.com\/br\/wp-json\/wp\/v2\/tags?post=162821"},{"taxonomy":"42wp_author","embeddable":true,"href":"https:\/\/grandepremio.com\/br\/wp-json\/wp\/v2\/42wp_author?post=162821"}],"curies":[{"name":"wp","href":"https:\/\/api.w.org\/{rel}","templated":true}]}}