{"id":16290,"date":"2025-10-15T18:12:24","date_gmt":"2025-10-15T21:12:24","guid":{"rendered":"https:\/\/grandepremio.com\/br\/noticias\/prema-fecha-louis-sharp-completa-trio-temporada-2026-formula-3\/"},"modified":"2025-10-15T18:18:01","modified_gmt":"2025-10-15T21:18:01","slug":"prema-fecha-louis-sharp-completa-trio-temporada-2026-formula-3","status":"publish","type":"post","link":"https:\/\/grandepremio.com\/br\/f3\/prema-fecha-louis-sharp-completa-trio-temporada-2026-formula-3\/","title":{"rendered":"Prema fecha com Sharp e completa trio para temporada 2026 da F\u00f3rmula 3"},"content":{"rendered":"\n<p class=\"wp-block-paragraph\">A <strong>Prema<\/strong> confirmou nesta quarta-feira (15) que <strong>Louis Sharp <\/strong>completar\u00e1 a forma\u00e7\u00e3o da equipe na <strong>F\u00f3rmula 3<\/strong> ao lado de <strong>Enzo Deligny<\/strong> e <strong>James Wharton<\/strong> em 2026. Ser\u00e1 o segundo ano do neozeland\u00eas na categoria, tendo terminado a temporada 2025 na 26\u00aa coloca\u00e7\u00e3o na tabela.<\/p>\n\n\n\n<p class=\"wp-block-paragraph\">Antes de correr na F3, o piloto de 18 anos conquistou os t\u00edtulos da <strong>F\u00f3rmula 4 Brit\u00e2nica<\/strong> em 2023 e a <strong>GB3 <\/strong>no ano passado.<\/p>\n\n\n\n<p class=\"wp-block-paragraph\">\u201cEstou muito feliz e animado para a pr\u00f3xima temporada\u201d, disse Sharp. \u201cA Prema tem uma hist\u00f3ria muito rica em vit\u00f3rias em campeonatos e na forma\u00e7\u00e3o de pilotos para a <strong>F\u00f3rmula 1<\/strong>\u201d, seguiu.<\/p>\n\n\n\n<p class=\"wp-block-paragraph\">\u201cPoder dizer que serei um piloto da Prema no pr\u00f3ximo ano me deixa orgulhoso e, j\u00e1 trabalhando com a equipe, posso ver o quanto eles est\u00e3o motivados e o quanto querem vencer. Estou realmente ansioso para ter uma temporada forte com eles\u201d, enfatizou Louis.<\/p>\n\n\n\n<figure class=\"wp-block-image size-large\"><img decoding=\"async\" src=\"https:\/\/www.grandepremio.com\/br\/wp-content\/uploads\/2024\/03\/louis-sharp-gb3-2-1024x683.jpg\" alt=\"\" class=\"wp-image-795566\"\/><figcaption class=\"wp-element-caption\">Louis Sharp ser\u00e1 piloto da Prema na temporada 2026 da F3 (Foto: Rodin)<\/figcaption><\/figure>\n\n\n\n<p class=\"wp-block-paragraph\">\u25b6\ufe0f\u00a0<strong>Inscreva-se nos dois canais do GRANDE PR\u00caMIO no YouTube:\u00a0<a href=\"https:\/\/www.youtube.com\/channel\/UC9OlHEgxoaY6QY6nWPoiqQg?sub_confirmation=1\" target=\"_blank\" rel=\"noreferrer noopener\">GP<\/a>\u00a0|\u00a0<a href=\"https:\/\/www.youtube.com\/channel\/UC9csiS6q_C3C0FYhyr1rnFA?sub_confirmation=1\" target=\"_blank\" rel=\"noreferrer noopener\">GP2<\/a><\/strong><br>\u25b6\ufe0f\u00a0<strong><a href=\"https:\/\/www.grandepremio.com\/br\/grandepremium\/10\/f1\/materias\/de-ayrton-senna-alain-prost-lando-norris-oscar-piastri-os-10-titulos-construtores-mclaren-f1\/\">De Senna e Prost a Norris e Piastri: os 10 t\u00edtulos de Construtores da McLaren na F1<\/a><\/strong><\/p>\n\n\n\n<p class=\"wp-block-paragraph\">O chefe do time italiano, <strong>Ren\u00e9 Rosin<\/strong> tamb\u00e9m falou sobre a contrata\u00e7\u00e3o de Sharp. \u201cAchamos que Louis \u00e9 um piloto muito promissor. Ele alcan\u00e7ou grande sucesso muito jovem e mostrou que ainda tem muito a oferecer. Estamos confiantes de que Sharp se integrar\u00e1 bem \u00e0 equipe desde o in\u00edcio e que se encaixar\u00e1 perfeitamente na nossa forma de trabalhar\u201d, ressaltou.<\/p>\n\n\n\n<p class=\"wp-block-paragraph\">\u201cLouis tem potencial para alcan\u00e7ar resultados impressionantes no segundo ano na categoria, e estamos determinados a maximizar esse potencial o mais r\u00e1pido poss\u00edvel\u201d, finalizou o chefe da Prema.<\/p>\n\n\n\n<p class=\"wp-block-paragraph\">Agora, a <strong>F\u00f3rmula 3<\/strong> realiza o segundo dia de testes p\u00f3s-temporada, em\u00a0<a href=\"https:\/\/es.grandepremio.com\/\" target=\"_blank\" rel=\"noreferrer noopener\">Barcelona<\/a>, nesta quinta-feira (16).<\/p>\n","protected":false},"excerpt":{"rendered":"<p>A Prema anunciou nesta quarta-feira (15) que Louis Sharp vai correr pela equipe na pr\u00f3xima temporada da F3. Com isso, o time italiano tem a forma\u00e7\u00e3o completa para 2026<\/p>\n","protected":false},"author":0,"featured_media":1001022530,"comment_status":"closed","ping_status":"closed","sticky":false,"template":"","format":"standard","meta":{"42wp_featured_image_caption":"","42wp_featured_image_credits":"","42wp_featured_video":"","42wp_featured_image_hidden":false,"42wp_authors_list":[],"footnotes":""},"categories":[10],"tags":[29655,31948,1008,40508,8057,40507,1491,28285,35181,35651,349,40740],"42wp_author":[47163],"class_list":["post-16290","post","type-post","status-publish","format-standard","has-post-thumbnail","hentry","category-f3","tag-calendario-f3","tag-classificacao-f3","tag-f3","tag-f3-2025","tag-formula-3","tag-formula-3-2025","tag-grande-premio","tag-grandepremio","tag-horarios-f3","tag-onde-assistir-f3","tag-prema","tag-temporada-2025-f3","42wp_author-caio-cavalcante"],"_links":{"self":[{"href":"https:\/\/grandepremio.com\/br\/wp-json\/wp\/v2\/posts\/16290","targetHints":{"allow":["GET"]}}],"collection":[{"href":"https:\/\/grandepremio.com\/br\/wp-json\/wp\/v2\/posts"}],"about":[{"href":"https:\/\/grandepremio.com\/br\/wp-json\/wp\/v2\/types\/post"}],"replies":[{"embeddable":true,"href":"https:\/\/grandepremio.com\/br\/wp-json\/wp\/v2\/comments?post=16290"}],"version-history":[{"count":0,"href":"https:\/\/grandepremio.com\/br\/wp-json\/wp\/v2\/posts\/16290\/revisions"}],"wp:featuredmedia":[{"embeddable":true,"href":"https:\/\/grandepremio.com\/br\/wp-json\/wp\/v2\/media\/1001022530"}],"wp:attachment":[{"href":"https:\/\/grandepremio.com\/br\/wp-json\/wp\/v2\/media?parent=16290"}],"wp:term":[{"taxonomy":"category","embeddable":true,"href":"https:\/\/grandepremio.com\/br\/wp-json\/wp\/v2\/categories?post=16290"},{"taxonomy":"post_tag","embeddable":true,"href":"https:\/\/grandepremio.com\/br\/wp-json\/wp\/v2\/tags?post=16290"},{"taxonomy":"42wp_author","embeddable":true,"href":"https:\/\/grandepremio.com\/br\/wp-json\/wp\/v2\/42wp_author?post=16290"}],"curies":[{"name":"wp","href":"https:\/\/api.w.org\/{rel}","templated":true}]}}