{"id":162903,"date":"2026-08-24T07:47:35","date_gmt":"2026-08-24T10:47:35","guid":{"rendered":"https:\/\/grandepremio.com\/br\/?p=162903"},"modified":"2026-08-24T08:56:27","modified_gmt":"2026-08-24T11:56:27","slug":"mercedes-assume-falta-dinheiro-desenvolver-w17-nao-da-passar-credito","status":"publish","type":"post","link":"https:\/\/grandepremio.com\/br\/f1\/mercedes-assume-falta-dinheiro-desenvolver-w17-nao-da-passar-credito\/","title":{"rendered":"Mercedes assume falta de dinheiro para desenvolver W17: &#8220;N\u00e3o d\u00e1 para passar no cr\u00e9dito&#8221;"},"content":{"rendered":"\n<p class=\"wp-block-paragraph\">Antes soberana na primeira metade da temporada 2026 da F\u00f3rmula 1, <strong>a Mercedes admitiu que sofre para investir em grandes pacotes de atualiza\u00e7\u00f5es para o W17 por conta do or\u00e7amento limitado<\/strong>, ao contr\u00e1rio do que as rivais diretas Ferrari e McLaren apresentaram nas \u00faltimas etapas. Toto Wolff reiterou que isso acontece porque os alem\u00e3es decidiram concentrar os esfor\u00e7os maiores em desenvolvimento j\u00e1 no in\u00edcio do ano.<\/p>\n\n\n\n<p class=\"wp-block-paragraph\">Em vigor desde a temporada 2021 na F1, <strong>o teto or\u00e7ament\u00e1rio foi fixado em US$ 215 milh\u00f5es <\/strong>(R$ 1,1 bilh\u00e3o, na cota\u00e7\u00e3o mais recente) para este ano por causa da mudan\u00e7a no regulamento t\u00e9cnico \u2014 valor bem acima dos US$ 135 milh\u00f5es (R$ 693 milh\u00f5es) do ano passado. <\/p>\n\n\n\n<figure class=\"wp-block-embed is-type-video is-provider-youtube wp-block-embed-youtube wp-embed-aspect-16-9 wp-has-aspect-ratio\"><div class=\"wp-block-embed__wrapper\">\n<iframe loading=\"lazy\" title=\"NORRIS PASSA ANTONELLI E VENCE EM ZANDVOORT: CLASSIFICA\u00c7\u00c3O F1 2026 [narra\u00e7\u00e3o + Briefing]\" width=\"500\" height=\"281\" src=\"https:\/\/www.youtube.com\/embed\/61gSlMNgr4U?feature=oembed\" frameborder=\"0\" allow=\"accelerometer; autoplay; clipboard-write; encrypted-media; gyroscope; picture-in-picture; web-share\" referrerpolicy=\"strict-origin-when-cross-origin\" allowfullscreen><\/iframe>\n<\/div><\/figure>\n\n\n\n<p class=\"wp-block-paragraph\">No caso espec\u00edfico da Mercedes, boa parte do montante que seria usada para evoluir o carro foi utilizada para construir um projeto forte o bastante j\u00e1 para o come\u00e7o do campeonato. N\u00e3o por acaso as Flechas de Prata venceram os seis primeiros GPs com facilidade, o que ajudou Andrea Kimi Antonelli, vencedor de cinco deles, a sair do GP de M\u00f4naco 66 pontos \u00e0 frente de Lewis Hamilton.<\/p>\n\n\n\n<p class=\"wp-block-paragraph\">O cen\u00e1rio, no entanto, come\u00e7ou a mudar de Barcelona em diante. Para se ter uma ideia, at\u00e9 o GP da Hungria,<a href=\"https:\/\/grandepremio.com\/br\/grandepremium\/f1\/materias\/ferrari-campea-atualizacoes-o-que-cada-equipe-mudou-carros-1a-parte-f1-2026\/\"> o time alem\u00e3o aparecia em pen\u00faltimo no ranking de atualiza\u00e7\u00f5es permanentes<\/a>, com 20, enquanto Ferrari e McLaren somavam 30 e 29, respectivamente. <\/p>\n\n\n\n<p class=\"wp-block-paragraph\">O \u00faltimo grande pacote da Mercedes estreou no Canad\u00e1, h\u00e1 sete corridas. Wolff explicou em coletiva de imprensa acompanhada pelo <strong>GRANDE PR\u00caMIO<\/strong> em Zandvoort que a Mercedes <strong>&#8220;n\u00e3o tem recursos para financiar desenvolvimentos a cr\u00e9dito&#8221;<\/strong>.<\/p>\n\n\n\n<p class=\"wp-block-paragraph\">&#8220;Tentamos distribuir isso de forma equilibrada ao longo da temporada, com base em c\u00e1lculos sobre quando podemos trazer as maiores atualiza\u00e7\u00f5es e otimizar a pontua\u00e7\u00e3o no campeonato. Mas s\u00f3 podemos fazer o que est\u00e1 ao nosso alcance&#8221;, salientou.<\/p>\n\n\n\n<figure class=\"wp-block-image size-large\"><img loading=\"lazy\" decoding=\"async\" width=\"1024\" height=\"683\" src=\"https:\/\/grandepremio.com\/br\/wp-content\/uploads\/2026\/08\/f1-2026-paises-baixos-corrida-mercedes-george-russell-04-1024x683.jpg\" alt=\"F1 2026, PAISES BAIXOS, CORRIDA, MERCEDES, GEORGE RUSSELL\" class=\"wp-image-1020312844\" srcset=\"https:\/\/grandepremio.com\/wp-content\/uploads\/2026\/08\/f1-2026-paises-baixos-corrida-mercedes-george-russell-04-1024x683.jpg 1024w, https:\/\/grandepremio.com\/wp-content\/uploads\/2026\/08\/f1-2026-paises-baixos-corrida-mercedes-george-russell-04-300x200.jpg 300w, https:\/\/grandepremio.com\/wp-content\/uploads\/2026\/08\/f1-2026-paises-baixos-corrida-mercedes-george-russell-04-768x512.jpg 768w, https:\/\/grandepremio.com\/wp-content\/uploads\/2026\/08\/f1-2026-paises-baixos-corrida-mercedes-george-russell-04-1536x1024.jpg 1536w, https:\/\/grandepremio.com\/wp-content\/uploads\/2026\/08\/f1-2026-paises-baixos-corrida-mercedes-george-russell-04-150x100.jpg 150w, https:\/\/grandepremio.com\/wp-content\/uploads\/2026\/08\/f1-2026-paises-baixos-corrida-mercedes-george-russell-04.jpg 1620w\" sizes=\"(max-width: 1024px) 100vw, 1024px\" \/><figcaption class=\"wp-element-caption\">A McLaren j\u00e1 \u00e9 uma realidade no retrovisor da Mercedes (Foto: Mercedes)<\/figcaption><\/figure>\n\n\n\n<p class=\"wp-block-paragraph\">&#8220;\u00c9 por isso que existe uma corrida pelo desenvolvimento. Quando uma atualiza\u00e7\u00e3o \u00e9 trazida, cada uma das principais equipes consegue ganhar alguns d\u00e9cimos de segundo, pelo menos. E \u00e9 isso que se perde em rela\u00e7\u00e3o a elas. Ent\u00e3o a jornada tem sido um pouco mais dif\u00edcil do que no in\u00edcio do ano&#8221;, completou.<\/p>\n\n\n\n<p class=\"wp-block-paragraph\">Em seguida, Wolff voltou a lan\u00e7ar d\u00favida quanto \u00e0 capacidade de McLaren e Ferrari continuarem o trabalho de desenvolvimento no mesmo ritmo at\u00e9 o final do ano. <\/p>\n\n\n\n<p class=\"wp-block-paragraph\">&#8220;Veremos, perto do fim da temporada, se elas conseguir\u00e3o implementar tantas novidades no carro quanto fazem agora. Algumas equipes podem adotar uma estrat\u00e9gia diferente, gastando mais no in\u00edcio e no meio do ano do que na reta final&#8221;, concluiu.<\/p>\n\n\n\n<p class=\"wp-block-paragraph\"><a href=\"https:\/\/grandepremio.com\/br\/f1\/andrea-kimi-antonelli-abre-vantagem-2o-lugar-paises-baixos-confira-classificacao-f1-2026\/\">Antonelli lidera o Mundial de Pilotos com 242 pontos<\/a>, 59 a mais que George Russell e Lewis Hamilton, empatados com 183. Lando Norris \u00e9 o quarto, com 159, mas venceu as duas \u00faltimas corridas do ano (Hungria e Pa\u00edses Baixos). <\/p>\n\n\n\n<p class=\"wp-block-paragraph\">A F\u00f3rmula 1 volta de 4 a 6 de setembro em Monza, palco do GP da It\u00e1lia, 13\u00aa etapa da temporada 2026.<\/p>\n","protected":false},"excerpt":{"rendered":"<p>Chefe da Mercedes, Toto Wolff ainda disse que quer ver se Ferrari e McLaren v\u00e3o conseguir manter o ritmo de desenvolvimento at\u00e9 o final da temporada<\/p>\n","protected":false},"author":4,"featured_media":1001065985,"comment_status":"closed","ping_status":"closed","sticky":false,"template":"","format":"standard","meta":{"42wp_featured_image_caption":"Toto Wolff, chefe da Mercedes","42wp_featured_image_credits":"AFP","42wp_featured_video":"","42wp_featured_image_hidden":false,"42wp_authors_list":[{"id":47147,"location":"de Duque de Caxias"},{"id":47165,"location":"de Zandvoort"}],"footnotes":""},"categories":[2],"tags":[207,90,82,150],"42wp_author":[47165,47147],"class_list":["post-162903","post","type-post","status-publish","format-standard","has-post-thumbnail","hentry","category-f1","tag-ferrari","tag-mclaren","tag-mercedes","tag-toto-wolff","42wp_author-leonid-kluiev","42wp_author-luana-marino"],"_links":{"self":[{"href":"https:\/\/grandepremio.com\/br\/wp-json\/wp\/v2\/posts\/162903","targetHints":{"allow":["GET"]}}],"collection":[{"href":"https:\/\/grandepremio.com\/br\/wp-json\/wp\/v2\/posts"}],"about":[{"href":"https:\/\/grandepremio.com\/br\/wp-json\/wp\/v2\/types\/post"}],"author":[{"embeddable":true,"href":"https:\/\/grandepremio.com\/br\/wp-json\/wp\/v2\/users\/4"}],"replies":[{"embeddable":true,"href":"https:\/\/grandepremio.com\/br\/wp-json\/wp\/v2\/comments?post=162903"}],"version-history":[{"count":2,"href":"https:\/\/grandepremio.com\/br\/wp-json\/wp\/v2\/posts\/162903\/revisions"}],"predecessor-version":[{"id":162932,"href":"https:\/\/grandepremio.com\/br\/wp-json\/wp\/v2\/posts\/162903\/revisions\/162932"}],"wp:featuredmedia":[{"embeddable":true,"href":"https:\/\/grandepremio.com\/br\/wp-json\/wp\/v2\/media\/1001065985"}],"wp:attachment":[{"href":"https:\/\/grandepremio.com\/br\/wp-json\/wp\/v2\/media?parent=162903"}],"wp:term":[{"taxonomy":"category","embeddable":true,"href":"https:\/\/grandepremio.com\/br\/wp-json\/wp\/v2\/categories?post=162903"},{"taxonomy":"post_tag","embeddable":true,"href":"https:\/\/grandepremio.com\/br\/wp-json\/wp\/v2\/tags?post=162903"},{"taxonomy":"42wp_author","embeddable":true,"href":"https:\/\/grandepremio.com\/br\/wp-json\/wp\/v2\/42wp_author?post=162903"}],"curies":[{"name":"wp","href":"https:\/\/api.w.org\/{rel}","templated":true}]}}