{"id":162925,"date":"2026-08-24T09:02:22","date_gmt":"2026-08-24T12:02:22","guid":{"rendered":"https:\/\/grandepremio.com\/br\/?p=162925"},"modified":"2026-08-24T09:02:24","modified_gmt":"2026-08-24T12:02:24","slug":"andrea-kimi-antonelli-reforca-confianca-mercedes-admite-ja-nao-somos-mais-rapidos-grid","status":"publish","type":"post","link":"https:\/\/grandepremio.com\/br\/f1\/andrea-kimi-antonelli-reforca-confianca-mercedes-admite-ja-nao-somos-mais-rapidos-grid\/","title":{"rendered":"Antonelli refor\u00e7a confian\u00e7a na Mercedes, mas admite: &#8220;J\u00e1 n\u00e3o somos os mais r\u00e1pidos do grid&#8221;"},"content":{"rendered":"\n<p class=\"wp-block-paragraph\">A segunda vit\u00f3ria seguida de Lando Norris deixou Andrea Kimi Antonelli convicto de que a Mercedes<strong> j\u00e1 n\u00e3o tem nas m\u00e3os o carro mais r\u00e1pido do grid <\/strong>como no in\u00edcio da temporada 2026 da F\u00f3rmula 1. O italiano, contudo, reiterou que confia no trabalho da equipe e espera que o pr\u00f3ximo pacote de atualiza\u00e7\u00f5es do W17 coloque-o novamente em vantagem.<\/p>\n\n\n\n<p class=\"wp-block-paragraph\">Antonelli chegou bem perto de vencer o GP dos Pa\u00edses Baixos ao assumir a ponta na segunda largada, depois da bandeira vermelha causada pelo acidente de Max Verstappen. Mas o stint final com os pneus duros foi um desastre. Sem ritmo, Kimi foi superado com facilidade por Norris, <a href=\"https:\/\/grandepremio.com\/br\/f1\/lando-norris-recupera-largada-ruim-vence-paises-baixos-max-verstappen-bate-forte\/\">que rumou tranquilo para a bandeirada<\/a>.<\/p>\n\n\n\n<figure class=\"wp-block-embed is-type-video is-provider-youtube wp-block-embed-youtube wp-embed-aspect-16-9 wp-has-aspect-ratio\"><div class=\"wp-block-embed__wrapper\">\n<iframe loading=\"lazy\" title=\"NORRIS PASSA ANTONELLI E VENCE EM ZANDVOORT: CLASSIFICA\u00c7\u00c3O F1 2026 [narra\u00e7\u00e3o + Briefing]\" width=\"500\" height=\"281\" src=\"https:\/\/www.youtube.com\/embed\/61gSlMNgr4U?feature=oembed\" frameborder=\"0\" allow=\"accelerometer; autoplay; clipboard-write; encrypted-media; gyroscope; picture-in-picture; web-share\" referrerpolicy=\"strict-origin-when-cross-origin\" allowfullscreen><\/iframe>\n<\/div><\/figure>\n\n\n\n<p class=\"wp-block-paragraph\"><a href=\"https:\/\/grandepremio.com\/br\/f1\/andrea-kimi-antonelli-agradece-ajuda-george-russell-paises-baixos-liga-alerta-mclaren\/\">Antonelli ainda contou com a ajuda de George Russell <\/a>para cruzar a linha de chegada em segundo \u2014 resultado mais do que necess\u00e1rio, pois apesar da confort\u00e1vel dist\u00e2ncia de 83 pontos que tem para Lando, quarto no Mundial, <a href=\"https:\/\/grandepremio.com\/br\/f1\/lando-norris-pode-ser-campeao-f1-2026-vitoria-paises-baixos-diz-chance-titulo\/\">a disputa pode mudar rapidamente se a McLaren conseguir dobradinhas na segunda metade da temporada<\/a>.<\/p>\n\n\n\n<p class=\"wp-block-paragraph\">Em coletiva de imprensa acompanhada pelo <strong>GRANDE PR\u00caMIO<\/strong> ap\u00f3s a corrida em Zandvoort, Kimi foi sincero ao demonstrar preocupa\u00e7\u00e3o com o avan\u00e7o da campe\u00e3 vigente no Mundial.<\/p>\n\n\n\n<p class=\"wp-block-paragraph\">&#8220;Com certeza, j\u00e1 n\u00e3o somos o carro mais r\u00e1pido do grid. Provavelmente estamos em segundo ou terceiro, pelo menos aqui, e a McLaren deu um grande salto desde a Hungria, especialmente, com o grande pacote de atualiza\u00e7\u00f5es que levou&#8221;, analisou. <\/p>\n\n\n\n<figure class=\"wp-block-image size-large\"><img loading=\"lazy\" decoding=\"async\" width=\"1024\" height=\"683\" src=\"https:\/\/grandepremio.com\/br\/wp-content\/uploads\/2026\/08\/f1-2026-paises-baixos-corrida-mercedes-kimi-antonelli-01-3-1024x683.jpeg\" alt=\"F1 2026, PAISES BAIXOS, CORRIDA, MERCEDES, KIMI ANTONELLI\" class=\"wp-image-1020312746\" srcset=\"https:\/\/grandepremio.com\/wp-content\/uploads\/2026\/08\/f1-2026-paises-baixos-corrida-mercedes-kimi-antonelli-01-3-1024x683.jpeg 1024w, https:\/\/grandepremio.com\/wp-content\/uploads\/2026\/08\/f1-2026-paises-baixos-corrida-mercedes-kimi-antonelli-01-3-300x200.jpeg 300w, https:\/\/grandepremio.com\/wp-content\/uploads\/2026\/08\/f1-2026-paises-baixos-corrida-mercedes-kimi-antonelli-01-3-768x512.jpeg 768w, https:\/\/grandepremio.com\/wp-content\/uploads\/2026\/08\/f1-2026-paises-baixos-corrida-mercedes-kimi-antonelli-01-3-1536x1025.jpeg 1536w, https:\/\/grandepremio.com\/wp-content\/uploads\/2026\/08\/f1-2026-paises-baixos-corrida-mercedes-kimi-antonelli-01-3-150x100.jpeg 150w, https:\/\/grandepremio.com\/wp-content\/uploads\/2026\/08\/f1-2026-paises-baixos-corrida-mercedes-kimi-antonelli-01-3.jpeg 2048w\" sizes=\"(max-width: 1024px) 100vw, 1024px\" \/><figcaption class=\"wp-element-caption\">Kimi Antonelli (Foto: Mercedes)<\/figcaption><\/figure>\n\n\n\n<p class=\"wp-block-paragraph\">&#8220;Mas estou confiante na equipe. Ela tem trabalhado muito nesse pr\u00f3ximo pacote que est\u00e1 por vir e s\u00f3 quer garantir que tudo funcione bem assim que o instalarmos. Ent\u00e3o, com certeza, vai ser mais dif\u00edcil, um desafio, mas estamos prontos para dar o melhor e aproveitar ao m\u00e1ximo cada oportunidade. E, com sorte, ser\u00e1 a nossa vez de trazer o pacote que nos dar\u00e1 um pouco de vantagem novamente&#8221;, concluiu.<\/p>\n\n\n\n<p class=\"wp-block-paragraph\"><a href=\"https:\/\/grandepremio.com\/br\/f1\/andrea-kimi-antonelli-abre-vantagem-2o-lugar-paises-baixos-confira-classificacao-f1-2026\/\">Antonelli lidera o Mundial de Pilotos com 242 pontos<\/a>, 59 a mais que George Russell e Lewis Hamilton, empatados com 183. Lando Norris \u00e9 o quarto, com 159, mas venceu as duas \u00faltimas corridas do ano (Hungria e Pa\u00edses Baixos).<\/p>\n\n\n\n<p class=\"wp-block-paragraph\">A F\u00f3rmula 1 volta de 4 a 6 de setembro em Monza, palco do GP da It\u00e1lia, 13\u00aa etapa da temporada 2026.<\/p>\n","protected":false},"excerpt":{"rendered":"<p>Andrea Kimi Antonelli assumiu que o avan\u00e7o da McLaren \u00e9 motivo de preocupa\u00e7\u00e3o para a Mercedes, mas disse que espera recuperar a vantagem t\u00e9cnica com as atualiza\u00e7\u00f5es que os alem\u00e3es preparam<\/p>\n","protected":false},"author":4,"featured_media":1020312850,"comment_status":"closed","ping_status":"closed","sticky":false,"template":"","format":"standard","meta":{"42wp_featured_image_caption":"Andrea Kimi Antonelli lidera o Mundial de 2026","42wp_featured_image_credits":"Mercedes","42wp_featured_video":"","42wp_featured_image_hidden":false,"42wp_authors_list":[{"id":47147,"location":"de Duque de Caxias"},{"id":47165,"location":"de Zandvoort"},{"id":47765,"location":"de Zandvoort"}],"footnotes":""},"categories":[2],"tags":[27861,90,82],"42wp_author":[47765,47165,47147],"class_list":["post-162925","post","type-post","status-publish","format-standard","has-post-thumbnail","hentry","category-f1","tag-andrea-kimi-antonelli","tag-mclaren","tag-mercedes","42wp_author-jamile-racanicci","42wp_author-leonid-kluiev","42wp_author-luana-marino"],"_links":{"self":[{"href":"https:\/\/grandepremio.com\/br\/wp-json\/wp\/v2\/posts\/162925","targetHints":{"allow":["GET"]}}],"collection":[{"href":"https:\/\/grandepremio.com\/br\/wp-json\/wp\/v2\/posts"}],"about":[{"href":"https:\/\/grandepremio.com\/br\/wp-json\/wp\/v2\/types\/post"}],"author":[{"embeddable":true,"href":"https:\/\/grandepremio.com\/br\/wp-json\/wp\/v2\/users\/4"}],"replies":[{"embeddable":true,"href":"https:\/\/grandepremio.com\/br\/wp-json\/wp\/v2\/comments?post=162925"}],"version-history":[{"count":1,"href":"https:\/\/grandepremio.com\/br\/wp-json\/wp\/v2\/posts\/162925\/revisions"}],"predecessor-version":[{"id":162933,"href":"https:\/\/grandepremio.com\/br\/wp-json\/wp\/v2\/posts\/162925\/revisions\/162933"}],"wp:featuredmedia":[{"embeddable":true,"href":"https:\/\/grandepremio.com\/br\/wp-json\/wp\/v2\/media\/1020312850"}],"wp:attachment":[{"href":"https:\/\/grandepremio.com\/br\/wp-json\/wp\/v2\/media?parent=162925"}],"wp:term":[{"taxonomy":"category","embeddable":true,"href":"https:\/\/grandepremio.com\/br\/wp-json\/wp\/v2\/categories?post=162925"},{"taxonomy":"post_tag","embeddable":true,"href":"https:\/\/grandepremio.com\/br\/wp-json\/wp\/v2\/tags?post=162925"},{"taxonomy":"42wp_author","embeddable":true,"href":"https:\/\/grandepremio.com\/br\/wp-json\/wp\/v2\/42wp_author?post=162925"}],"curies":[{"name":"wp","href":"https:\/\/api.w.org\/{rel}","templated":true}]}}