{"id":163018,"date":"2026-08-24T11:48:18","date_gmt":"2026-08-24T14:48:18","guid":{"rendered":"https:\/\/grandepremio.com\/br\/?p=163018"},"modified":"2026-08-24T11:48:56","modified_gmt":"2026-08-24T14:48:56","slug":"onde-assistir-gp-de-aragao-motogp-2026","status":"publish","type":"post","link":"https:\/\/grandepremio.com\/br\/motogp\/onde-assistir-gp-de-aragao-motogp-2026\/","title":{"rendered":"Onde assistir ao GP de Arag\u00e3o de MotoGP 2026"},"content":{"rendered":"\n<p class=\"wp-block-paragraph\">Depois de tr\u00eas semanas de descanso, os pilotos do Mundial de Motovelocidade voltam \u00e0 ativa neste fim de semana para o GP de Arag\u00e3o, 13\u00aa etapa da temporada 2026.<\/p>\n\n\n\n<p class=\"wp-block-paragraph\">Em se tratando de Arag\u00e3o, os hor\u00e1rios da MotoGP seguem o padr\u00e3o das provas europeias. As atividades em pista come\u00e7am \u00e0s 4h, com a MotoGP entrando na pista \u00e0s 5h45 para o treino livre 1. A sess\u00e3o que divide os pilotos da classe rainha entre Q1 e Q2 acontece \u00e0s 10h de sexta-feira.<\/p>\n\n\n\n<figure class=\"wp-block-embed is-type-video is-provider-youtube wp-block-embed-youtube wp-embed-aspect-16-9 wp-has-aspect-ratio\"><div class=\"wp-block-embed__wrapper\">\n<iframe loading=\"lazy\" title=\"POR QUE CHEGOU A VEZ DE MOREIRA CORRER NA HONDA? | Motoca GP\" width=\"500\" height=\"281\" src=\"https:\/\/www.youtube.com\/embed\/lDbrutPoBN4?start=973&amp;feature=oembed\" frameborder=\"0\" allow=\"accelerometer; autoplay; clipboard-write; encrypted-media; gyroscope; picture-in-picture; web-share\" referrerpolicy=\"strict-origin-when-cross-origin\" allowfullscreen><\/iframe>\n<\/div><\/figure>\n\n\n\n<p class=\"wp-block-paragraph\">No s\u00e1bado, a classifica\u00e7\u00e3o da MotoGP acontece a partir de 5h50, com a corrida sprint agendada para 10h. No domingo, a Baggers abre a programa\u00e7\u00e3o a partir de 3h55; a Moto3 vem em seguida, \u00e0s 6h; com a Moto2 disputando o GP \u00e0s 7h15 e a MotoGP fechando o dia com a prova principal \u00e0s 9h.<\/p>\n\n\n\n<p class=\"wp-block-paragraph\">No Brasil, a transmiss\u00e3o \u00e9 da ESPN 4 e o servi\u00e7o de streaming Disney +. A narra\u00e7\u00e3o \u00e9 de Hamilton Rodrigues, com coment\u00e1rios e Fausto Macieira e Juliana Tesser. Em Portugal, \u00e9 a Sport TV 4 quem faz a exibi\u00e7\u00e3o do Mundial de Motovelocidade.<\/p>\n\n\n\n<figure class=\"wp-block-image size-full\"><img loading=\"lazy\" decoding=\"async\" width=\"1200\" height=\"827\" src=\"https:\/\/grandepremio.com\/br\/wp-content\/uploads\/2025\/06\/AFP__20250607__49K926W__v1__Preview__MotoPrixEspSprint.jpg\" alt=\"\" class=\"wp-image-1000978367\" srcset=\"https:\/\/grandepremio.com\/wp-content\/uploads\/2025\/06\/AFP__20250607__49K926W__v1__Preview__MotoPrixEspSprint.jpg 1200w, https:\/\/grandepremio.com\/wp-content\/uploads\/2025\/06\/AFP__20250607__49K926W__v1__Preview__MotoPrixEspSprint-300x207.jpg 300w, https:\/\/grandepremio.com\/wp-content\/uploads\/2025\/06\/AFP__20250607__49K926W__v1__Preview__MotoPrixEspSprint-768x529.jpg 768w, https:\/\/grandepremio.com\/wp-content\/uploads\/2025\/06\/AFP__20250607__49K926W__v1__Preview__MotoPrixEspSprint-150x103.jpg 150w\" sizes=\"(max-width: 1200px) 100vw, 1200px\" \/><figcaption class=\"wp-element-caption\">Arag\u00e3o volta a ser palco da MotoGP em 2026 (Foto: AFP)<\/figcaption><\/figure>\n\n\n\n<p class=\"wp-block-paragraph\">O espectador tamb\u00e9m tem a op\u00e7\u00e3o de assistir todas as atividades do fim de semana por meio do VideoPass, o streaming oficial da MotoGP. O servi\u00e7o pago conta com quatro possibilidades de assinatura: o pacote anual com v\u00eddeo e cronometragem custa \u20ac 74,99 (cerca de R$ 380); enquanto a vers\u00e3o apenas de v\u00eddeo tem o valor de \u20ac 69,99 (aproximadamente R$ 355); a assinatura mensal do combo v\u00eddeo e cronometragem custa \u20ac 32,99 (em torno de R$ 167); com a assinatura sem os tempos baixando para \u20ac 29,99 (por volta de R$ 152).<\/p>\n\n\n\n<p class=\"wp-block-paragraph\">O&nbsp;<strong>GRANDE PR\u00caMIO&nbsp;<\/strong>faz a cobertura completa do evento, assim como das demais classes do Mundial de Motovelocidade.<\/p>\n\n\n\n<h2 class=\"wp-block-heading\">MotoGP 2026, GP de Arag\u00e3o, MotorLand, Hor\u00e1rios:<\/h2>\n\n\n\n<h2 class=\"wp-block-heading\">Hor\u00e1rios do Brasil*<\/h2>\n\n\n\n<h3 class=\"wp-block-heading\">Sexta-feira:<\/h3>\n\n\n\n<ul id=\"block-dd1343c9-004c-4bab-9f44-3c7133d684e5\" class=\"wp-block-list\">\n<li>Moto3 \u2013 Treino livre 1: 4h<\/li>\n\n\n\n<li>Moto2 \u2013 Treino livre 1: 4h50<\/li>\n\n\n\n<li>Moto3 \u2013 Treino livre 1: 5h45<\/li>\n\n\n\n<li>Copa do Mundo de Harley-Davidson Baggers \u2013 Treino 1: 7h05<\/li>\n\n\n\n<li>Moto3 \u2013 Treino: 8h15 \ud83d\udcfa<\/li>\n\n\n\n<li>Moto2 \u2013 Treino: 9h05 \ud83d\udcfa<\/li>\n\n\n\n<li>MotoGP \u2013 Treino: 10h \ud83d\udcfa<\/li>\n\n\n\n<li>Copa do Mundo de Harley-Davidson Baggers \u2013 Treino 2: 11h25<\/li>\n<\/ul>\n\n\n\n<h3 class=\"wp-block-heading\">S\u00e1bado:<\/h3>\n\n\n\n<ul id=\"block-258bc9b4-c437-4672-8998-29c74f5688c9\" class=\"wp-block-list\">\n<li>Moto3 \u2013 Treino livre 2: 3h40<\/li>\n\n\n\n<li>Moto2 \u2013 Treino livre 2: 4h25<\/li>\n\n\n\n<li>MotoGP \u2013 Treino livre 2: 5h10 \ud83d\udcfa<\/li>\n\n\n\n<li>MotoGP \u2013 Q1: 5h50 \ud83d\udcfa<\/li>\n\n\n\n<li>MotoGP \u2013 Q2: 6h15 \ud83d\udcfa<\/li>\n\n\n\n<li>Copa do Mundo de Harley-Davidson Bagger \u2013 Classifica\u00e7\u00e3o: 7h10<\/li>\n\n\n\n<li>Moto3 \u2013 Q1: 7h45 \ud83d\udcfa<\/li>\n\n\n\n<li>Moto3 \u2013 Q2: 8h10 \ud83d\udcfa<\/li>\n\n\n\n<li>Moto2 \u2013 Q1: 8h40 \ud83d\udcfa<\/li>\n\n\n\n<li>Moto2 \u2013 Q2: 9h05 \ud83d\udcfa<\/li>\n\n\n\n<li>MotoGP \u2013 Sprint (11 voltas): 10h \ud83d\udcfa<\/li>\n\n\n\n<li>Copa do Mundo de Harley-Davidson Baggers \u2013 Corrida 1 (8 voltas): 11h10 \ud83d\udcfa<\/li>\n<\/ul>\n\n\n\n<h3 class=\"wp-block-heading\">Domingo:<\/h3>\n\n\n\n<ul id=\"block-2d527b67-381e-45bc-94b8-c58c84bff551\" class=\"wp-block-list\">\n<li>Copa do Mundo de Harley-Davidson Baggers \u2013 Corrida 2 (8 voltas): 3h55 \ud83d\udcfa<\/li>\n\n\n\n<li>MotoGP \u2013 Warm-up: 4h40<\/li>\n\n\n\n<li>Moto3 \u2013 GP (17 voltas): 6h \ud83d\udcfa<\/li>\n\n\n\n<li>Moto2 \u2013 GP (19 voltas): 7h15 \ud83d\udcfa<\/li>\n\n\n\n<li>MotoGP \u2013 GP (23 voltas): 9h \ud83d\udcfa<\/li>\n<\/ul>\n\n\n\n<h2 class=\"wp-block-heading\">Hor\u00e1rios de Portugal*<\/h2>\n\n\n\n<h3 class=\"wp-block-heading\">Sexta-feira:<\/h3>\n\n\n\n<ul id=\"block-dd1343c9-004c-4bab-9f44-3c7133d684e5\" class=\"wp-block-list\">\n<li>Moto3 \u2013 Treino livre 1: 8h\ud83d\udcfa<\/li>\n\n\n\n<li>Moto2 \u2013 Treino livre 1: 8h50\ud83d\udcfa<\/li>\n\n\n\n<li>Moto3 \u2013 Treino livre 1: 9h45\ud83d\udcfa<\/li>\n\n\n\n<li>Copa do Mundo de Harley-Davidson Baggers \u2013 Treino 1: 11h05<\/li>\n\n\n\n<li>Moto3 \u2013 Treino: 12h15 \ud83d\udcfa<\/li>\n\n\n\n<li>Moto2 \u2013 Treino: 13h05 \ud83d\udcfa<\/li>\n\n\n\n<li>MotoGP \u2013 Treino: 14h \ud83d\udcfa<\/li>\n\n\n\n<li>Copa do Mundo de Harley-Davidson Baggers \u2013 Treino 2: 11h25<\/li>\n<\/ul>\n\n\n\n<h3 class=\"wp-block-heading\">S\u00e1bado:<\/h3>\n\n\n\n<ul id=\"block-258bc9b4-c437-4672-8998-29c74f5688c9\" class=\"wp-block-list\">\n<li>Moto3 \u2013 Treino livre 2: 7h40\ud83d\udcfa<\/li>\n\n\n\n<li>Moto2 \u2013 Treino livre 2: 8h25\ud83d\udcfa<\/li>\n\n\n\n<li>MotoGP \u2013 Treino livre 2: 9h10 \ud83d\udcfa<\/li>\n\n\n\n<li>MotoGP \u2013 Q1: 9h50 \ud83d\udcfa<\/li>\n\n\n\n<li>MotoGP \u2013 Q2: 10h15 \ud83d\udcfa<\/li>\n\n\n\n<li>Copa do Mundo de Harley-Davidson Bagger \u2013 Classifica\u00e7\u00e3o: 11h10\ud83d\udcfa<\/li>\n\n\n\n<li>Moto3 \u2013 Q1: 11h45 \ud83d\udcfa<\/li>\n\n\n\n<li>Moto3 \u2013 Q2: 12h10 \ud83d\udcfa<\/li>\n\n\n\n<li>Moto2 \u2013 Q1: 12h40 \ud83d\udcfa<\/li>\n\n\n\n<li>Moto2 \u2013 Q2: 13h05 \ud83d\udcfa<\/li>\n\n\n\n<li>MotoGP \u2013 Sprint (11 voltas): 14h \ud83d\udcfa<\/li>\n\n\n\n<li>Copa do Mundo de Harley-Davidson Baggers \u2013 Corrida 1 (8 voltas): 15h10 \ud83d\udcfa<\/li>\n<\/ul>\n\n\n\n<h3 class=\"wp-block-heading\">Domingo:<\/h3>\n\n\n\n<ul id=\"block-2d527b67-381e-45bc-94b8-c58c84bff551\" class=\"wp-block-list\">\n<li>Copa do Mundo de Harley-Davidson Baggers \u2013 Corrida 2 (8 voltas): 7h55 \ud83d\udcfa<\/li>\n\n\n\n<li>MotoGP \u2013 Warm-up: 8h40\ud83d\udcfa<\/li>\n\n\n\n<li>Moto3 \u2013 GP (17 voltas): 10h \ud83d\udcfa<\/li>\n\n\n\n<li>Moto2 \u2013 GP (19 voltas): 11h15 \ud83d\udcfa<\/li>\n\n\n\n<li>MotoGP \u2013 GP (23 voltas): 13h \ud83d\udcfa<\/li>\n<\/ul>\n","protected":false},"excerpt":{"rendered":"<p>MotoGP volta \u00e0 ativa neste fim de semana em Arag\u00e3o para a 13\u00aa etapa da temporada 2026. Confira a programa\u00e7\u00e3o!<\/p>\n","protected":false},"author":18,"featured_media":1000978725,"comment_status":"closed","ping_status":"closed","sticky":false,"template":"","format":"standard","meta":{"42wp_featured_image_caption":"MotoGP acelera em Arag\u00e3o neste fim de semana ","42wp_featured_image_credits":"Red Bull Content Pool","42wp_featured_video":"","42wp_featured_image_hidden":false,"42wp_authors_list":[{"id":47161,"location":"de Ara\u00e7atuba"}],"footnotes":""},"categories":[8],"tags":[26038,26434,78],"42wp_author":[47161],"class_list":["post-163018","post","type-post","status-publish","format-standard","has-post-thumbnail","hentry","category-motogp","tag-aragao","tag-gp-de-aragao","tag-motogp","42wp_author-kaio-esteves"],"_links":{"self":[{"href":"https:\/\/grandepremio.com\/br\/wp-json\/wp\/v2\/posts\/163018","targetHints":{"allow":["GET"]}}],"collection":[{"href":"https:\/\/grandepremio.com\/br\/wp-json\/wp\/v2\/posts"}],"about":[{"href":"https:\/\/grandepremio.com\/br\/wp-json\/wp\/v2\/types\/post"}],"author":[{"embeddable":true,"href":"https:\/\/grandepremio.com\/br\/wp-json\/wp\/v2\/users\/18"}],"replies":[{"embeddable":true,"href":"https:\/\/grandepremio.com\/br\/wp-json\/wp\/v2\/comments?post=163018"}],"version-history":[{"count":2,"href":"https:\/\/grandepremio.com\/br\/wp-json\/wp\/v2\/posts\/163018\/revisions"}],"predecessor-version":[{"id":163022,"href":"https:\/\/grandepremio.com\/br\/wp-json\/wp\/v2\/posts\/163018\/revisions\/163022"}],"wp:featuredmedia":[{"embeddable":true,"href":"https:\/\/grandepremio.com\/br\/wp-json\/wp\/v2\/media\/1000978725"}],"wp:attachment":[{"href":"https:\/\/grandepremio.com\/br\/wp-json\/wp\/v2\/media?parent=163018"}],"wp:term":[{"taxonomy":"category","embeddable":true,"href":"https:\/\/grandepremio.com\/br\/wp-json\/wp\/v2\/categories?post=163018"},{"taxonomy":"post_tag","embeddable":true,"href":"https:\/\/grandepremio.com\/br\/wp-json\/wp\/v2\/tags?post=163018"},{"taxonomy":"42wp_author","embeddable":true,"href":"https:\/\/grandepremio.com\/br\/wp-json\/wp\/v2\/42wp_author?post=163018"}],"curies":[{"name":"wp","href":"https:\/\/api.w.org\/{rel}","templated":true}]}}