{"id":163030,"date":"2026-08-24T12:46:52","date_gmt":"2026-08-24T15:46:52","guid":{"rendered":"https:\/\/grandepremio.com\/br\/?p=163030"},"modified":"2026-08-24T12:46:53","modified_gmt":"2026-08-24T15:46:53","slug":"alex-palou-lamenta-dia-muito-ruim-explica-sequencia-levou-a-batida-washington","status":"publish","type":"post","link":"https:\/\/grandepremio.com\/br\/indy\/alex-palou-lamenta-dia-muito-ruim-explica-sequencia-levou-a-batida-washington\/","title":{"rendered":"Palou lamenta &#8220;dia muito ruim&#8221; e explica sequ\u00eancia que levou a batida em Washington"},"content":{"rendered":"\n<p class=\"wp-block-paragraph\">\u00c1lex Palou viveu uma das piores jornadas da carreira no GP de Washington, realizado neste domingo (23). Depois de conquistar uma pole-position impressionante, o espanhol perdeu a lideran\u00e7a ainda na primeira curva e entrou em uma espiral negativa ap\u00f3s a primeira parada, com uma sequ\u00eancia de acontecimentos que fez o piloto terminar a 15\u00aa etapa da temporada da Indy em 20\u00ba.<\/p>\n\n\n\n<p class=\"wp-block-paragraph\">Palou acertou um pneu de Mick Schumacher na sa\u00edda dos boxes, o que rendeu um drive-through como puni\u00e7\u00e3o e jogou o piloto para o fundo do pelot\u00e3o. Na tentativa de recuperar terreno, a Ganassi mudou a estrat\u00e9gia do espanhol, mas teve problemas na troca do pneu dianteiro esquerdo, o que tornou a parada ainda mais lenta.<\/p>\n\n\n\n<figure class=\"wp-block-video\"><video class=\"video-js vjs-big-play-centered\" data-gp-vjs=\"1\" controls src=\"https:\/\/grandepremio-portal.b-cdn.net\/2026\/08\/batida-palou.mp4\"><\/video><figcaption class=\"wp-element-caption\">\u00c1lex Palou bateu no GP de Washington (Video: Reproducci\u00f3n \/ Fox)<\/figcaption><\/figure>\n\n\n\n<p class=\"wp-block-paragraph\">Como se n\u00e3o bastasse, Palou alegou ter tocado o muro na reta final da prova, o que provocou uma quebra na suspens\u00e3o. O problema fez o espanhol rodar e bater mais tarde, provocando uma bandeira amarela. Para completar, o #10, al\u00e9m de perder a chance de ser campe\u00e3o em Washington, viu Kyle Kirkwood dominar a prova e reduzir a desvantagem de 133 para 91 pontos.<\/p>\n\n\n\n<p class=\"wp-block-paragraph\">\u201cFoi uma daquelas corridas em que queria ir muito bem, queria conquistar a vit\u00f3ria, ent\u00e3o machuca muito termos tido um dia t\u00e3o ruim assim, mas tudo bem. Essas coisas acontecem. Pelo menos fico meio feliz que tudo tenha acontecido no mesmo dia, em vez de se espalhar por diferentes corridas. Tivemos alguns problemas no pit lane. Um foi culpa minha. Outro estava fora do meu controle\u201d, disse Palou.<\/p>\n\n\n\n<p class=\"wp-block-paragraph\">\u201cTamb\u00e9m aconteceu algo na pista e ent\u00e3o acabei batendo no muro. Depois de 20 voltas, o toe-link da suspens\u00e3o traseira quebrou, e foi por isso que rodei. N\u00e3o foi um bom dia, mas tudo bem\u201d, acrescentou Palou.<\/p>\n\n\n\n<figure class=\"wp-block-image size-large\"><img loading=\"lazy\" decoding=\"async\" width=\"1024\" height=\"683\" src=\"https:\/\/grandepremio.com\/br\/wp-content\/uploads\/2026\/08\/Alex-Palou-Freedom-250-Grand-Prix-of-Washington_-D_C_-By_-James-Black_Large-Image-Without-Watermark_m163628-1024x683.jpg\" alt=\"\" class=\"wp-image-1020312766\" srcset=\"https:\/\/grandepremio.com\/wp-content\/uploads\/2026\/08\/Alex-Palou-Freedom-250-Grand-Prix-of-Washington_-D_C_-By_-James-Black_Large-Image-Without-Watermark_m163628-1024x683.jpg 1024w, https:\/\/grandepremio.com\/wp-content\/uploads\/2026\/08\/Alex-Palou-Freedom-250-Grand-Prix-of-Washington_-D_C_-By_-James-Black_Large-Image-Without-Watermark_m163628-300x200.jpg 300w, https:\/\/grandepremio.com\/wp-content\/uploads\/2026\/08\/Alex-Palou-Freedom-250-Grand-Prix-of-Washington_-D_C_-By_-James-Black_Large-Image-Without-Watermark_m163628-768x512.jpg 768w, https:\/\/grandepremio.com\/wp-content\/uploads\/2026\/08\/Alex-Palou-Freedom-250-Grand-Prix-of-Washington_-D_C_-By_-James-Black_Large-Image-Without-Watermark_m163628-1536x1024.jpg 1536w, https:\/\/grandepremio.com\/wp-content\/uploads\/2026\/08\/Alex-Palou-Freedom-250-Grand-Prix-of-Washington_-D_C_-By_-James-Black_Large-Image-Without-Watermark_m163628-2048x1365.jpg 2048w, https:\/\/grandepremio.com\/wp-content\/uploads\/2026\/08\/Alex-Palou-Freedom-250-Grand-Prix-of-Washington_-D_C_-By_-James-Black_Large-Image-Without-Watermark_m163628-150x100.jpg 150w\" sizes=\"(max-width: 1024px) 100vw, 1024px\" \/><figcaption class=\"wp-element-caption\">\u00c1lex Palou (Foto: IndyCar)<\/figcaption><\/figure>\n\n\n\n<p class=\"wp-block-paragraph\">\u201cFoi um daqueles dias ruins em que, assim que voc\u00ea entra em uma situa\u00e7\u00e3o ruim, acaba saindo da disputa. Agora s\u00e3o 91 pontos, ent\u00e3o nunca d\u00e1 para ficar completamente confort\u00e1vel at\u00e9 que esteja tudo decidido. Hoje d\u00f3i mais por causa desta corrida do que pelo campeonato. Acho que a boa quantidade de pontos que t\u00ednhamos \u00e9 \u00f3tima para um dia como hoje, justamente para que agora possamos focar em Milwaukee e tentar vencer\u201d, finalizou.<\/p>\n\n\n\n<p class=\"wp-block-paragraph\">A Indy retorna neste fim de semana, com a rodada dupla no oval de 1 milha (1,609 km) de Milwaukee \u2014 16\u00aa e 17\u00aa etapas da temporada 2026 \u2014, localizado na cidade de West Allis, no Wisconsin. O\u00a0<strong>GRANDE PR\u00caMIO<\/strong>\u00a0faz cobertura completa do evento.<\/p>\n\n\n\n<p class=\"wp-block-paragraph\"><\/p>\n","protected":false},"excerpt":{"rendered":"<p>\u00c1lex Palou deixou o pelot\u00e3o da frente ap\u00f3s ser punido por acertar o pneu de Mick Schumacher nos boxes, primeiro de uma s\u00e9rie de contratempos em Washington<\/p>\n","protected":false},"author":14,"featured_media":1020312880,"comment_status":"closed","ping_status":"closed","sticky":false,"template":"","format":"standard","meta":{"42wp_featured_image_caption":"\u00c1lex Palou","42wp_featured_image_credits":"IndyCar","42wp_featured_video":"","42wp_featured_image_hidden":false,"42wp_authors_list":[{"id":47155,"location":"de S\u00e3o Paulo"}],"footnotes":""},"categories":[3],"tags":[1595,45771],"42wp_author":[47155],"class_list":["post-163030","post","type-post","status-publish","format-standard","has-post-thumbnail","hentry","category-indy","tag-ganassi","tag-gp-de-washington","42wp_author-daniel-balsa"],"_links":{"self":[{"href":"https:\/\/grandepremio.com\/br\/wp-json\/wp\/v2\/posts\/163030","targetHints":{"allow":["GET"]}}],"collection":[{"href":"https:\/\/grandepremio.com\/br\/wp-json\/wp\/v2\/posts"}],"about":[{"href":"https:\/\/grandepremio.com\/br\/wp-json\/wp\/v2\/types\/post"}],"author":[{"embeddable":true,"href":"https:\/\/grandepremio.com\/br\/wp-json\/wp\/v2\/users\/14"}],"replies":[{"embeddable":true,"href":"https:\/\/grandepremio.com\/br\/wp-json\/wp\/v2\/comments?post=163030"}],"version-history":[{"count":1,"href":"https:\/\/grandepremio.com\/br\/wp-json\/wp\/v2\/posts\/163030\/revisions"}],"predecessor-version":[{"id":163032,"href":"https:\/\/grandepremio.com\/br\/wp-json\/wp\/v2\/posts\/163030\/revisions\/163032"}],"wp:featuredmedia":[{"embeddable":true,"href":"https:\/\/grandepremio.com\/br\/wp-json\/wp\/v2\/media\/1020312880"}],"wp:attachment":[{"href":"https:\/\/grandepremio.com\/br\/wp-json\/wp\/v2\/media?parent=163030"}],"wp:term":[{"taxonomy":"category","embeddable":true,"href":"https:\/\/grandepremio.com\/br\/wp-json\/wp\/v2\/categories?post=163030"},{"taxonomy":"post_tag","embeddable":true,"href":"https:\/\/grandepremio.com\/br\/wp-json\/wp\/v2\/tags?post=163030"},{"taxonomy":"42wp_author","embeddable":true,"href":"https:\/\/grandepremio.com\/br\/wp-json\/wp\/v2\/42wp_author?post=163030"}],"curies":[{"name":"wp","href":"https:\/\/api.w.org\/{rel}","templated":true}]}}