{"id":163048,"date":"2026-08-24T14:36:10","date_gmt":"2026-08-24T17:36:10","guid":{"rendered":"https:\/\/grandepremio.com\/br\/?p=163048"},"modified":"2026-08-24T14:43:10","modified_gmt":"2026-08-24T17:43:10","slug":"com-brasileira-f1-academy-divulga-lista-pilotas-para-teste-novatas-espanha","status":"publish","type":"post","link":"https:\/\/grandepremio.com\/br\/f1-academy\/com-brasileira-f1-academy-divulga-lista-pilotas-para-teste-novatas-espanha\/","title":{"rendered":"Com brasileira, F1 Academy divulga lista de pilotas para teste de novatas na Espanha"},"content":{"rendered":"\n<p class=\"wp-block-paragraph\">Nesta segunda-feira (24), a <strong>F1 Academy anunciou a nova edi\u00e7\u00e3o do teste de novatas<\/strong>, que ser\u00e1 realizado entre os dias 9 e 11 de setembro, no <strong>Circuito de Navarra, na Espanha<\/strong>. Entre os 18 nomes confirmados para as atividades, uma brasileira est\u00e1 relacionada: <strong>Vicky Farfus, jovem pilota de 15 anos de idade e filha de Augusto Farfus<\/strong>, renomado piloto de endurance.<\/p>\n\n\n\n<p class=\"wp-block-paragraph\">Nesta atual temporada, <strong>Vicky disputa a Ginetta Junior<\/strong>, categoria brit\u00e2nica dedicada a pilotos entre 14 e 17 anos, pela Iron Dames. No ano passado, terminou o <strong>Mundial de Kart da FIA<\/strong> <strong>na quarta coloca\u00e7\u00e3o<\/strong>, se tornando a primeira pilota a completar o evento entre os cinco primeiros. <\/p>\n\n\n\n<figure class=\"wp-block-embed is-type-video is-provider-youtube wp-block-embed-youtube wp-embed-aspect-16-9 wp-has-aspect-ratio\"><div class=\"wp-block-embed__wrapper\">\n<iframe loading=\"lazy\" title=\"NORRIS PASSA ANTONELLI E VENCE EM ZANDVOORT: CLASSIFICA\u00c7\u00c3O F1 2026 [narra\u00e7\u00e3o + Briefing]\" width=\"500\" height=\"281\" src=\"https:\/\/www.youtube.com\/embed\/61gSlMNgr4U?feature=oembed\" frameborder=\"0\" allow=\"accelerometer; autoplay; clipboard-write; encrypted-media; gyroscope; picture-in-picture; web-share\" referrerpolicy=\"strict-origin-when-cross-origin\" allowfullscreen><\/iframe>\n<\/div><\/figure>\n\n\n\n<p class=\"wp-block-paragraph\">Al\u00e9m de participar do teste de novatas da F1 Academy em setembro, Farfus tamb\u00e9m far\u00e1 parte do <strong><em>Rookie Training Camp<\/em>, uma iniciativa da categoria em parceria com a Universidade de Loughborough<\/strong>, no Reino Unido, para oferecer \u00e0s pilotas um <strong>programa de treinamentos. O evento, inclusive, vai acontecer nesta semana<\/strong>, entre ter\u00e7a (25) e quinta-feira (27). <\/p>\n\n\n\n<p class=\"wp-block-paragraph\">O <strong>teste de novatas da F1 Academy aconteceu pela primeira vez no ano passado<\/strong>, tamb\u00e9m em Navarra, na Espanha. Das 18 pilotas que participaram em 2025, <strong>sete foram promovidas para disputarem a temporada 2026 completa<\/strong> da categoria. Al\u00e9m disso, <strong>outras duas foram escaladas como <em>Wild Card<\/em><\/strong> em etapas selecionadas do calend\u00e1rio at\u00e9 o momento. <\/p>\n\n\n\n<p class=\"wp-block-paragraph\">Agora, a F1 Academy volta \u00e0s pistas apenas ap\u00f3s o teste de novatas. A pr\u00f3xima etapa, a quinta da temporada 2026, acontece entre os dias 22 e 25 de outubro em Austin, no Texas. <\/p>\n\n\n\n<h2 class=\"wp-block-heading\">Confira a lista completa de pilotas confirmadas no teste de novatas da F1 Academy 2026:<\/h2>\n\n\n\n<figure class=\"wp-block-table is-style-stripes\"><table class=\"has-fixed-layout\"><tbody><tr><td>Alexia Danielsson<\/td><\/tr><tr><td>Rosanne Den Drijver<\/td><\/tr><tr><td>Jordyn Deza-Martin<\/td><\/tr><tr><td>Eva Dorrestijn<\/td><\/tr><tr><td>Vicky Farfus<\/td><\/tr><tr><td>Autumn Fisher<\/td><\/tr><tr><td>Zoe Florescu<\/td><\/tr><tr><td>Luna Fluxa<\/td><\/tr><tr><td>Yana Kapoor<\/td><\/tr><tr><td>Kareen Kaur<\/td><\/tr><tr><td>Carmen Kraav<\/td><\/tr><tr><td>Ella L\u00e4hdemaa<\/td><\/tr><tr><td>Sara Matsui<\/td><\/tr><tr><td>Ginevra Panzeri<\/td><\/tr><tr><td>Kokoro Sato<\/td><\/tr><tr><td>Milla Sj\u00f6strand<\/td><\/tr><tr><td>Clara Stiebleichinger<\/td><\/tr><tr><td>Sofia Zanfari<\/td><\/tr><\/tbody><\/table><\/figure>\n","protected":false},"excerpt":{"rendered":"<p>A F1 Academy anunciou a nova edi\u00e7\u00e3o do teste de novatas nesta segunda-feira (24) e incluiu o nome de Vicky Farfus entre as 18 pilotas que participar\u00e3o do programa <\/p>\n","protected":false},"author":20,"featured_media":1020312893,"comment_status":"closed","ping_status":"closed","sticky":false,"template":"","format":"standard","meta":{"42wp_featured_image_caption":"Vicky Farfus","42wp_featured_image_credits":"Iron Dames","42wp_featured_video":"","42wp_featured_image_hidden":false,"42wp_authors_list":[{"id":47162,"location":"de Vinhedo"}],"footnotes":""},"categories":[48],"tags":[72,35274],"42wp_author":[47162],"class_list":["post-163048","post","type-post","status-publish","format-standard","has-post-thumbnail","hentry","category-f1-academy","tag-augusto-farfus","tag-iron-dames","42wp_author-giovani-danjo"],"_links":{"self":[{"href":"https:\/\/grandepremio.com\/br\/wp-json\/wp\/v2\/posts\/163048","targetHints":{"allow":["GET"]}}],"collection":[{"href":"https:\/\/grandepremio.com\/br\/wp-json\/wp\/v2\/posts"}],"about":[{"href":"https:\/\/grandepremio.com\/br\/wp-json\/wp\/v2\/types\/post"}],"author":[{"embeddable":true,"href":"https:\/\/grandepremio.com\/br\/wp-json\/wp\/v2\/users\/20"}],"replies":[{"embeddable":true,"href":"https:\/\/grandepremio.com\/br\/wp-json\/wp\/v2\/comments?post=163048"}],"version-history":[{"count":8,"href":"https:\/\/grandepremio.com\/br\/wp-json\/wp\/v2\/posts\/163048\/revisions"}],"predecessor-version":[{"id":163060,"href":"https:\/\/grandepremio.com\/br\/wp-json\/wp\/v2\/posts\/163048\/revisions\/163060"}],"wp:featuredmedia":[{"embeddable":true,"href":"https:\/\/grandepremio.com\/br\/wp-json\/wp\/v2\/media\/1020312893"}],"wp:attachment":[{"href":"https:\/\/grandepremio.com\/br\/wp-json\/wp\/v2\/media?parent=163048"}],"wp:term":[{"taxonomy":"category","embeddable":true,"href":"https:\/\/grandepremio.com\/br\/wp-json\/wp\/v2\/categories?post=163048"},{"taxonomy":"post_tag","embeddable":true,"href":"https:\/\/grandepremio.com\/br\/wp-json\/wp\/v2\/tags?post=163048"},{"taxonomy":"42wp_author","embeddable":true,"href":"https:\/\/grandepremio.com\/br\/wp-json\/wp\/v2\/42wp_author?post=163048"}],"curies":[{"name":"wp","href":"https:\/\/api.w.org\/{rel}","templated":true}]}}