{"id":163062,"date":"2026-08-24T15:09:47","date_gmt":"2026-08-24T18:09:47","guid":{"rendered":"https:\/\/grandepremio.com\/br\/?p=163062"},"modified":"2026-08-24T15:13:21","modified_gmt":"2026-08-24T18:13:21","slug":"gabriel-bortoleto-cita-problemas-largada-zandvoort-nao-aproveitamos-posicao-grid","status":"publish","type":"post","link":"https:\/\/grandepremio.com\/br\/f1\/gabriel-bortoleto-cita-problemas-largada-zandvoort-nao-aproveitamos-posicao-grid\/","title":{"rendered":"Bortoleto cita &#8220;problemas na largada&#8221; em Zandvoort: &#8220;N\u00e3o aproveitamos posi\u00e7\u00e3o no grid&#8221;"},"content":{"rendered":"\n<p class=\"wp-block-paragraph\"><strong>Gabriel Bortoleto chegou para o GP dos Pa\u00edses Baixos com a expectativa de brigar por pontos<\/strong>, mas terminou o domingo (23) frustrado e <strong>distante do top-10<\/strong>. Depois de cruzar a linha de chegada, o <strong>brasileiro da Audi revelou que sofreu com problemas logo na largada<\/strong> e lamentou a rodada que deu na primeira volta. Ainda assim, sente que <strong>vai levar alguns &#8220;pontos positivos&#8221; para Monza<\/strong>. <\/p>\n\n\n\n<p class=\"wp-block-paragraph\"><strong>Bortoleto j\u00e1 n\u00e3o teve uma boa largada nos Pa\u00edses Baixos<\/strong>, mas conseguiu se manter dentro do top-10 at\u00e9 a \u00faltima curva da primeira volta. No entanto, logo depois que <strong>Max Verstappen bateu<\/strong> alguns metros \u00e0 frente, o <strong>brasileiro tamb\u00e9m perdeu o controle do carro<\/strong>, mas conseguiu evitar o muro. <\/p>\n\n\n\n<figure class=\"wp-block-embed is-type-video is-provider-youtube wp-block-embed-youtube wp-embed-aspect-16-9 wp-has-aspect-ratio\"><div class=\"wp-block-embed__wrapper\">\n<iframe loading=\"lazy\" title=\"NORRIS PASSA ANTONELLI E VENCE EM ZANDVOORT: CLASSIFICA\u00c7\u00c3O F1 2026 [narra\u00e7\u00e3o + Briefing]\" width=\"500\" height=\"281\" src=\"https:\/\/www.youtube.com\/embed\/61gSlMNgr4U?feature=oembed\" frameborder=\"0\" allow=\"accelerometer; autoplay; clipboard-write; encrypted-media; gyroscope; picture-in-picture; web-share\" referrerpolicy=\"strict-origin-when-cross-origin\" allowfullscreen><\/iframe>\n<\/div><\/figure>\n\n\n\n<p class=\"wp-block-paragraph\">Ainda assim, o <strong>estrago estava feito e o #5 despencou para fora da zona de pontua\u00e7\u00e3o<\/strong>. Mesmo subindo de volta para a 13\u00aa posi\u00e7\u00e3o depois de 72 voltas, <strong>Bortoleto lamentou a falta de pontos e apontou para os diversos contratempos<\/strong> em pista. Ainda assim, ressaltou o esfor\u00e7o da equipe e a boa performance do carro at\u00e9 o s\u00e1bado (22), quando ficou em oitavo na corrida sprint e em nono na classifica\u00e7\u00e3o. <\/p>\n\n\n\n<p class=\"wp-block-paragraph\">\u201cTivemos alguns problemas na largada que, infelizmente, n\u00e3o nos permitiram aproveitar ao m\u00e1ximo a posi\u00e7\u00e3o no grid. Al\u00e9m disso, quando vi a fuma\u00e7a do carro de Max [Verstappen], fiz uma pequena corre\u00e7\u00e3o no volante e perdi o controle do carro \u2014 felizmente, consegui evitar o muro&#8221;, relatou Bortoleto. <\/p>\n\n\n\n<p class=\"wp-block-paragraph\">\u201cA equipe fez um trabalho fant\u00e1stico para tentar me colocar na melhor posi\u00e7\u00e3o poss\u00edvel para recuperar posi\u00e7\u00f5es, ent\u00e3o \u00e9 uma pena n\u00e3o termos conseguido o resultado que quer\u00edamos, embora tenha sido bom ver Nico trazendo mais alguns pontos para casa hoje&#8221;, seguiu.<\/p>\n\n\n\n<p class=\"wp-block-paragraph\">\u201cO ritmo era bom, e eu estava satisfeito com a forma como estava me sentindo no carro at\u00e9 s\u00e1bado. Ent\u00e3o, vamos levar esses pontos positivos conosco e seguir para Monza daqui a duas semanas&#8221;, encerrou o brasileiro da Audi. <\/p>\n\n\n\n<p class=\"wp-block-paragraph\">A F\u00f3rmula 1 volta de 4 a 6 de setembro em Monza, palco do GP da It\u00e1lia, 13\u00aa etapa da temporada 2026.<\/p>\n","protected":false},"excerpt":{"rendered":"<p>Gabriel Bortoleto reconheceu que o carro da Audi estava melhor na classifica\u00e7\u00e3o e na corrida sprint do que no GP dos Pa\u00edses Baixos, mas ainda enxergou &#8220;pontos positivos&#8221; para levar para Monza<\/p>\n","protected":false},"author":20,"featured_media":1020312827,"comment_status":"closed","ping_status":"closed","sticky":false,"template":"","format":"standard","meta":{"42wp_featured_image_caption":"Gabriel Bortoleto em Zandvoort","42wp_featured_image_credits":"Audi","42wp_featured_video":"","42wp_featured_image_hidden":false,"42wp_authors_list":[{"id":47162,"location":"de Vinhedo"}],"footnotes":""},"categories":[2],"tags":[970,350,29126,1389],"42wp_author":[47162],"class_list":["post-163062","post","type-post","status-publish","format-standard","has-post-thumbnail","hentry","category-f1","tag-audi","tag-gabriel-bortoleto","tag-gp-dos-paises-baixos","tag-zandvoort","42wp_author-giovani-danjo"],"_links":{"self":[{"href":"https:\/\/grandepremio.com\/br\/wp-json\/wp\/v2\/posts\/163062","targetHints":{"allow":["GET"]}}],"collection":[{"href":"https:\/\/grandepremio.com\/br\/wp-json\/wp\/v2\/posts"}],"about":[{"href":"https:\/\/grandepremio.com\/br\/wp-json\/wp\/v2\/types\/post"}],"author":[{"embeddable":true,"href":"https:\/\/grandepremio.com\/br\/wp-json\/wp\/v2\/users\/20"}],"replies":[{"embeddable":true,"href":"https:\/\/grandepremio.com\/br\/wp-json\/wp\/v2\/comments?post=163062"}],"version-history":[{"count":5,"href":"https:\/\/grandepremio.com\/br\/wp-json\/wp\/v2\/posts\/163062\/revisions"}],"predecessor-version":[{"id":163068,"href":"https:\/\/grandepremio.com\/br\/wp-json\/wp\/v2\/posts\/163062\/revisions\/163068"}],"wp:featuredmedia":[{"embeddable":true,"href":"https:\/\/grandepremio.com\/br\/wp-json\/wp\/v2\/media\/1020312827"}],"wp:attachment":[{"href":"https:\/\/grandepremio.com\/br\/wp-json\/wp\/v2\/media?parent=163062"}],"wp:term":[{"taxonomy":"category","embeddable":true,"href":"https:\/\/grandepremio.com\/br\/wp-json\/wp\/v2\/categories?post=163062"},{"taxonomy":"post_tag","embeddable":true,"href":"https:\/\/grandepremio.com\/br\/wp-json\/wp\/v2\/tags?post=163062"},{"taxonomy":"42wp_author","embeddable":true,"href":"https:\/\/grandepremio.com\/br\/wp-json\/wp\/v2\/42wp_author?post=163062"}],"curies":[{"name":"wp","href":"https:\/\/api.w.org\/{rel}","templated":true}]}}