{"id":163063,"date":"2026-08-24T15:28:19","date_gmt":"2026-08-24T18:28:19","guid":{"rendered":"https:\/\/grandepremio.com\/br\/?p=163063"},"modified":"2026-08-24T15:28:20","modified_gmt":"2026-08-24T18:28:20","slug":"pato-oward-analisa-corrida-dificil-revela-problema-reabastecimento-gp-washington","status":"publish","type":"post","link":"https:\/\/grandepremio.com\/br\/indy\/pato-oward-analisa-corrida-dificil-revela-problema-reabastecimento-gp-washington\/","title":{"rendered":"O&#8217;Ward analisa &#8220;corrida dif\u00edcil&#8221; e revela problema no reabastecimento no GP de Washington"},"content":{"rendered":"\n<p class=\"wp-block-paragraph\">A McLaren se saiu bem no GP de Washington do \u00faltimo domingo (23), obtendo o segundo lugar com Christian Lundgaard e a sexta posi\u00e7\u00e3o com Nolan Siegel \u2014 o melhor resultado da carreira do estadunidense. A exce\u00e7\u00e3o ficou por conta de Pato O&#8217;Ward, que foi somente o 16\u00b0 colocado no circuito de rua. O mexicano admitiu que sofreu com o ritmo de corrida e, al\u00e9m disso, teve um problema de reabastecimento, que comprometeu toda a prova.<\/p>\n\n\n\n<p class=\"wp-block-paragraph\">O&#8217;Ward iniciou na s\u00e9tima posi\u00e7\u00e3o, mas perdeu dois postos logo na largada. O piloto do #5 conseguiu se sustentar no top-10 nas voltas iniciais, por\u00e9m, viu as chances de um bom resultado diminu\u00edrem no decorrer da prova. Al\u00e9m do problema de reabastecimento, passou reto na curva 6 e perdeu um tempo consider\u00e1vel at\u00e9 retornar \u00e0 pista.<\/p>\n\n\n\n<figure class=\"wp-block-embed is-type-video is-provider-youtube wp-block-embed-youtube wp-embed-aspect-16-9 wp-has-aspect-ratio\"><div class=\"wp-block-embed__wrapper\">\n<iframe loading=\"lazy\" title=\"COLLET, SCHUMACHER, TSUNODA: SILLY SEASON PEGA FOGO NA INDY | Sprint GP\" width=\"500\" height=\"281\" src=\"https:\/\/www.youtube.com\/embed\/myLuk56Tr5s?feature=oembed\" frameborder=\"0\" allow=\"accelerometer; autoplay; clipboard-write; encrypted-media; gyroscope; picture-in-picture; web-share\" referrerpolicy=\"strict-origin-when-cross-origin\" allowfullscreen><\/iframe>\n<\/div><\/figure>\n\n\n\n<p class=\"wp-block-paragraph\">O mexicano n\u00e3o conseguiu se recuperar e teve de amargurar a 16\u00aa coloca\u00e7\u00e3o em Washington, <a href=\"https:\/\/grandepremio.com\/br\/indy\/kyle-kirkwood-vence-sobras-gp-de-washington-adia-titulo-alex-palou-caio-collet-e-9\/\">uma volta atr\u00e1s do vencedor Kyle Kirkwood<\/a>. O&#8217;Ward reconheceu que sofreu com o ritmo de corrida e ainda n\u00e3o sabe a causa do problema de reabastecimento.<\/p>\n\n\n\n<p class=\"wp-block-paragraph\">&#8220;Foi uma prova dif\u00edcil hoje. Tivemos muita dificuldade com o ritmo de corrida e fomos obrigados a fazer paradas extras por conta de um problema no abastecimento do carro, por algum motivo&#8221;, lamentou o piloto da McLaren.<\/p>\n\n\n\n<figure class=\"wp-block-image size-large\"><img loading=\"lazy\" decoding=\"async\" width=\"1024\" height=\"683\" src=\"https:\/\/grandepremio.com\/br\/wp-content\/uploads\/2026\/08\/Freedom-250-Grand-Prix-of-Washington_-D_C_-Saturday_-August-22_-2026_Large-Image-Without-Watermark_m163395-1024x683.jpg\" alt=\"\" class=\"wp-image-1020312583\" srcset=\"https:\/\/grandepremio.com\/wp-content\/uploads\/2026\/08\/Freedom-250-Grand-Prix-of-Washington_-D_C_-Saturday_-August-22_-2026_Large-Image-Without-Watermark_m163395-1024x683.jpg 1024w, https:\/\/grandepremio.com\/wp-content\/uploads\/2026\/08\/Freedom-250-Grand-Prix-of-Washington_-D_C_-Saturday_-August-22_-2026_Large-Image-Without-Watermark_m163395-300x200.jpg 300w, https:\/\/grandepremio.com\/wp-content\/uploads\/2026\/08\/Freedom-250-Grand-Prix-of-Washington_-D_C_-Saturday_-August-22_-2026_Large-Image-Without-Watermark_m163395-768x512.jpg 768w, https:\/\/grandepremio.com\/wp-content\/uploads\/2026\/08\/Freedom-250-Grand-Prix-of-Washington_-D_C_-Saturday_-August-22_-2026_Large-Image-Without-Watermark_m163395-1536x1024.jpg 1536w, https:\/\/grandepremio.com\/wp-content\/uploads\/2026\/08\/Freedom-250-Grand-Prix-of-Washington_-D_C_-Saturday_-August-22_-2026_Large-Image-Without-Watermark_m163395-2048x1365.jpg 2048w, https:\/\/grandepremio.com\/wp-content\/uploads\/2026\/08\/Freedom-250-Grand-Prix-of-Washington_-D_C_-Saturday_-August-22_-2026_Large-Image-Without-Watermark_m163395-150x100.jpg 150w\" sizes=\"(max-width: 1024px) 100vw, 1024px\" \/><figcaption class=\"wp-element-caption\">Pato O&#8217;Ward n\u00e3o foi al\u00e9m do 16\u00b0 lugar em Washington (Foto: IndyCar)<\/figcaption><\/figure>\n\n\n\n<p class=\"wp-block-paragraph\">&#8220;Vamos trabalhar para descobrir o que aconteceu e, depois, iremos para Milwaukee tentar ter um fim de semana forte l\u00e1\u201d, finalizou.<\/p>\n\n\n\n<p class=\"wp-block-paragraph\">Com exce\u00e7\u00e3o da vit\u00f3ria em Mid-Ohio, O&#8217;Ward faz uma campanha bastante discreta na temporada 2026 da Indy e <a href=\"https:\/\/grandepremio.com\/br\/indy\/kyle-kirkwood-corta-vantagem-alex-palou-vitoria-em-washington-confira-classificacao-indy-2026\/\">ocupa a quinta coloca\u00e7\u00e3o no campeonato<\/a>. <\/p>\n\n\n\n<p class=\"wp-block-paragraph\">A Indy retorna neste fim de semana, com a rodada dupla no oval de 1 milha (1,609 km) de Milwaukee \u2014 16\u00aa e 17\u00aa etapas da temporada 2026 \u2014, localizado na cidade de West Allis, no Wisconsin. O\u00a0<strong>GRANDE PR\u00caMIO<\/strong>\u00a0faz cobertura completa do evento.<\/p>\n","protected":false},"excerpt":{"rendered":"<p>16\u00b0 colocado no GP de Washington, Pato O&#8217;Ward admitiu que teve dificuldades com o ritmo de corrida e explicou que teve de fazer pit-stops adicionais por conta de um problema no reabastecimento da McLaren #5<\/p>\n","protected":false},"author":21,"featured_media":1020310188,"comment_status":"closed","ping_status":"closed","sticky":false,"template":"","format":"standard","meta":{"42wp_featured_image_caption":"Pato O'Ward admitiu dificuldade com ritmo de corrida em Washington","42wp_featured_image_credits":"IndyCar","42wp_featured_video":"","42wp_featured_image_hidden":false,"42wp_authors_list":[{"id":47163,"location":"do Rio de Janeiro"}],"footnotes":""},"categories":[3],"tags":[45771,90,99],"42wp_author":[47163],"class_list":["post-163063","post","type-post","status-publish","format-standard","has-post-thumbnail","hentry","category-indy","tag-gp-de-washington","tag-mclaren","tag-pato-oward","42wp_author-caio-cavalcante"],"_links":{"self":[{"href":"https:\/\/grandepremio.com\/br\/wp-json\/wp\/v2\/posts\/163063","targetHints":{"allow":["GET"]}}],"collection":[{"href":"https:\/\/grandepremio.com\/br\/wp-json\/wp\/v2\/posts"}],"about":[{"href":"https:\/\/grandepremio.com\/br\/wp-json\/wp\/v2\/types\/post"}],"author":[{"embeddable":true,"href":"https:\/\/grandepremio.com\/br\/wp-json\/wp\/v2\/users\/21"}],"replies":[{"embeddable":true,"href":"https:\/\/grandepremio.com\/br\/wp-json\/wp\/v2\/comments?post=163063"}],"version-history":[{"count":1,"href":"https:\/\/grandepremio.com\/br\/wp-json\/wp\/v2\/posts\/163063\/revisions"}],"predecessor-version":[{"id":163075,"href":"https:\/\/grandepremio.com\/br\/wp-json\/wp\/v2\/posts\/163063\/revisions\/163075"}],"wp:featuredmedia":[{"embeddable":true,"href":"https:\/\/grandepremio.com\/br\/wp-json\/wp\/v2\/media\/1020310188"}],"wp:attachment":[{"href":"https:\/\/grandepremio.com\/br\/wp-json\/wp\/v2\/media?parent=163063"}],"wp:term":[{"taxonomy":"category","embeddable":true,"href":"https:\/\/grandepremio.com\/br\/wp-json\/wp\/v2\/categories?post=163063"},{"taxonomy":"post_tag","embeddable":true,"href":"https:\/\/grandepremio.com\/br\/wp-json\/wp\/v2\/tags?post=163063"},{"taxonomy":"42wp_author","embeddable":true,"href":"https:\/\/grandepremio.com\/br\/wp-json\/wp\/v2\/42wp_author?post=163063"}],"curies":[{"name":"wp","href":"https:\/\/api.w.org\/{rel}","templated":true}]}}