{"id":163073,"date":"2026-08-24T15:32:37","date_gmt":"2026-08-24T18:32:37","guid":{"rendered":"https:\/\/grandepremio.com\/br\/?p=163073"},"modified":"2026-08-24T15:35:48","modified_gmt":"2026-08-24T18:35:48","slug":"onde-assistir-etapa-nurburgring-gtwc-europa-2026","status":"publish","type":"post","link":"https:\/\/grandepremio.com\/br\/endurance\/onde-assistir-etapa-nurburgring-gtwc-europa-2026\/","title":{"rendered":"Onde assistir \u00e0 etapa de N\u00fcrburgring do GTWC Europa 2026"},"content":{"rendered":"\n<p class=\"wp-block-paragraph\">Ap\u00f3s passar por <strong>Magny-Cours<\/strong>, o\u00a0<strong>GTWC Europa desembarca em N\u00fcrburgring <\/strong>\u00a0para a s\u00e9tima etapa da temporada 2026. Fique por dentro da programa\u00e7\u00e3o do fim de semana, que vai de sexta-feira (28) at\u00e9 domingo (30).<\/p>\n\n\n\n<p class=\"wp-block-paragraph\">Os carros v\u00e3o \u00e0 pista \u00e0s 6h45 (de Bras\u00edlia, GMT-3) de sexta-feira para o teste oficial. Pouco depois, \u00e0s 11h40, acontece o teste exclusivo para pilotos bronze. No dia seguinte, os treinos livres ser\u00e3o realizados. O TL1 tem in\u00edcio \u00e0s 5h50, enquanto o TL2 come\u00e7a algumas horas depois, \u00e0s 11h15.<\/p>\n\n\n\n<figure class=\"wp-block-embed is-type-video is-provider-youtube wp-block-embed-youtube wp-embed-aspect-16-9 wp-has-aspect-ratio\"><div class=\"wp-block-embed__wrapper\">\n<iframe loading=\"lazy\" title=\"GTWC EUROPA 2026 COM IMAGENS | CORRIDA 2 COMPLETA EM MAGNY-COURS COM IMAGENS | 6\u00aa ETAPA\" width=\"500\" height=\"281\" src=\"https:\/\/www.youtube.com\/embed\/EbISE6pArf8?feature=oembed\" frameborder=\"0\" allow=\"accelerometer; autoplay; clipboard-write; encrypted-media; gyroscope; picture-in-picture; web-share\" referrerpolicy=\"strict-origin-when-cross-origin\" allowfullscreen><\/iframe>\n<\/div><\/figure>\n\n\n\n<p class=\"wp-block-paragraph\">No domingo (30), a classifica\u00e7\u00e3o come\u00e7a bem cedo, \u00e0s 4h45, e contar\u00e1 com tr\u00eas sess\u00f5es diferentes e uma atividade combinada no final. Horas depois, \u00e0s 10h, come\u00e7a a corrida de 3 horas de dura\u00e7\u00e3o em N\u00fcrburgring.<\/p>\n\n\n\n<p class=\"wp-block-paragraph\">O\u00a0<strong><a href=\"https:\/\/www.youtube.com\/@grandepremio\/featured\">GRANDE PR\u00caMIO, por meio da GPTV<\/a><\/strong>, leva ao p\u00fablico brasileiro a temporada completa do\u00a0<strong>GTWC Europa<\/strong>, bem como a do\u00a0<strong>GTWC Am\u00e9rica<\/strong>\u00a0e do\u00a0<strong>GTWC \u00c1sia<\/strong>, AO VIVO E COM IMAGENS.<\/p>\n\n\n\n<h2 class=\"wp-block-heading\">GTWC Europa 2026, etapa de N\u00fcrburgring: veja os hor\u00e1rios no Brasil, Cabo Verde, Portugal, Angola e Mo\u00e7ambique<\/h2>\n\n\n\n<figure class=\"wp-block-table is-style-stripes\"><table class=\"has-fixed-layout\"><tbody><tr><td>Dia<\/td><td>Sess\u00e3o<\/td><td>BRA*<\/td><td>CBV<\/td><td>POR<\/td><td>ANG<\/td><td>MOZ<\/td><\/tr><tr><td>Sexta-feira (28\/08)<\/td><td>Teste Oficial<\/td><td>06:45<\/td><td>8:45<\/td><td>9:45<\/td><td>10:45<\/td><td>11:45<\/td><\/tr><tr><td>Sexta-feira (28\/08)<\/td><td>Teste de pilotos bronze<\/td><td>11h40<\/td><td>13h40<\/td><td>14h40<\/td><td>15h40<\/td><td>16h40<\/td><\/tr><tr><td>S\u00e1bado (29\/08)<\/td><td>Treino Livre 1<\/td><td>05:50<\/td><td>07:50<\/td><td>08:50<\/td><td>09:50<\/td><td>10:50<\/td><\/tr><tr><td>S\u00e1bado (29\/08)<\/td><td>Treino Livre 2<\/td><td>11:15<\/td><td>13:15<\/td><td>14:15<\/td><td>15:15<\/td><td>16:15<\/td><\/tr><tr><td>Domingo (30\/08)<\/td><td>Classifica\u00e7\u00e3o <\/td><td>04:45<\/td><td>06:45<\/td><td>07:45<\/td><td>08:45<\/td><td>09:45<\/td><\/tr><tr><td>Domingo (30\/08)<\/td><td>Corrida <\/td><td>10:00<\/td><td>12:00<\/td><td>13:00<\/td><td>14:00<\/td><td>15:00<\/td><\/tr><\/tbody><\/table><\/figure>\n","protected":false},"excerpt":{"rendered":"<p>Fique por dentro da programa\u00e7\u00e3o do fim de semana e saiba como acompanhar \u00e0s atividades do GT World Challenge Europa em N\u00fcrburgring <\/p>\n","protected":false},"author":20,"featured_media":1001092500,"comment_status":"closed","ping_status":"closed","sticky":false,"template":"","format":"standard","meta":{"42wp_featured_image_caption":"GTWC Europa est\u00e1 de volta neste fim de semana","42wp_featured_image_credits":"GTWC Europa","42wp_featured_video":"","42wp_featured_image_hidden":false,"42wp_authors_list":[{"id":47162,"location":"de Vinhedo"}],"footnotes":""},"categories":[18],"tags":[26133,3799,32087],"42wp_author":[47162],"class_list":["post-163073","post","type-post","status-publish","format-standard","has-post-thumbnail","hentry","category-endurance","tag-horarios","tag-nurburgring","tag-onde-assistir","42wp_author-giovani-danjo"],"_links":{"self":[{"href":"https:\/\/grandepremio.com\/br\/wp-json\/wp\/v2\/posts\/163073","targetHints":{"allow":["GET"]}}],"collection":[{"href":"https:\/\/grandepremio.com\/br\/wp-json\/wp\/v2\/posts"}],"about":[{"href":"https:\/\/grandepremio.com\/br\/wp-json\/wp\/v2\/types\/post"}],"author":[{"embeddable":true,"href":"https:\/\/grandepremio.com\/br\/wp-json\/wp\/v2\/users\/20"}],"replies":[{"embeddable":true,"href":"https:\/\/grandepremio.com\/br\/wp-json\/wp\/v2\/comments?post=163073"}],"version-history":[{"count":3,"href":"https:\/\/grandepremio.com\/br\/wp-json\/wp\/v2\/posts\/163073\/revisions"}],"predecessor-version":[{"id":163078,"href":"https:\/\/grandepremio.com\/br\/wp-json\/wp\/v2\/posts\/163073\/revisions\/163078"}],"wp:featuredmedia":[{"embeddable":true,"href":"https:\/\/grandepremio.com\/br\/wp-json\/wp\/v2\/media\/1001092500"}],"wp:attachment":[{"href":"https:\/\/grandepremio.com\/br\/wp-json\/wp\/v2\/media?parent=163073"}],"wp:term":[{"taxonomy":"category","embeddable":true,"href":"https:\/\/grandepremio.com\/br\/wp-json\/wp\/v2\/categories?post=163073"},{"taxonomy":"post_tag","embeddable":true,"href":"https:\/\/grandepremio.com\/br\/wp-json\/wp\/v2\/tags?post=163073"},{"taxonomy":"42wp_author","embeddable":true,"href":"https:\/\/grandepremio.com\/br\/wp-json\/wp\/v2\/42wp_author?post=163073"}],"curies":[{"name":"wp","href":"https:\/\/api.w.org\/{rel}","templated":true}]}}