{"id":163089,"date":"2026-08-25T05:00:00","date_gmt":"2026-08-25T08:00:00","guid":{"rendered":"https:\/\/grandepremio.com\/br\/?p=163089"},"modified":"2026-08-24T19:07:45","modified_gmt":"2026-08-24T22:07:45","slug":"opel-anuncia-contratacao-mitch-evans-para-temporada-2026-27-formula-e","status":"publish","type":"post","link":"https:\/\/grandepremio.com\/br\/formula-e\/opel-anuncia-contratacao-mitch-evans-para-temporada-2026-27-formula-e\/","title":{"rendered":"Opel anuncia contrata\u00e7\u00e3o de Evans para temporada 2026\/27 da F\u00f3rmula E"},"content":{"rendered":"\n<p class=\"wp-block-paragraph\">A Opel anunciou nesta ter\u00e7a-feira (25) a contrata\u00e7\u00e3o de Mitch Evans para a disputa da temporada 2026\/27 da F\u00f3rmula E. O piloto com o maior n\u00famero de vit\u00f3rias na categoria vai formar dupla com o franc\u00eas Th\u00e9o Pourchaire e tem a miss\u00e3o de liderar a equipe que debuta na competi\u00e7\u00e3o no in\u00edcio da era Gen4.<\/p>\n\n\n\n<p class=\"wp-block-paragraph\">Evans chega \u00e0 Opel ap\u00f3s uma longa jornada na Jaguar. Foram dez anos de parceria, a mais duradoura da hist\u00f3ria da F\u00f3rmula E. Al\u00e9m de longeva, a passagem tamb\u00e9m foi muito vitoriosa: foram 16 vit\u00f3rias e 38 p\u00f3dios, al\u00e9m de dois vice-campeonatos.<\/p>\n\n\n\n<figure class=\"wp-block-embed is-type-video is-provider-youtube wp-block-embed-youtube wp-embed-aspect-16-9 wp-has-aspect-ratio\"><div class=\"wp-block-embed__wrapper\">\n<iframe loading=\"lazy\" title=\"F\u00d3RMULA E 2026 | CORRIDA 2 eP DE LONDRES COMPLETA COM IMAGENS E DRUGOVICH | 17\u00aa ETAPA\" width=\"500\" height=\"281\" src=\"https:\/\/www.youtube.com\/embed\/j_vLKFjcrKw?feature=oembed\" frameborder=\"0\" allow=\"accelerometer; autoplay; clipboard-write; encrypted-media; gyroscope; picture-in-picture; web-share\" referrerpolicy=\"strict-origin-when-cross-origin\" allowfullscreen><\/iframe>\n<\/div><\/figure>\n\n\n\n<p class=\"wp-block-paragraph\">O neozeland\u00eas destacou que j\u00e1 era hora de partir para um novo desafio na categoria e ressaltou que a estreia do Gen4 marca o momento ideal para uma mudan\u00e7a. Al\u00e9m disso, elogiou o projeto da montadora alem\u00e3.<\/p>\n\n\n\n<p class=\"wp-block-paragraph\">&#8220;Tenho orgulho de ser piloto da Opel e de fazer parte desse novo cap\u00edtulo na F\u00f3rmula E. \u00c9 \u00f3timo que finalmente possamos oficializar essa mudan\u00e7a&#8221;, iniciou Evans.<\/p>\n\n\n\n<p class=\"wp-block-paragraph\">&#8220;Depois de dez anos com outra fabricante, era hora de assumir um novo desafio. A transi\u00e7\u00e3o para os carros Gen4 representa o momento perfeito para come\u00e7ar algo novo. Senti imediatamente quanta energia e paix\u00e3o a Opel est\u00e1 dedicando ao projeto da F\u00f3rmula E. A equipe n\u00e3o est\u00e1 entrando na categoria apenas para competir. Est\u00e3o aqui para vencer, e \u00e9 exatamente esse meu objetivo&#8221;, salientou.<\/p>\n\n\n\n<p class=\"wp-block-paragraph\">Apesar de ser o piloto com o maior n\u00famero de vit\u00f3rias na categoria, Mitch ainda n\u00e3o conquistou o t\u00e3o sonhado t\u00edtulo \u2014 no eP de Londres, decis\u00e3o da \u00faltima temporada, bateu na trave mais uma vez. E mesmo em uma equipe nova, tra\u00e7ou a meta de ser campe\u00e3o.<\/p>\n\n\n\n<figure class=\"wp-block-image size-large\"><img loading=\"lazy\" decoding=\"async\" width=\"1200\" height=\"831\" src=\"https:\/\/grandepremio.com\/br\/wp-content\/uploads\/2026\/04\/SG033097_A5bMxN12-2048x2048-1-1200x831.jpg\" alt=\"\" class=\"wp-image-1001079139\" srcset=\"https:\/\/grandepremio.com\/wp-content\/uploads\/2026\/04\/SG033097_A5bMxN12-2048x2048-1-1200x831.jpg 1200w, https:\/\/grandepremio.com\/wp-content\/uploads\/2026\/04\/SG033097_A5bMxN12-2048x2048-1-300x208.jpg 300w, https:\/\/grandepremio.com\/wp-content\/uploads\/2026\/04\/SG033097_A5bMxN12-2048x2048-1-768x532.jpg 768w, https:\/\/grandepremio.com\/wp-content\/uploads\/2026\/04\/SG033097_A5bMxN12-2048x2048-1-150x104.jpg 150w, https:\/\/grandepremio.com\/wp-content\/uploads\/2026\/04\/SG033097_A5bMxN12-2048x2048-1.jpg 1366w\" sizes=\"(max-width: 1200px) 100vw, 1200px\" \/><figcaption class=\"wp-element-caption\">Opel vai estrear na pr\u00f3xima temporada da F\u00f3rmula E (Foto: F\u00f3rmula E)<\/figcaption><\/figure>\n\n\n\n<p class=\"wp-block-paragraph\">&#8220;O t\u00edtulo mundial continua sendo claramente o grande objetivo para mim \u2014 nesse sentido, ainda tenho uma conta a acertar com a F\u00f3rmula E. \u00c9 exatamente por isso que a mudan\u00e7a para a Opel parece ser o desafio certo. Come\u00e7ar uma nova gera\u00e7\u00e3o da categoria com uma nova equipe e ter sucesso imediato est\u00e1 longe de ser algo garantido, mas \u00e9 o que me atrai. Quero contribuir com minha experi\u00eancia de dez anos na competi\u00e7\u00e3o e desempenhar um papel importante no Mundial junto com Th\u00e9o&#8221;, destacou.<\/p>\n\n\n\n<p class=\"wp-block-paragraph\">Com Evans e Pourchaire, a Opel se prepara para a primeira temporada na categoria el\u00e9trica com uma dupla forte, que une experi\u00eancia e juventude. J\u00f6rg Schrott, chefe da equipe, j\u00e1 fala em &#8220;time dos sonhos&#8221;.<\/p>\n\n\n\n<p class=\"wp-block-paragraph\">&#8220;Conseguimos montar nossa equipe dos sonhos. Mitch Evans foi o candidato preferido<br>para a nossa equipe desde o in\u00edcio. O compromisso dele mais uma vez ressalta a seriedade de todo o projeto. J\u00e1 conhecemos Mitch dentro e fora das pistas. Al\u00e9m do indiscut\u00edvel e excepcional hist\u00f3rico esportivo, Evans tamb\u00e9m se encaixa perfeitamente em nosso time como pessoa. Depois de tantos anos com outra fabricante, ele estava deliberadamente em busca de um novo desafio&#8221;, ressaltou.<\/p>\n\n\n\n<p class=\"wp-block-paragraph\">&#8220;Agora, a fam\u00edlia Opel e Mitch est\u00e3o dando esse pr\u00f3ximo passo juntos. Com isso, estamos<br>enviando uma mensagem clara: estamos entrando no Mundial para disputar as primeiras posi\u00e7\u00f5es&#8221;, finalizou.<\/p>\n\n\n\n<p class=\"wp-block-paragraph\">A F\u00f3rmula E volta no dia 16 de novembro com os testes coletivos da pr\u00e9-temporada, em Madri, no Circuito de Jarama.<\/p>\n\n\n\n<p class=\"wp-block-paragraph\"><\/p>\n","protected":false},"excerpt":{"rendered":"<p>A Opel oficializou a contrata\u00e7\u00e3o de Mitch Evans para a estreia na F\u00f3rmula E na temporada 2026\/27. Piloto com o maior n\u00famero de vit\u00f3rias na categoria formar\u00e1 dupla com o novato Th\u00e9o Pourchaire<\/p>\n","protected":false},"author":21,"featured_media":1020312906,"comment_status":"closed","ping_status":"closed","sticky":false,"template":"","format":"standard","meta":{"42wp_featured_image_caption":"Mitch Evans vai defender a Opel na pr\u00f3xima temporada da F\u00f3rmula E","42wp_featured_image_credits":"Opel","42wp_featured_video":"","42wp_featured_image_hidden":false,"42wp_authors_list":[{"id":47163,"location":"do Rio de Janeiro"}],"footnotes":""},"categories":[19],"tags":[909,43337],"42wp_author":[47163],"class_list":["post-163089","post","type-post","status-publish","format-standard","has-post-thumbnail","hentry","category-formula-e","tag-mitch-evans","tag-opel","42wp_author-caio-cavalcante"],"_links":{"self":[{"href":"https:\/\/grandepremio.com\/br\/wp-json\/wp\/v2\/posts\/163089","targetHints":{"allow":["GET"]}}],"collection":[{"href":"https:\/\/grandepremio.com\/br\/wp-json\/wp\/v2\/posts"}],"about":[{"href":"https:\/\/grandepremio.com\/br\/wp-json\/wp\/v2\/types\/post"}],"author":[{"embeddable":true,"href":"https:\/\/grandepremio.com\/br\/wp-json\/wp\/v2\/users\/21"}],"replies":[{"embeddable":true,"href":"https:\/\/grandepremio.com\/br\/wp-json\/wp\/v2\/comments?post=163089"}],"version-history":[{"count":2,"href":"https:\/\/grandepremio.com\/br\/wp-json\/wp\/v2\/posts\/163089\/revisions"}],"predecessor-version":[{"id":163144,"href":"https:\/\/grandepremio.com\/br\/wp-json\/wp\/v2\/posts\/163089\/revisions\/163144"}],"wp:featuredmedia":[{"embeddable":true,"href":"https:\/\/grandepremio.com\/br\/wp-json\/wp\/v2\/media\/1020312906"}],"wp:attachment":[{"href":"https:\/\/grandepremio.com\/br\/wp-json\/wp\/v2\/media?parent=163089"}],"wp:term":[{"taxonomy":"category","embeddable":true,"href":"https:\/\/grandepremio.com\/br\/wp-json\/wp\/v2\/categories?post=163089"},{"taxonomy":"post_tag","embeddable":true,"href":"https:\/\/grandepremio.com\/br\/wp-json\/wp\/v2\/tags?post=163089"},{"taxonomy":"42wp_author","embeddable":true,"href":"https:\/\/grandepremio.com\/br\/wp-json\/wp\/v2\/42wp_author?post=163089"}],"curies":[{"name":"wp","href":"https:\/\/api.w.org\/{rel}","templated":true}]}}