{"id":163094,"date":"2026-08-24T17:31:37","date_gmt":"2026-08-24T20:31:37","guid":{"rendered":"https:\/\/grandepremio.com\/br\/?p=163094"},"modified":"2026-08-24T17:31:47","modified_gmt":"2026-08-24T20:31:47","slug":"lewis-hamilton-desculpa-ferrari-criticas-zandvoort-nao-foi-minha-melhor-versao","status":"publish","type":"post","link":"https:\/\/grandepremio.com\/br\/f1\/lewis-hamilton-desculpa-ferrari-criticas-zandvoort-nao-foi-minha-melhor-versao\/","title":{"rendered":"Hamilton se desculpa com Ferrari por cr\u00edticas em Zandvoort: &#8220;N\u00e3o foi minha melhor vers\u00e3o&#8221;"},"content":{"rendered":"\n<p class=\"wp-block-paragraph\">Lewis Hamilton utilizou as redes sociais para se desculpar com a Ferrari pelas mensagens de frustra\u00e7\u00e3o no r\u00e1dio e nas entrevistas p\u00f3s-corrida do GP dos Pa\u00edses Baixos. O heptacampe\u00e3o mundial ficou fora do p\u00f3dio em Zandvoort, na quarta coloca\u00e7\u00e3o, muito por perder tempo em disputa contra o companheiro de equipe Charles Leclerc, que desrespeitou uma ordem do time para ceder posi\u00e7\u00e3o.<\/p>\n\n\n\n<p class=\"wp-block-paragraph\">No Instagram, Hamilton agradeceu a Ferrari por todo o apoio e atualiza\u00e7\u00f5es lan\u00e7adas no carro. E reconheceu que a Scuderia precisa fazer um trabalho melhor a respeito das classifica\u00e7\u00f5es. Em 2026, Lewis largou da primeira fila apenas uma vez, justamente quando venceu o GP de Barcelona-Catalunha.<\/p>\n\n\n\n<figure class=\"wp-block-embed is-type-video is-provider-youtube wp-block-embed-youtube wp-embed-aspect-16-9 wp-has-aspect-ratio\"><div class=\"wp-block-embed__wrapper\">\n<iframe loading=\"lazy\" title=\"NORRIS PASSA ANTONELLI E VENCE EM ZANDVOORT: CLASSIFICA\u00c7\u00c3O F1 2026 [narra\u00e7\u00e3o + Briefing]\" width=\"500\" height=\"281\" src=\"https:\/\/www.youtube.com\/embed\/61gSlMNgr4U?feature=oembed\" frameborder=\"0\" allow=\"accelerometer; autoplay; clipboard-write; encrypted-media; gyroscope; picture-in-picture; web-share\" referrerpolicy=\"strict-origin-when-cross-origin\" allowfullscreen><\/iframe>\n<\/div><\/figure>\n\n\n\n<p class=\"wp-block-paragraph\">&#8220;Um fim de semana duro, mas sa\u00edmos com pontos valiosos para o time e sinais que estamos andando na dire\u00e7\u00e3o certa. Estou muito orgulhoso de todos na f\u00e1brica que continuam a trazer atualiza\u00e7\u00f5es, encontrar performances e nos empurrar para frente. Ao time na pista, muito obrigado. O compromisso e o esfor\u00e7o nunca v\u00e3o passar despercebidos. Ainda temos trabalho a fazer, especialmente em volta \u00fanica, mas vamos seguir cavando, aprendendo e melhorando juntos&#8221;, declarou.<\/p>\n\n\n\n<p class=\"wp-block-paragraph\">Em uma das entrevistas p\u00f3s-corrida, Hamilton comparou a Ferrari com a<a href=\"https:\/\/grandepremio.com\/br\/f1\/lewis-hamilton-cutuca-ferrari-elogia-jogo-equipe-mercedes-recebem-chamada-e-executam\/?mrfhud=true\"> Mercedes e apontou que &#8220;l\u00e1 as ordens s\u00e3o executadas&#8221;<\/a>, a respeito do momento em que George Russell cedeu a posi\u00e7\u00e3o para Andrea Kimi Antonelli conseguir se defender dos ataques do pr\u00f3prio Lewis.<\/p>\n\n\n\n<p class=\"wp-block-paragraph\">&#8220;Ouvi alguns dos meus coment\u00e1rios do r\u00e1dio e na TV. No calor do momento, frustra\u00e7\u00e3o pode acontecer, especialmente quando algu\u00e9m se importa tanto quanto eu. Mas n\u00e3o foi minha melhor vers\u00e3o. Assumo responsabilidade por isso e vou melhorar. A paix\u00e3o vem por confiar neste time, nas pessoas e no que constru\u00edmos. A dire\u00e7\u00e3o \u00e9 clara. A cren\u00e7a est\u00e1 ali. E a luta segue. Obrigado a todos que se mantiveram conosco. Vamos seguir construindo, seguir for\u00e7ando e seguir lutando. Estamos chegando&#8221;, concluiu.<\/p>\n\n\n\n<p class=\"wp-block-paragraph\">A F\u00f3rmula 1 volta de 4 a 6 de setembro em Monza, palco do GP da It\u00e1lia, 13\u00aa etapa da temporada 2026.<\/p>\n","protected":false},"excerpt":{"rendered":"<p>Lewis Hamilton se desculpou ap\u00f3s criticar a Ferrari publicamente depois de ficar fora do p\u00f3dio no GP dos Pa\u00edses Baixos. Piloto expressou frustra\u00e7\u00e3o com ordem de equipe desrespeitada por Charles Leclerc em Zandvoort<\/p>\n","protected":false},"author":16,"featured_media":1020312798,"comment_status":"closed","ping_status":"closed","sticky":false,"template":"","format":"standard","meta":{"42wp_featured_image_caption":"Lewis Hamilton e Charles Leclerc batalharam em Zandvoort","42wp_featured_image_credits":"Reprodu\u00e7\u00e3o\/F1","42wp_featured_video":"","42wp_featured_image_hidden":false,"42wp_authors_list":[{"id":47119,"location":""}],"footnotes":""},"categories":[2],"tags":[209,207,87],"42wp_author":[47119],"class_list":["post-163094","post","type-post","status-publish","format-standard","has-post-thumbnail","hentry","category-f1","tag-charles-leclerc","tag-ferrari","tag-lewis-hamilton","42wp_author-gabriel-carvalho"],"_links":{"self":[{"href":"https:\/\/grandepremio.com\/br\/wp-json\/wp\/v2\/posts\/163094","targetHints":{"allow":["GET"]}}],"collection":[{"href":"https:\/\/grandepremio.com\/br\/wp-json\/wp\/v2\/posts"}],"about":[{"href":"https:\/\/grandepremio.com\/br\/wp-json\/wp\/v2\/types\/post"}],"author":[{"embeddable":true,"href":"https:\/\/grandepremio.com\/br\/wp-json\/wp\/v2\/users\/16"}],"replies":[{"embeddable":true,"href":"https:\/\/grandepremio.com\/br\/wp-json\/wp\/v2\/comments?post=163094"}],"version-history":[{"count":2,"href":"https:\/\/grandepremio.com\/br\/wp-json\/wp\/v2\/posts\/163094\/revisions"}],"predecessor-version":[{"id":163114,"href":"https:\/\/grandepremio.com\/br\/wp-json\/wp\/v2\/posts\/163094\/revisions\/163114"}],"wp:featuredmedia":[{"embeddable":true,"href":"https:\/\/grandepremio.com\/br\/wp-json\/wp\/v2\/media\/1020312798"}],"wp:attachment":[{"href":"https:\/\/grandepremio.com\/br\/wp-json\/wp\/v2\/media?parent=163094"}],"wp:term":[{"taxonomy":"category","embeddable":true,"href":"https:\/\/grandepremio.com\/br\/wp-json\/wp\/v2\/categories?post=163094"},{"taxonomy":"post_tag","embeddable":true,"href":"https:\/\/grandepremio.com\/br\/wp-json\/wp\/v2\/tags?post=163094"},{"taxonomy":"42wp_author","embeddable":true,"href":"https:\/\/grandepremio.com\/br\/wp-json\/wp\/v2\/42wp_author?post=163094"}],"curies":[{"name":"wp","href":"https:\/\/api.w.org\/{rel}","templated":true}]}}