{"id":163122,"date":"2026-08-24T18:50:00","date_gmt":"2026-08-24T21:50:00","guid":{"rendered":"https:\/\/grandepremio.com\/br\/?p=163122"},"modified":"2026-08-25T06:06:57","modified_gmt":"2026-08-25T09:06:57","slug":"paddock-gp-lando-norris-blefa-pedir-foco-maxim-mclaren-para-alcancar-andrea-kimi-antonelli","status":"publish","type":"post","link":"https:\/\/grandepremio.com\/br\/f1\/paddock-gp-lando-norris-blefa-pedir-foco-maxim-mclaren-para-alcancar-andrea-kimi-antonelli\/","title":{"rendered":"Paddock GP: Norris blefa ou tem de pedir foco m\u00e1ximo \u00e0 McLaren para alcan\u00e7ar Antonelli"},"content":{"rendered":"\n<figure class=\"wp-block-embed is-type-video is-provider-youtube wp-block-embed-youtube wp-embed-aspect-16-9 wp-has-aspect-ratio\"><div class=\"wp-block-embed__wrapper\">\n<iframe loading=\"lazy\" title=\"NORRIS BLEFA OU TEM DE PEDIR FOCO M\u00c1XIMO \u00c0 McLAREN PARA ALCAN\u00c7AR ANTONELLI | Paddock GP\" width=\"500\" height=\"281\" src=\"https:\/\/www.youtube.com\/embed\/bwobGi-Qt4E?feature=oembed\" frameborder=\"0\" allow=\"accelerometer; autoplay; clipboard-write; encrypted-media; gyroscope; picture-in-picture; web-share\" referrerpolicy=\"strict-origin-when-cross-origin\" allowfullscreen><\/iframe>\n<\/div><\/figure>\n\n\n\n<p class=\"wp-block-paragraph\">O Paddock GP desta segunda-feira (24) analisa tudo o que aconteceu no GP dos Pa\u00edses Baixos, que viu Lando Norris no topo do p\u00f3dio. Nossos especialistas abordam a postura da Mercedes com a troca de posi\u00e7\u00e3o de George Russell e Kimi Antonelli, o desconforto interno que a etapa causou nos pilotos da Ferrari e o que a batida de Max Verstappen significa para a temporada do neerland\u00eas, que acaba de renovar contrato com a Red Bull.<\/p>\n\n\n\n<p class=\"wp-block-paragraph\">Victor Martins apresenta, com coment\u00e1rios de Evelyn Guimar\u00e3es e Gabriel Carvalho. A produ\u00e7\u00e3o \u00e9 de Carol Vergilio e Daniel Balsa.<\/p>\n","protected":false},"excerpt":{"rendered":"<p>Lando Norris venceu duas corridas consecutivas. H\u00e1 g\u00e1s para buscar o bicampeonato? Foi o tema do Paddock GP #469, desta semana<\/p>\n","protected":false},"author":16,"featured_media":1020312801,"comment_status":"closed","ping_status":"closed","sticky":false,"template":"","format":"standard","meta":{"42wp_featured_image_caption":"Lando Norris","42wp_featured_image_credits":"Reprodu\u00e7\u00e3o\/F1","42wp_featured_video":"","42wp_featured_image_hidden":false,"42wp_authors_list":[{"id":47119,"location":""}],"footnotes":""},"categories":[2],"tags":[],"42wp_author":[47119],"class_list":["post-163122","post","type-post","status-publish","format-standard","has-post-thumbnail","hentry","category-f1","42wp_author-gabriel-carvalho"],"_links":{"self":[{"href":"https:\/\/grandepremio.com\/br\/wp-json\/wp\/v2\/posts\/163122","targetHints":{"allow":["GET"]}}],"collection":[{"href":"https:\/\/grandepremio.com\/br\/wp-json\/wp\/v2\/posts"}],"about":[{"href":"https:\/\/grandepremio.com\/br\/wp-json\/wp\/v2\/types\/post"}],"author":[{"embeddable":true,"href":"https:\/\/grandepremio.com\/br\/wp-json\/wp\/v2\/users\/16"}],"replies":[{"embeddable":true,"href":"https:\/\/grandepremio.com\/br\/wp-json\/wp\/v2\/comments?post=163122"}],"version-history":[{"count":3,"href":"https:\/\/grandepremio.com\/br\/wp-json\/wp\/v2\/posts\/163122\/revisions"}],"predecessor-version":[{"id":163153,"href":"https:\/\/grandepremio.com\/br\/wp-json\/wp\/v2\/posts\/163122\/revisions\/163153"}],"wp:featuredmedia":[{"embeddable":true,"href":"https:\/\/grandepremio.com\/br\/wp-json\/wp\/v2\/media\/1020312801"}],"wp:attachment":[{"href":"https:\/\/grandepremio.com\/br\/wp-json\/wp\/v2\/media?parent=163122"}],"wp:term":[{"taxonomy":"category","embeddable":true,"href":"https:\/\/grandepremio.com\/br\/wp-json\/wp\/v2\/categories?post=163122"},{"taxonomy":"post_tag","embeddable":true,"href":"https:\/\/grandepremio.com\/br\/wp-json\/wp\/v2\/tags?post=163122"},{"taxonomy":"42wp_author","embeddable":true,"href":"https:\/\/grandepremio.com\/br\/wp-json\/wp\/v2\/42wp_author?post=163122"}],"curies":[{"name":"wp","href":"https:\/\/api.w.org\/{rel}","templated":true}]}}